{"id":7274,"date":"2025-10-29T13:23:26","date_gmt":"2025-10-29T16:23:26","guid":{"rendered":"https:\/\/oroverde.gob.ar\/portal\/?p=7274"},"modified":"2025-10-29T13:23:26","modified_gmt":"2025-10-29T16:23:26","slug":"el-ministro-de-salud-daniel-blanzaco-visito-el-centro-de-salud-luis-a-gianotti","status":"publish","type":"post","link":"https:\/\/oroverde.gob.ar\/portal\/el-ministro-de-salud-daniel-blanzaco-visito-el-centro-de-salud-luis-a-gianotti\/","title":{"rendered":"El ministro de Salud Daniel Blanzaco visit\u00f3 el Centro de Salud Luis A. Gianotti"},"content":{"rendered":"<p>El ministro de Salud de la provincia Daniel Blanzaco, acompa\u00f1ado por Santiago Romero director de Recursos Materiales Hospitalarios y Centros de Atenci\u00f3n Primaria, y Gladys Arosio directora general del Primer Nivel de Atenci\u00f3n visitaron el Centro de Salud \u00abLuis A. Gianotti\u00bb. All\u00ed fueron recibidos por su directora Viviana Solier y el intendente C\u00e9sar Clement.<\/p>\n<p>Durante la visita por las instalaciones el ministro pudo interiorizarse sobre las acciones sanitarias que llevan adelante en este centro de salud y los servicios con los que cuenta. Solier por su parte destac\u00f3 la importante colaboraci\u00f3n del Municipio para llevar adelante las tareas diarias en el Centro de Salud.<\/p>\n<p>Por su parte C\u00e9sar Clement expres\u00f3 \u201cesta visita tuvo el objetivo de conocer el Centro de Salud y su funcionamiento. Pudimos hablar tambi\u00e9n del aporte del Municipio en materia de personal, y el servicio de Ambulancia. Por ambos aspectos vamos a avanzar en la firma de un convenio que nos permitir\u00e1 darle un mejor marco legal a esta colaboraci\u00f3n\u00bb.<\/p>\n<p>\u00abAdem\u00e1s le planteamos al ministro las necesidades en materia de salud que tienen los vecinos de Oro Verde, con un aumento considerable de la poblaci\u00f3n en los \u00faltimos a\u00f1os que necesitamos atender\u00bb, se\u00f1al\u00f3 el intendente.<\/p>\n","protected":false},"excerpt":{"rendered":"<p>El ministro de Salud de la provincia Daniel Blanzaco, acompa\u00f1ado por Santiago Romero director de Recursos Materiales Hospitalarios y Centros de Atenci\u00f3n Primaria, y Gladys Arosio directora general del Primer Nivel de Atenci\u00f3n visitaron el Centro de Salud \u00abLuis A. Gianotti\u00bb. All\u00ed fueron &hellip;<\/p>\n","protected":false},"author":3,"featured_media":7275,"comment_status":"closed","ping_status":"closed","sticky":false,"template":"","format":"standard","meta":{"footnotes":""},"categories":[25],"tags":[],"class_list":["post-7274","post","type-post","status-publish","format-standard","has-post-thumbnail","hentry","category-gobierno"],"yoast_head":"<!-- This site is optimized with the Yoast SEO plugin v27.5 - https:\/\/yoast.com\/product\/yoast-seo-wordpress\/ -->\n<title>El ministro de Salud Daniel Blanzaco visit\u00f3 el Centro de Salud Luis A. Gianotti - Municipio de Oro Verde<\/title>\n<meta name=\"robots\" content=\"index, follow, max-snippet:-1, max-image-preview:large, max-video-preview:-1\" \/>\n<link rel=\"canonical\" href=\"https:\/\/oroverde.gob.ar\/portal\/el-ministro-de-salud-daniel-blanzaco-visito-el-centro-de-salud-luis-a-gianotti\/\" \/>\n<meta property=\"og:locale\" content=\"es_ES\" \/>\n<meta property=\"og:type\" content=\"article\" \/>\n<meta property=\"og:title\" content=\"El ministro de Salud Daniel Blanzaco visit\u00f3 el Centro de Salud Luis A. Gianotti - Municipio de Oro Verde\" \/>\n<meta property=\"og:description\" content=\"El ministro de Salud de la provincia Daniel Blanzaco, acompa\u00f1ado por Santiago Romero director de Recursos Materiales Hospitalarios y Centros de Atenci\u00f3n Primaria, y Gladys Arosio directora general del Primer Nivel de Atenci\u00f3n visitaron el Centro de Salud \u00abLuis A. Gianotti\u00bb. All\u00ed fueron &hellip;\" \/>\n<meta property=\"og:url\" content=\"https:\/\/oroverde.gob.ar\/portal\/el-ministro-de-salud-daniel-blanzaco-visito-el-centro-de-salud-luis-a-gianotti\/\" \/>\n<meta property=\"og:site_name\" content=\"Municipio de Oro Verde\" \/>\n<meta property=\"article:published_time\" content=\"2025-10-29T16:23:26+00:00\" \/>\n<meta property=\"og:image\" content=\"https:\/\/oroverde.gob.ar\/portal\/wp-content\/uploads\/2025\/10\/CIC-1-scaled.jpg\" \/>\n\t<meta property=\"og:image:width\" content=\"2560\" \/>\n\t<meta property=\"og:image:height\" content=\"1708\" \/>\n\t<meta property=\"og:image:type\" content=\"image\/jpeg\" \/>\n<meta name=\"author\" content=\"Soledad\" \/>\n<meta name=\"twitter:card\" content=\"summary_large_image\" \/>\n<meta name=\"twitter:label1\" content=\"Escrito por\" \/>\n\t<meta name=\"twitter:data1\" content=\"Soledad\" \/>\n\t<meta name=\"twitter:label2\" content=\"Tiempo de lectura\" \/>\n\t<meta name=\"twitter:data2\" content=\"2 minutos\" \/>\n<script type=\"application\/ld+json\" class=\"yoast-schema-graph\">{\"@context\":\"https:\\\/\\\/schema.org\",\"@graph\":[{\"@type\":\"Article\",\"@id\":\"https:\\\/\\\/oroverde.gob.ar\\\/portal\\\/el-ministro-de-salud-daniel-blanzaco-visito-el-centro-de-salud-luis-a-gianotti\\\/#article\",\"isPartOf\":{\"@id\":\"https:\\\/\\\/oroverde.gob.ar\\\/portal\\\/el-ministro-de-salud-daniel-blanzaco-visito-el-centro-de-salud-luis-a-gianotti\\\/\"},\"author\":{\"name\":\"Soledad\",\"@id\":\"https:\\\/\\\/oroverde.gob.ar\\\/portal\\\/#\\\/schema\\\/person\\\/b975e0cbcd43b7dcf9c64511ec84f10f\"},\"headline\":\"El ministro de Salud Daniel Blanzaco visit\u00f3 el Centro de Salud Luis A. Gianotti\",\"datePublished\":\"2025-10-29T16:23:26+00:00\",\"mainEntityOfPage\":{\"@id\":\"https:\\\/\\\/oroverde.gob.ar\\\/portal\\\/el-ministro-de-salud-daniel-blanzaco-visito-el-centro-de-salud-luis-a-gianotti\\\/\"},\"wordCount\":224,\"publisher\":{\"@id\":\"https:\\\/\\\/oroverde.gob.ar\\\/portal\\\/#organization\"},\"image\":{\"@id\":\"https:\\\/\\\/oroverde.gob.ar\\\/portal\\\/el-ministro-de-salud-daniel-blanzaco-visito-el-centro-de-salud-luis-a-gianotti\\\/#primaryimage\"},\"thumbnailUrl\":\"https:\\\/\\\/oroverde.gob.ar\\\/portal\\\/wp-content\\\/uploads\\\/2025\\\/10\\\/CIC-1-scaled.jpg\",\"articleSection\":[\"Gobierno\"],\"inLanguage\":\"es\"},{\"@type\":\"WebPage\",\"@id\":\"https:\\\/\\\/oroverde.gob.ar\\\/portal\\\/el-ministro-de-salud-daniel-blanzaco-visito-el-centro-de-salud-luis-a-gianotti\\\/\",\"url\":\"https:\\\/\\\/oroverde.gob.ar\\\/portal\\\/el-ministro-de-salud-daniel-blanzaco-visito-el-centro-de-salud-luis-a-gianotti\\\/\",\"name\":\"El ministro de Salud Daniel Blanzaco visit\u00f3 el Centro de Salud Luis A. Gianotti - Municipio de Oro Verde\",\"isPartOf\":{\"@id\":\"https:\\\/\\\/oroverde.gob.ar\\\/portal\\\/#website\"},\"primaryImageOfPage\":{\"@id\":\"https:\\\/\\\/oroverde.gob.ar\\\/portal\\\/el-ministro-de-salud-daniel-blanzaco-visito-el-centro-de-salud-luis-a-gianotti\\\/#primaryimage\"},\"image\":{\"@id\":\"https:\\\/\\\/oroverde.gob.ar\\\/portal\\\/el-ministro-de-salud-daniel-blanzaco-visito-el-centro-de-salud-luis-a-gianotti\\\/#primaryimage\"},\"thumbnailUrl\":\"https:\\\/\\\/oroverde.gob.ar\\\/portal\\\/wp-content\\\/uploads\\\/2025\\\/10\\\/CIC-1-scaled.jpg\",\"datePublished\":\"2025-10-29T16:23:26+00:00\",\"breadcrumb\":{\"@id\":\"https:\\\/\\\/oroverde.gob.ar\\\/portal\\\/el-ministro-de-salud-daniel-blanzaco-visito-el-centro-de-salud-luis-a-gianotti\\\/#breadcrumb\"},\"inLanguage\":\"es\",\"potentialAction\":[{\"@type\":\"ReadAction\",\"target\":[\"https:\\\/\\\/oroverde.gob.ar\\\/portal\\\/el-ministro-de-salud-daniel-blanzaco-visito-el-centro-de-salud-luis-a-gianotti\\\/\"]}]},{\"@type\":\"ImageObject\",\"inLanguage\":\"es\",\"@id\":\"https:\\\/\\\/oroverde.gob.ar\\\/portal\\\/el-ministro-de-salud-daniel-blanzaco-visito-el-centro-de-salud-luis-a-gianotti\\\/#primaryimage\",\"url\":\"https:\\\/\\\/oroverde.gob.ar\\\/portal\\\/wp-content\\\/uploads\\\/2025\\\/10\\\/CIC-1-scaled.jpg\",\"contentUrl\":\"https:\\\/\\\/oroverde.gob.ar\\\/portal\\\/wp-content\\\/uploads\\\/2025\\\/10\\\/CIC-1-scaled.jpg\",\"width\":2560,\"height\":1708},{\"@type\":\"BreadcrumbList\",\"@id\":\"https:\\\/\\\/oroverde.gob.ar\\\/portal\\\/el-ministro-de-salud-daniel-blanzaco-visito-el-centro-de-salud-luis-a-gianotti\\\/#breadcrumb\",\"itemListElement\":[{\"@type\":\"ListItem\",\"position\":1,\"name\":\"Portada\",\"item\":\"https:\\\/\\\/oroverde.gob.ar\\\/portal\\\/\"},{\"@type\":\"ListItem\",\"position\":2,\"name\":\"El ministro de Salud Daniel Blanzaco visit\u00f3 el Centro de Salud Luis A. Gianotti\"}]},{\"@type\":\"WebSite\",\"@id\":\"https:\\\/\\\/oroverde.gob.ar\\\/portal\\\/#website\",\"url\":\"https:\\\/\\\/oroverde.gob.ar\\\/portal\\\/\",\"name\":\"Municipio de Oro Verde\",\"description\":\"Web Oficial\",\"publisher\":{\"@id\":\"https:\\\/\\\/oroverde.gob.ar\\\/portal\\\/#organization\"},\"potentialAction\":[{\"@type\":\"SearchAction\",\"target\":{\"@type\":\"EntryPoint\",\"urlTemplate\":\"https:\\\/\\\/oroverde.gob.ar\\\/portal\\\/?s={search_term_string}\"},\"query-input\":{\"@type\":\"PropertyValueSpecification\",\"valueRequired\":true,\"valueName\":\"search_term_string\"}}],\"inLanguage\":\"es\"},{\"@type\":\"Organization\",\"@id\":\"https:\\\/\\\/oroverde.gob.ar\\\/portal\\\/#organization\",\"name\":\"Municipio de Oro Verde\",\"url\":\"https:\\\/\\\/oroverde.gob.ar\\\/portal\\\/\",\"logo\":{\"@type\":\"ImageObject\",\"inLanguage\":\"es\",\"@id\":\"https:\\\/\\\/oroverde.gob.ar\\\/portal\\\/#\\\/schema\\\/logo\\\/image\\\/\",\"url\":\"https:\\\/\\\/oroverde.gob.ar\\\/portal\\\/wp-content\\\/uploads\\\/2024\\\/06\\\/cropped-cropped-logo-1.png\",\"contentUrl\":\"https:\\\/\\\/oroverde.gob.ar\\\/portal\\\/wp-content\\\/uploads\\\/2024\\\/06\\\/cropped-cropped-logo-1.png\",\"width\":1776,\"height\":738,\"caption\":\"Municipio de Oro Verde\"},\"image\":{\"@id\":\"https:\\\/\\\/oroverde.gob.ar\\\/portal\\\/#\\\/schema\\\/logo\\\/image\\\/\"}},{\"@type\":\"Person\",\"@id\":\"https:\\\/\\\/oroverde.gob.ar\\\/portal\\\/#\\\/schema\\\/person\\\/b975e0cbcd43b7dcf9c64511ec84f10f\",\"name\":\"Soledad\",\"image\":{\"@type\":\"ImageObject\",\"inLanguage\":\"es\",\"@id\":\"https:\\\/\\\/secure.gravatar.com\\\/avatar\\\/b2f5b6cda565395f31dc94c95932b9b3fbe6275bad58a1579843d3d1607d4a66?s=96&d=mm&r=g\",\"url\":\"https:\\\/\\\/secure.gravatar.com\\\/avatar\\\/b2f5b6cda565395f31dc94c95932b9b3fbe6275bad58a1579843d3d1607d4a66?s=96&d=mm&r=g\",\"contentUrl\":\"https:\\\/\\\/secure.gravatar.com\\\/avatar\\\/b2f5b6cda565395f31dc94c95932b9b3fbe6275bad58a1579843d3d1607d4a66?s=96&d=mm&r=g\",\"caption\":\"Soledad\"},\"url\":\"https:\\\/\\\/oroverde.gob.ar\\\/portal\\\/author\\\/soledad\\\/\"}]}<\/script>\n<!-- \/ Yoast SEO plugin. -->","yoast_head_json":{"title":"El ministro de Salud Daniel Blanzaco visit\u00f3 el Centro de Salud Luis A. Gianotti - Municipio de Oro Verde","robots":{"index":"index","follow":"follow","max-snippet":"max-snippet:-1","max-image-preview":"max-image-preview:large","max-video-preview":"max-video-preview:-1"},"canonical":"https:\/\/oroverde.gob.ar\/portal\/el-ministro-de-salud-daniel-blanzaco-visito-el-centro-de-salud-luis-a-gianotti\/","og_locale":"es_ES","og_type":"article","og_title":"El ministro de Salud Daniel Blanzaco visit\u00f3 el Centro de Salud Luis A. Gianotti - Municipio de Oro Verde","og_description":"El ministro de Salud de la provincia Daniel Blanzaco, acompa\u00f1ado por Santiago Romero director de Recursos Materiales Hospitalarios y Centros de Atenci\u00f3n Primaria, y Gladys Arosio directora general del Primer Nivel de Atenci\u00f3n visitaron el Centro de Salud \u00abLuis A. Gianotti\u00bb. All\u00ed fueron &hellip;","og_url":"https:\/\/oroverde.gob.ar\/portal\/el-ministro-de-salud-daniel-blanzaco-visito-el-centro-de-salud-luis-a-gianotti\/","og_site_name":"Municipio de Oro Verde","article_published_time":"2025-10-29T16:23:26+00:00","og_image":[{"width":2560,"height":1708,"url":"https:\/\/oroverde.gob.ar\/portal\/wp-content\/uploads\/2025\/10\/CIC-1-scaled.jpg","type":"image\/jpeg"}],"author":"Soledad","twitter_card":"summary_large_image","twitter_misc":{"Escrito por":"Soledad","Tiempo de lectura":"2 minutos"},"schema":{"@context":"https:\/\/schema.org","@graph":[{"@type":"Article","@id":"https:\/\/oroverde.gob.ar\/portal\/el-ministro-de-salud-daniel-blanzaco-visito-el-centro-de-salud-luis-a-gianotti\/#article","isPartOf":{"@id":"https:\/\/oroverde.gob.ar\/portal\/el-ministro-de-salud-daniel-blanzaco-visito-el-centro-de-salud-luis-a-gianotti\/"},"author":{"name":"Soledad","@id":"https:\/\/oroverde.gob.ar\/portal\/#\/schema\/person\/b975e0cbcd43b7dcf9c64511ec84f10f"},"headline":"El ministro de Salud Daniel Blanzaco visit\u00f3 el Centro de Salud Luis A. Gianotti","datePublished":"2025-10-29T16:23:26+00:00","mainEntityOfPage":{"@id":"https:\/\/oroverde.gob.ar\/portal\/el-ministro-de-salud-daniel-blanzaco-visito-el-centro-de-salud-luis-a-gianotti\/"},"wordCount":224,"publisher":{"@id":"https:\/\/oroverde.gob.ar\/portal\/#organization"},"image":{"@id":"https:\/\/oroverde.gob.ar\/portal\/el-ministro-de-salud-daniel-blanzaco-visito-el-centro-de-salud-luis-a-gianotti\/#primaryimage"},"thumbnailUrl":"https:\/\/oroverde.gob.ar\/portal\/wp-content\/uploads\/2025\/10\/CIC-1-scaled.jpg","articleSection":["Gobierno"],"inLanguage":"es"},{"@type":"WebPage","@id":"https:\/\/oroverde.gob.ar\/portal\/el-ministro-de-salud-daniel-blanzaco-visito-el-centro-de-salud-luis-a-gianotti\/","url":"https:\/\/oroverde.gob.ar\/portal\/el-ministro-de-salud-daniel-blanzaco-visito-el-centro-de-salud-luis-a-gianotti\/","name":"El ministro de Salud Daniel Blanzaco visit\u00f3 el Centro de Salud Luis A. Gianotti - Municipio de Oro Verde","isPartOf":{"@id":"https:\/\/oroverde.gob.ar\/portal\/#website"},"primaryImageOfPage":{"@id":"https:\/\/oroverde.gob.ar\/portal\/el-ministro-de-salud-daniel-blanzaco-visito-el-centro-de-salud-luis-a-gianotti\/#primaryimage"},"image":{"@id":"https:\/\/oroverde.gob.ar\/portal\/el-ministro-de-salud-daniel-blanzaco-visito-el-centro-de-salud-luis-a-gianotti\/#primaryimage"},"thumbnailUrl":"https:\/\/oroverde.gob.ar\/portal\/wp-content\/uploads\/2025\/10\/CIC-1-scaled.jpg","datePublished":"2025-10-29T16:23:26+00:00","breadcrumb":{"@id":"https:\/\/oroverde.gob.ar\/portal\/el-ministro-de-salud-daniel-blanzaco-visito-el-centro-de-salud-luis-a-gianotti\/#breadcrumb"},"inLanguage":"es","potentialAction":[{"@type":"ReadAction","target":["https:\/\/oroverde.gob.ar\/portal\/el-ministro-de-salud-daniel-blanzaco-visito-el-centro-de-salud-luis-a-gianotti\/"]}]},{"@type":"ImageObject","inLanguage":"es","@id":"https:\/\/oroverde.gob.ar\/portal\/el-ministro-de-salud-daniel-blanzaco-visito-el-centro-de-salud-luis-a-gianotti\/#primaryimage","url":"https:\/\/oroverde.gob.ar\/portal\/wp-content\/uploads\/2025\/10\/CIC-1-scaled.jpg","contentUrl":"https:\/\/oroverde.gob.ar\/portal\/wp-content\/uploads\/2025\/10\/CIC-1-scaled.jpg","width":2560,"height":1708},{"@type":"BreadcrumbList","@id":"https:\/\/oroverde.gob.ar\/portal\/el-ministro-de-salud-daniel-blanzaco-visito-el-centro-de-salud-luis-a-gianotti\/#breadcrumb","itemListElement":[{"@type":"ListItem","position":1,"name":"Portada","item":"https:\/\/oroverde.gob.ar\/portal\/"},{"@type":"ListItem","position":2,"name":"El ministro de Salud Daniel Blanzaco visit\u00f3 el Centro de Salud Luis A. Gianotti"}]},{"@type":"WebSite","@id":"https:\/\/oroverde.gob.ar\/portal\/#website","url":"https:\/\/oroverde.gob.ar\/portal\/","name":"Municipio de Oro Verde","description":"Web Oficial","publisher":{"@id":"https:\/\/oroverde.gob.ar\/portal\/#organization"},"potentialAction":[{"@type":"SearchAction","target":{"@type":"EntryPoint","urlTemplate":"https:\/\/oroverde.gob.ar\/portal\/?s={search_term_string}"},"query-input":{"@type":"PropertyValueSpecification","valueRequired":true,"valueName":"search_term_string"}}],"inLanguage":"es"},{"@type":"Organization","@id":"https:\/\/oroverde.gob.ar\/portal\/#organization","name":"Municipio de Oro Verde","url":"https:\/\/oroverde.gob.ar\/portal\/","logo":{"@type":"ImageObject","inLanguage":"es","@id":"https:\/\/oroverde.gob.ar\/portal\/#\/schema\/logo\/image\/","url":"https:\/\/oroverde.gob.ar\/portal\/wp-content\/uploads\/2024\/06\/cropped-cropped-logo-1.png","contentUrl":"https:\/\/oroverde.gob.ar\/portal\/wp-content\/uploads\/2024\/06\/cropped-cropped-logo-1.png","width":1776,"height":738,"caption":"Municipio de Oro Verde"},"image":{"@id":"https:\/\/oroverde.gob.ar\/portal\/#\/schema\/logo\/image\/"}},{"@type":"Person","@id":"https:\/\/oroverde.gob.ar\/portal\/#\/schema\/person\/b975e0cbcd43b7dcf9c64511ec84f10f","name":"Soledad","image":{"@type":"ImageObject","inLanguage":"es","@id":"https:\/\/secure.gravatar.com\/avatar\/b2f5b6cda565395f31dc94c95932b9b3fbe6275bad58a1579843d3d1607d4a66?s=96&d=mm&r=g","url":"https:\/\/secure.gravatar.com\/avatar\/b2f5b6cda565395f31dc94c95932b9b3fbe6275bad58a1579843d3d1607d4a66?s=96&d=mm&r=g","contentUrl":"https:\/\/secure.gravatar.com\/avatar\/b2f5b6cda565395f31dc94c95932b9b3fbe6275bad58a1579843d3d1607d4a66?s=96&d=mm&r=g","caption":"Soledad"},"url":"https:\/\/oroverde.gob.ar\/portal\/author\/soledad\/"}]}},"_links":{"self":[{"href":"https:\/\/oroverde.gob.ar\/portal\/wp-json\/wp\/v2\/posts\/7274","targetHints":{"allow":["GET"]}}],"collection":[{"href":"https:\/\/oroverde.gob.ar\/portal\/wp-json\/wp\/v2\/posts"}],"about":[{"href":"https:\/\/oroverde.gob.ar\/portal\/wp-json\/wp\/v2\/types\/post"}],"author":[{"embeddable":true,"href":"https:\/\/oroverde.gob.ar\/portal\/wp-json\/wp\/v2\/users\/3"}],"replies":[{"embeddable":true,"href":"https:\/\/oroverde.gob.ar\/portal\/wp-json\/wp\/v2\/comments?post=7274"}],"version-history":[{"count":1,"href":"https:\/\/oroverde.gob.ar\/portal\/wp-json\/wp\/v2\/posts\/7274\/revisions"}],"predecessor-version":[{"id":7276,"href":"https:\/\/oroverde.gob.ar\/portal\/wp-json\/wp\/v2\/posts\/7274\/revisions\/7276"}],"wp:featuredmedia":[{"embeddable":true,"href":"https:\/\/oroverde.gob.ar\/portal\/wp-json\/wp\/v2\/media\/7275"}],"wp:attachment":[{"href":"https:\/\/oroverde.gob.ar\/portal\/wp-json\/wp\/v2\/media?parent=7274"}],"wp:term":[{"taxonomy":"category","embeddable":true,"href":"https:\/\/oroverde.gob.ar\/portal\/wp-json\/wp\/v2\/categories?post=7274"},{"taxonomy":"post_tag","embeddable":true,"href":"https:\/\/oroverde.gob.ar\/portal\/wp-json\/wp\/v2\/tags?post=7274"}],"curies":[{"name":"wp","href":"https:\/\/api.w.org\/{rel}","templated":true}]}}