{"id":7314,"date":"2025-11-05T12:42:48","date_gmt":"2025-11-05T15:42:48","guid":{"rendered":"https:\/\/oroverde.gob.ar\/portal\/?p=7314"},"modified":"2025-11-05T12:44:17","modified_gmt":"2025-11-05T15:44:17","slug":"asumieron-este-martes-los-concejales-estudiantiles-de-oro-verde","status":"publish","type":"post","link":"https:\/\/oroverde.gob.ar\/portal\/asumieron-este-martes-los-concejales-estudiantiles-de-oro-verde\/","title":{"rendered":"Asumieron este martes los concejales estudiantiles de Oro Verde"},"content":{"rendered":"<p>Se realiz\u00f3 este martes la jura de los estudiantes de la escuela \u201cJuan Bautista Alberdi\u201d que fueron electos luego de presentar sus proyectos en las jornadas \u201cEstudiantes Deliberando\u201d. Fue en el Sal\u00f3n Auditorio Municipal y cont\u00f3 con la presencia del intendente C\u00e9sar Clement, la presidenta del Honorable Concejo Deliberante Mercedes Schvidnt, los concejales Rosana Cappellacci, Oscar Ocampo, Ernesto Roth, Horacio Urein, Ver\u00f3nica Mi\u00f1o, Oscar Almir\u00f3n, el secretario de Gobierno Milton Dum\u00e9, docente de la escuela mencionada, familiares de los estudiantes y p\u00fablico en general.<\/p>\n<p>Durante el acto el intendente C\u00e9sar Clement y la presidenta del Honorable Concejo Deliberante Mercedes Schvindt, ofrecieron unas palabras donde destacaron este programa dependiente del HCD que trabaja en articulaci\u00f3n con las escuelas secundarias de la localidad. La finalidad es contribuir a la formaci\u00f3n de estudiantes a trav\u00e9s del ejercicio c\u00edvico de identificaci\u00f3n de problem\u00e1ticas, elaboraci\u00f3n de proyectos, deliberaci\u00f3n y promulgaci\u00f3n de normas que oficien como soluciones a esas problem\u00e1ticas.<\/p>\n<p>Del trabajo realizado durante las jornadas \u201cEstudiantes Deliberando\u201d, realizadas en diferentes establecimientos educativos de la localidad, los alumnos de la escuela Juan Bautista Alberdi presentaron \u201cLos derechos que se van con la basura\u201d. All\u00ed, identifican como problem\u00e1tica la falta de conciencia tanto del estudiantado como en los visitantes del predio de la escuela respecto a la separaci\u00f3n de residuos y del cuidado del patrimonio hist\u00f3rico, cultural y natural de la misma.<\/p>\n<p>Realizaron la jura y asumieron sus concejal\u00edas estudiantiles Ivo Nehu\u00e9n Marr\u00f3n, Emilia Hern\u00e1ndez, Mario Lara, Ayrton Iglesias, Juan Cur\u00e1 y Guillermina D\u2019Andrea. Como suplentes Adri\u00e1n Bustamante, Dami\u00e1n S\u00e1nchez, Agust\u00edn Sedano, Mat\u00edas Miranda, David G\u00f3mez y Ver\u00f3nica Aguado. Como secretarios: Guillermina Margheim y Axel Bustos.<\/p>\n<p>Estuvieron ofreciendo unas palabras y tambi\u00e9n su experiencia como concejales de otras ediciones de esta iniciativa, Thiago Strack y Juan Bel. Adem\u00e1s, hubo una urna donde los asistentes pod\u00edan depositar sugerencias para el pr\u00f3ximo a\u00f1o.<\/p>\n","protected":false},"excerpt":{"rendered":"<p>Se realiz\u00f3 este martes la jura de los estudiantes de la escuela \u201cJuan Bautista Alberdi\u201d que fueron electos luego de presentar sus proyectos en las jornadas \u201cEstudiantes Deliberando\u201d. Fue en el Sal\u00f3n Auditorio Municipal y cont\u00f3 con la presencia del intendente C\u00e9sar Clement, &hellip;<\/p>\n","protected":false},"author":3,"featured_media":7315,"comment_status":"closed","ping_status":"closed","sticky":false,"template":"","format":"standard","meta":{"footnotes":""},"categories":[24],"tags":[],"class_list":["post-7314","post","type-post","status-publish","format-standard","has-post-thumbnail","hentry","category-concejo-deliberante"],"yoast_head":"<!-- This site is optimized with the Yoast SEO plugin v27.5 - https:\/\/yoast.com\/product\/yoast-seo-wordpress\/ -->\n<title>Asumieron este martes los concejales estudiantiles de Oro Verde - Municipio de Oro Verde<\/title>\n<meta name=\"robots\" content=\"index, follow, max-snippet:-1, max-image-preview:large, max-video-preview:-1\" \/>\n<link rel=\"canonical\" href=\"https:\/\/oroverde.gob.ar\/portal\/asumieron-este-martes-los-concejales-estudiantiles-de-oro-verde\/\" \/>\n<meta property=\"og:locale\" content=\"es_ES\" \/>\n<meta property=\"og:type\" content=\"article\" \/>\n<meta property=\"og:title\" content=\"Asumieron este martes los concejales estudiantiles de Oro Verde - Municipio de Oro Verde\" \/>\n<meta property=\"og:description\" content=\"Se realiz\u00f3 este martes la jura de los estudiantes de la escuela \u201cJuan Bautista Alberdi\u201d que fueron electos luego de presentar sus proyectos en las jornadas \u201cEstudiantes Deliberando\u201d. Fue en el Sal\u00f3n Auditorio Municipal y cont\u00f3 con la presencia del intendente C\u00e9sar Clement, &hellip;\" \/>\n<meta property=\"og:url\" content=\"https:\/\/oroverde.gob.ar\/portal\/asumieron-este-martes-los-concejales-estudiantiles-de-oro-verde\/\" \/>\n<meta property=\"og:site_name\" content=\"Municipio de Oro Verde\" \/>\n<meta property=\"article:published_time\" content=\"2025-11-05T15:42:48+00:00\" \/>\n<meta property=\"article:modified_time\" content=\"2025-11-05T15:44:17+00:00\" \/>\n<meta property=\"og:image\" content=\"https:\/\/oroverde.gob.ar\/portal\/wp-content\/uploads\/2025\/11\/jura-2-scaled.jpg\" \/>\n\t<meta property=\"og:image:width\" content=\"2560\" \/>\n\t<meta property=\"og:image:height\" content=\"1302\" \/>\n\t<meta property=\"og:image:type\" content=\"image\/jpeg\" \/>\n<meta name=\"author\" content=\"Soledad\" \/>\n<meta name=\"twitter:card\" content=\"summary_large_image\" \/>\n<meta name=\"twitter:label1\" content=\"Escrito por\" \/>\n\t<meta name=\"twitter:data1\" content=\"Soledad\" \/>\n\t<meta name=\"twitter:label2\" content=\"Tiempo de lectura\" \/>\n\t<meta name=\"twitter:data2\" content=\"2 minutos\" \/>\n<script type=\"application\/ld+json\" class=\"yoast-schema-graph\">{\"@context\":\"https:\\\/\\\/schema.org\",\"@graph\":[{\"@type\":\"Article\",\"@id\":\"https:\\\/\\\/oroverde.gob.ar\\\/portal\\\/asumieron-este-martes-los-concejales-estudiantiles-de-oro-verde\\\/#article\",\"isPartOf\":{\"@id\":\"https:\\\/\\\/oroverde.gob.ar\\\/portal\\\/asumieron-este-martes-los-concejales-estudiantiles-de-oro-verde\\\/\"},\"author\":{\"name\":\"Soledad\",\"@id\":\"https:\\\/\\\/oroverde.gob.ar\\\/portal\\\/#\\\/schema\\\/person\\\/b975e0cbcd43b7dcf9c64511ec84f10f\"},\"headline\":\"Asumieron este martes los concejales estudiantiles de Oro Verde\",\"datePublished\":\"2025-11-05T15:42:48+00:00\",\"dateModified\":\"2025-11-05T15:44:17+00:00\",\"mainEntityOfPage\":{\"@id\":\"https:\\\/\\\/oroverde.gob.ar\\\/portal\\\/asumieron-este-martes-los-concejales-estudiantiles-de-oro-verde\\\/\"},\"wordCount\":350,\"publisher\":{\"@id\":\"https:\\\/\\\/oroverde.gob.ar\\\/portal\\\/#organization\"},\"image\":{\"@id\":\"https:\\\/\\\/oroverde.gob.ar\\\/portal\\\/asumieron-este-martes-los-concejales-estudiantiles-de-oro-verde\\\/#primaryimage\"},\"thumbnailUrl\":\"https:\\\/\\\/oroverde.gob.ar\\\/portal\\\/wp-content\\\/uploads\\\/2025\\\/11\\\/jura-2-scaled.jpg\",\"articleSection\":[\"Concejo Deliberante\"],\"inLanguage\":\"es\"},{\"@type\":\"WebPage\",\"@id\":\"https:\\\/\\\/oroverde.gob.ar\\\/portal\\\/asumieron-este-martes-los-concejales-estudiantiles-de-oro-verde\\\/\",\"url\":\"https:\\\/\\\/oroverde.gob.ar\\\/portal\\\/asumieron-este-martes-los-concejales-estudiantiles-de-oro-verde\\\/\",\"name\":\"Asumieron este martes los concejales estudiantiles de Oro Verde - Municipio de Oro Verde\",\"isPartOf\":{\"@id\":\"https:\\\/\\\/oroverde.gob.ar\\\/portal\\\/#website\"},\"primaryImageOfPage\":{\"@id\":\"https:\\\/\\\/oroverde.gob.ar\\\/portal\\\/asumieron-este-martes-los-concejales-estudiantiles-de-oro-verde\\\/#primaryimage\"},\"image\":{\"@id\":\"https:\\\/\\\/oroverde.gob.ar\\\/portal\\\/asumieron-este-martes-los-concejales-estudiantiles-de-oro-verde\\\/#primaryimage\"},\"thumbnailUrl\":\"https:\\\/\\\/oroverde.gob.ar\\\/portal\\\/wp-content\\\/uploads\\\/2025\\\/11\\\/jura-2-scaled.jpg\",\"datePublished\":\"2025-11-05T15:42:48+00:00\",\"dateModified\":\"2025-11-05T15:44:17+00:00\",\"breadcrumb\":{\"@id\":\"https:\\\/\\\/oroverde.gob.ar\\\/portal\\\/asumieron-este-martes-los-concejales-estudiantiles-de-oro-verde\\\/#breadcrumb\"},\"inLanguage\":\"es\",\"potentialAction\":[{\"@type\":\"ReadAction\",\"target\":[\"https:\\\/\\\/oroverde.gob.ar\\\/portal\\\/asumieron-este-martes-los-concejales-estudiantiles-de-oro-verde\\\/\"]}]},{\"@type\":\"ImageObject\",\"inLanguage\":\"es\",\"@id\":\"https:\\\/\\\/oroverde.gob.ar\\\/portal\\\/asumieron-este-martes-los-concejales-estudiantiles-de-oro-verde\\\/#primaryimage\",\"url\":\"https:\\\/\\\/oroverde.gob.ar\\\/portal\\\/wp-content\\\/uploads\\\/2025\\\/11\\\/jura-2-scaled.jpg\",\"contentUrl\":\"https:\\\/\\\/oroverde.gob.ar\\\/portal\\\/wp-content\\\/uploads\\\/2025\\\/11\\\/jura-2-scaled.jpg\",\"width\":2560,\"height\":1302},{\"@type\":\"BreadcrumbList\",\"@id\":\"https:\\\/\\\/oroverde.gob.ar\\\/portal\\\/asumieron-este-martes-los-concejales-estudiantiles-de-oro-verde\\\/#breadcrumb\",\"itemListElement\":[{\"@type\":\"ListItem\",\"position\":1,\"name\":\"Portada\",\"item\":\"https:\\\/\\\/oroverde.gob.ar\\\/portal\\\/\"},{\"@type\":\"ListItem\",\"position\":2,\"name\":\"Asumieron este martes los concejales estudiantiles de Oro Verde\"}]},{\"@type\":\"WebSite\",\"@id\":\"https:\\\/\\\/oroverde.gob.ar\\\/portal\\\/#website\",\"url\":\"https:\\\/\\\/oroverde.gob.ar\\\/portal\\\/\",\"name\":\"Municipio de Oro Verde\",\"description\":\"Web Oficial\",\"publisher\":{\"@id\":\"https:\\\/\\\/oroverde.gob.ar\\\/portal\\\/#organization\"},\"potentialAction\":[{\"@type\":\"SearchAction\",\"target\":{\"@type\":\"EntryPoint\",\"urlTemplate\":\"https:\\\/\\\/oroverde.gob.ar\\\/portal\\\/?s={search_term_string}\"},\"query-input\":{\"@type\":\"PropertyValueSpecification\",\"valueRequired\":true,\"valueName\":\"search_term_string\"}}],\"inLanguage\":\"es\"},{\"@type\":\"Organization\",\"@id\":\"https:\\\/\\\/oroverde.gob.ar\\\/portal\\\/#organization\",\"name\":\"Municipio de Oro Verde\",\"url\":\"https:\\\/\\\/oroverde.gob.ar\\\/portal\\\/\",\"logo\":{\"@type\":\"ImageObject\",\"inLanguage\":\"es\",\"@id\":\"https:\\\/\\\/oroverde.gob.ar\\\/portal\\\/#\\\/schema\\\/logo\\\/image\\\/\",\"url\":\"https:\\\/\\\/oroverde.gob.ar\\\/portal\\\/wp-content\\\/uploads\\\/2024\\\/06\\\/cropped-cropped-logo-1.png\",\"contentUrl\":\"https:\\\/\\\/oroverde.gob.ar\\\/portal\\\/wp-content\\\/uploads\\\/2024\\\/06\\\/cropped-cropped-logo-1.png\",\"width\":1776,\"height\":738,\"caption\":\"Municipio de Oro Verde\"},\"image\":{\"@id\":\"https:\\\/\\\/oroverde.gob.ar\\\/portal\\\/#\\\/schema\\\/logo\\\/image\\\/\"}},{\"@type\":\"Person\",\"@id\":\"https:\\\/\\\/oroverde.gob.ar\\\/portal\\\/#\\\/schema\\\/person\\\/b975e0cbcd43b7dcf9c64511ec84f10f\",\"name\":\"Soledad\",\"image\":{\"@type\":\"ImageObject\",\"inLanguage\":\"es\",\"@id\":\"https:\\\/\\\/secure.gravatar.com\\\/avatar\\\/b2f5b6cda565395f31dc94c95932b9b3fbe6275bad58a1579843d3d1607d4a66?s=96&d=mm&r=g\",\"url\":\"https:\\\/\\\/secure.gravatar.com\\\/avatar\\\/b2f5b6cda565395f31dc94c95932b9b3fbe6275bad58a1579843d3d1607d4a66?s=96&d=mm&r=g\",\"contentUrl\":\"https:\\\/\\\/secure.gravatar.com\\\/avatar\\\/b2f5b6cda565395f31dc94c95932b9b3fbe6275bad58a1579843d3d1607d4a66?s=96&d=mm&r=g\",\"caption\":\"Soledad\"},\"url\":\"https:\\\/\\\/oroverde.gob.ar\\\/portal\\\/author\\\/soledad\\\/\"}]}<\/script>\n<!-- \/ Yoast SEO plugin. -->","yoast_head_json":{"title":"Asumieron este martes los concejales estudiantiles de Oro Verde - Municipio de Oro Verde","robots":{"index":"index","follow":"follow","max-snippet":"max-snippet:-1","max-image-preview":"max-image-preview:large","max-video-preview":"max-video-preview:-1"},"canonical":"https:\/\/oroverde.gob.ar\/portal\/asumieron-este-martes-los-concejales-estudiantiles-de-oro-verde\/","og_locale":"es_ES","og_type":"article","og_title":"Asumieron este martes los concejales estudiantiles de Oro Verde - Municipio de Oro Verde","og_description":"Se realiz\u00f3 este martes la jura de los estudiantes de la escuela \u201cJuan Bautista Alberdi\u201d que fueron electos luego de presentar sus proyectos en las jornadas \u201cEstudiantes Deliberando\u201d. Fue en el Sal\u00f3n Auditorio Municipal y cont\u00f3 con la presencia del intendente C\u00e9sar Clement, &hellip;","og_url":"https:\/\/oroverde.gob.ar\/portal\/asumieron-este-martes-los-concejales-estudiantiles-de-oro-verde\/","og_site_name":"Municipio de Oro Verde","article_published_time":"2025-11-05T15:42:48+00:00","article_modified_time":"2025-11-05T15:44:17+00:00","og_image":[{"width":2560,"height":1302,"url":"https:\/\/oroverde.gob.ar\/portal\/wp-content\/uploads\/2025\/11\/jura-2-scaled.jpg","type":"image\/jpeg"}],"author":"Soledad","twitter_card":"summary_large_image","twitter_misc":{"Escrito por":"Soledad","Tiempo de lectura":"2 minutos"},"schema":{"@context":"https:\/\/schema.org","@graph":[{"@type":"Article","@id":"https:\/\/oroverde.gob.ar\/portal\/asumieron-este-martes-los-concejales-estudiantiles-de-oro-verde\/#article","isPartOf":{"@id":"https:\/\/oroverde.gob.ar\/portal\/asumieron-este-martes-los-concejales-estudiantiles-de-oro-verde\/"},"author":{"name":"Soledad","@id":"https:\/\/oroverde.gob.ar\/portal\/#\/schema\/person\/b975e0cbcd43b7dcf9c64511ec84f10f"},"headline":"Asumieron este martes los concejales estudiantiles de Oro Verde","datePublished":"2025-11-05T15:42:48+00:00","dateModified":"2025-11-05T15:44:17+00:00","mainEntityOfPage":{"@id":"https:\/\/oroverde.gob.ar\/portal\/asumieron-este-martes-los-concejales-estudiantiles-de-oro-verde\/"},"wordCount":350,"publisher":{"@id":"https:\/\/oroverde.gob.ar\/portal\/#organization"},"image":{"@id":"https:\/\/oroverde.gob.ar\/portal\/asumieron-este-martes-los-concejales-estudiantiles-de-oro-verde\/#primaryimage"},"thumbnailUrl":"https:\/\/oroverde.gob.ar\/portal\/wp-content\/uploads\/2025\/11\/jura-2-scaled.jpg","articleSection":["Concejo Deliberante"],"inLanguage":"es"},{"@type":"WebPage","@id":"https:\/\/oroverde.gob.ar\/portal\/asumieron-este-martes-los-concejales-estudiantiles-de-oro-verde\/","url":"https:\/\/oroverde.gob.ar\/portal\/asumieron-este-martes-los-concejales-estudiantiles-de-oro-verde\/","name":"Asumieron este martes los concejales estudiantiles de Oro Verde - Municipio de Oro Verde","isPartOf":{"@id":"https:\/\/oroverde.gob.ar\/portal\/#website"},"primaryImageOfPage":{"@id":"https:\/\/oroverde.gob.ar\/portal\/asumieron-este-martes-los-concejales-estudiantiles-de-oro-verde\/#primaryimage"},"image":{"@id":"https:\/\/oroverde.gob.ar\/portal\/asumieron-este-martes-los-concejales-estudiantiles-de-oro-verde\/#primaryimage"},"thumbnailUrl":"https:\/\/oroverde.gob.ar\/portal\/wp-content\/uploads\/2025\/11\/jura-2-scaled.jpg","datePublished":"2025-11-05T15:42:48+00:00","dateModified":"2025-11-05T15:44:17+00:00","breadcrumb":{"@id":"https:\/\/oroverde.gob.ar\/portal\/asumieron-este-martes-los-concejales-estudiantiles-de-oro-verde\/#breadcrumb"},"inLanguage":"es","potentialAction":[{"@type":"ReadAction","target":["https:\/\/oroverde.gob.ar\/portal\/asumieron-este-martes-los-concejales-estudiantiles-de-oro-verde\/"]}]},{"@type":"ImageObject","inLanguage":"es","@id":"https:\/\/oroverde.gob.ar\/portal\/asumieron-este-martes-los-concejales-estudiantiles-de-oro-verde\/#primaryimage","url":"https:\/\/oroverde.gob.ar\/portal\/wp-content\/uploads\/2025\/11\/jura-2-scaled.jpg","contentUrl":"https:\/\/oroverde.gob.ar\/portal\/wp-content\/uploads\/2025\/11\/jura-2-scaled.jpg","width":2560,"height":1302},{"@type":"BreadcrumbList","@id":"https:\/\/oroverde.gob.ar\/portal\/asumieron-este-martes-los-concejales-estudiantiles-de-oro-verde\/#breadcrumb","itemListElement":[{"@type":"ListItem","position":1,"name":"Portada","item":"https:\/\/oroverde.gob.ar\/portal\/"},{"@type":"ListItem","position":2,"name":"Asumieron este martes los concejales estudiantiles de Oro Verde"}]},{"@type":"WebSite","@id":"https:\/\/oroverde.gob.ar\/portal\/#website","url":"https:\/\/oroverde.gob.ar\/portal\/","name":"Municipio de Oro Verde","description":"Web Oficial","publisher":{"@id":"https:\/\/oroverde.gob.ar\/portal\/#organization"},"potentialAction":[{"@type":"SearchAction","target":{"@type":"EntryPoint","urlTemplate":"https:\/\/oroverde.gob.ar\/portal\/?s={search_term_string}"},"query-input":{"@type":"PropertyValueSpecification","valueRequired":true,"valueName":"search_term_string"}}],"inLanguage":"es"},{"@type":"Organization","@id":"https:\/\/oroverde.gob.ar\/portal\/#organization","name":"Municipio de Oro Verde","url":"https:\/\/oroverde.gob.ar\/portal\/","logo":{"@type":"ImageObject","inLanguage":"es","@id":"https:\/\/oroverde.gob.ar\/portal\/#\/schema\/logo\/image\/","url":"https:\/\/oroverde.gob.ar\/portal\/wp-content\/uploads\/2024\/06\/cropped-cropped-logo-1.png","contentUrl":"https:\/\/oroverde.gob.ar\/portal\/wp-content\/uploads\/2024\/06\/cropped-cropped-logo-1.png","width":1776,"height":738,"caption":"Municipio de Oro Verde"},"image":{"@id":"https:\/\/oroverde.gob.ar\/portal\/#\/schema\/logo\/image\/"}},{"@type":"Person","@id":"https:\/\/oroverde.gob.ar\/portal\/#\/schema\/person\/b975e0cbcd43b7dcf9c64511ec84f10f","name":"Soledad","image":{"@type":"ImageObject","inLanguage":"es","@id":"https:\/\/secure.gravatar.com\/avatar\/b2f5b6cda565395f31dc94c95932b9b3fbe6275bad58a1579843d3d1607d4a66?s=96&d=mm&r=g","url":"https:\/\/secure.gravatar.com\/avatar\/b2f5b6cda565395f31dc94c95932b9b3fbe6275bad58a1579843d3d1607d4a66?s=96&d=mm&r=g","contentUrl":"https:\/\/secure.gravatar.com\/avatar\/b2f5b6cda565395f31dc94c95932b9b3fbe6275bad58a1579843d3d1607d4a66?s=96&d=mm&r=g","caption":"Soledad"},"url":"https:\/\/oroverde.gob.ar\/portal\/author\/soledad\/"}]}},"_links":{"self":[{"href":"https:\/\/oroverde.gob.ar\/portal\/wp-json\/wp\/v2\/posts\/7314","targetHints":{"allow":["GET"]}}],"collection":[{"href":"https:\/\/oroverde.gob.ar\/portal\/wp-json\/wp\/v2\/posts"}],"about":[{"href":"https:\/\/oroverde.gob.ar\/portal\/wp-json\/wp\/v2\/types\/post"}],"author":[{"embeddable":true,"href":"https:\/\/oroverde.gob.ar\/portal\/wp-json\/wp\/v2\/users\/3"}],"replies":[{"embeddable":true,"href":"https:\/\/oroverde.gob.ar\/portal\/wp-json\/wp\/v2\/comments?post=7314"}],"version-history":[{"count":3,"href":"https:\/\/oroverde.gob.ar\/portal\/wp-json\/wp\/v2\/posts\/7314\/revisions"}],"predecessor-version":[{"id":7318,"href":"https:\/\/oroverde.gob.ar\/portal\/wp-json\/wp\/v2\/posts\/7314\/revisions\/7318"}],"wp:featuredmedia":[{"embeddable":true,"href":"https:\/\/oroverde.gob.ar\/portal\/wp-json\/wp\/v2\/media\/7315"}],"wp:attachment":[{"href":"https:\/\/oroverde.gob.ar\/portal\/wp-json\/wp\/v2\/media?parent=7314"}],"wp:term":[{"taxonomy":"category","embeddable":true,"href":"https:\/\/oroverde.gob.ar\/portal\/wp-json\/wp\/v2\/categories?post=7314"},{"taxonomy":"post_tag","embeddable":true,"href":"https:\/\/oroverde.gob.ar\/portal\/wp-json\/wp\/v2\/tags?post=7314"}],"curies":[{"name":"wp","href":"https:\/\/api.w.org\/{rel}","templated":true}]}}