{"id":7321,"date":"2025-11-06T13:45:27","date_gmt":"2025-11-06T16:45:27","guid":{"rendered":"https:\/\/oroverde.gob.ar\/portal\/?p=7321"},"modified":"2025-11-06T13:45:27","modified_gmt":"2025-11-06T16:45:27","slug":"oro-verde-realizo-el-segundo-taller-participativo-del-plan-base","status":"publish","type":"post","link":"https:\/\/oroverde.gob.ar\/portal\/oro-verde-realizo-el-segundo-taller-participativo-del-plan-base\/","title":{"rendered":"Oro Verde realiz\u00f3 el segundo taller participativo del Plan Base"},"content":{"rendered":"<div class=\"xdj266r x14z9mp xat24cr x1lziwak x1vvkbs x126k92a\">\n<div dir=\"auto\">La apertura de este segundo encuentro estuvo a cargo de la viceintendenta Mercedes Schvindt, la secretaria de Planificaci\u00f3n e Inversi\u00f3n P\u00fablica de la provincia Lelia Recalde, y por la \u00abFundaci\u00f3n En Obras\u00bb Bruno Reinheimer.<\/div>\n<\/div>\n<div class=\"x14z9mp xat24cr x1lziwak x1vvkbs xtlvy1s x126k92a\">\n<div dir=\"auto\">La jornada fue organizada por el Municipio de Oro Verde, la Fundaci\u00f3n Obras acompa\u00f1ados por el gobierno provincial y reuni\u00f3 a representantes provinciales, municipales, acad\u00e9micos y del sector privado en un espacio de di\u00e1logo y construcci\u00f3n colectiva.<\/div>\n<\/div>\n<div class=\"x14z9mp xat24cr x1lziwak x1vvkbs xtlvy1s x126k92a\">\n<div dir=\"auto\">Estuvo presente el intendente C\u00e9sar Clement y expres\u00f3 \u201cquiero agradecer a la viceintendenta y al Concejo Deliberante que fueron ellos los que trajeron la idea de generar este trabajo con el Plan Base, y a quienes dentro de nuestra instituci\u00f3n se centraron en el proyecto. Desde el Ejecutivo lo tomamos porque, si bien nuestro Municipio ha tenido gestiones ordenadas desde el inicio y hay una base s\u00f3lida sobre la que trabajar, esta es una nueva mirada. Nos permite pensar hacia el interior del Municipio, hacia el futuro, con los vecinos, con profesionales y empresas que se acercaron. Adem\u00e1s, queremos destacar el acompa\u00f1amiento de todas las autoridades provinciales, la Fundaci\u00f3n y todos los actores. A\u00fan estamos terminando este plan y ya creo que nos queda much\u00edsimo a nosotros como ciudad, no s\u00f3lo para los que estamos hoy, sino a para los que vengan en los pr\u00f3ximos a\u00f1os\u201d.<\/div>\n<\/div>\n<div class=\"x14z9mp xat24cr x1lziwak x1vvkbs xtlvy1s x126k92a\">\n<div dir=\"auto\">Durante la jornada se desarrollaron ocho mesas tem\u00e1ticas participativas que abordaron ejes estrat\u00e9gicos para el crecimiento de la ciudad, como infraestructura y redes de servicios, corredores naturales sobre los arroyos Paracao y Larramendi, desv\u00edo del tr\u00e1nsito pesado, manejo ambiental, desarrollo tur\u00edstico y cultural, educaci\u00f3n, salud, deporte y promoci\u00f3n de la innovaci\u00f3n cient\u00edfica y tecnol\u00f3gica.<\/div>\n<\/div>\n<div class=\"x14z9mp xat24cr x1lziwak x1vvkbs xtlvy1s x126k92a\">\n<div dir=\"auto\">Luego se realiz\u00f3 una puesta en com\u00fan con valiosos aportes de las personas que participaron.<\/div>\n<\/div>\n","protected":false},"excerpt":{"rendered":"<p>La apertura de este segundo encuentro estuvo a cargo de la viceintendenta Mercedes Schvindt, la secretaria de Planificaci\u00f3n e Inversi\u00f3n P\u00fablica de la provincia Lelia Recalde, y por la \u00abFundaci\u00f3n En Obras\u00bb Bruno Reinheimer. La jornada fue organizada por el Municipio de Oro &hellip;<\/p>\n","protected":false},"author":3,"featured_media":7322,"comment_status":"closed","ping_status":"closed","sticky":false,"template":"","format":"standard","meta":{"footnotes":""},"categories":[25],"tags":[],"class_list":["post-7321","post","type-post","status-publish","format-standard","has-post-thumbnail","hentry","category-gobierno"],"yoast_head":"<!-- This site is optimized with the Yoast SEO plugin v27.5 - https:\/\/yoast.com\/product\/yoast-seo-wordpress\/ -->\n<title>Oro Verde realiz\u00f3 el segundo taller participativo del Plan Base - Municipio de Oro Verde<\/title>\n<meta name=\"robots\" content=\"index, follow, max-snippet:-1, max-image-preview:large, max-video-preview:-1\" \/>\n<link rel=\"canonical\" href=\"https:\/\/oroverde.gob.ar\/portal\/oro-verde-realizo-el-segundo-taller-participativo-del-plan-base\/\" \/>\n<meta property=\"og:locale\" content=\"es_ES\" \/>\n<meta property=\"og:type\" content=\"article\" \/>\n<meta property=\"og:title\" content=\"Oro Verde realiz\u00f3 el segundo taller participativo del Plan Base - Municipio de Oro Verde\" \/>\n<meta property=\"og:description\" content=\"La apertura de este segundo encuentro estuvo a cargo de la viceintendenta Mercedes Schvindt, la secretaria de Planificaci\u00f3n e Inversi\u00f3n P\u00fablica de la provincia Lelia Recalde, y por la \u00abFundaci\u00f3n En Obras\u00bb Bruno Reinheimer. La jornada fue organizada por el Municipio de Oro &hellip;\" \/>\n<meta property=\"og:url\" content=\"https:\/\/oroverde.gob.ar\/portal\/oro-verde-realizo-el-segundo-taller-participativo-del-plan-base\/\" \/>\n<meta property=\"og:site_name\" content=\"Municipio de Oro Verde\" \/>\n<meta property=\"article:published_time\" content=\"2025-11-06T16:45:27+00:00\" \/>\n<meta property=\"og:image\" content=\"https:\/\/oroverde.gob.ar\/portal\/wp-content\/uploads\/2025\/11\/576986341_1131015349203445_5475513563028253650_n-1.jpg\" \/>\n\t<meta property=\"og:image:width\" content=\"2048\" \/>\n\t<meta property=\"og:image:height\" content=\"1367\" \/>\n\t<meta property=\"og:image:type\" content=\"image\/jpeg\" \/>\n<meta name=\"author\" content=\"Soledad\" \/>\n<meta name=\"twitter:card\" content=\"summary_large_image\" \/>\n<meta name=\"twitter:label1\" content=\"Escrito por\" \/>\n\t<meta name=\"twitter:data1\" content=\"Soledad\" \/>\n\t<meta name=\"twitter:label2\" content=\"Tiempo de lectura\" \/>\n\t<meta name=\"twitter:data2\" content=\"2 minutos\" \/>\n<script type=\"application\/ld+json\" class=\"yoast-schema-graph\">{\"@context\":\"https:\\\/\\\/schema.org\",\"@graph\":[{\"@type\":\"Article\",\"@id\":\"https:\\\/\\\/oroverde.gob.ar\\\/portal\\\/oro-verde-realizo-el-segundo-taller-participativo-del-plan-base\\\/#article\",\"isPartOf\":{\"@id\":\"https:\\\/\\\/oroverde.gob.ar\\\/portal\\\/oro-verde-realizo-el-segundo-taller-participativo-del-plan-base\\\/\"},\"author\":{\"name\":\"Soledad\",\"@id\":\"https:\\\/\\\/oroverde.gob.ar\\\/portal\\\/#\\\/schema\\\/person\\\/b975e0cbcd43b7dcf9c64511ec84f10f\"},\"headline\":\"Oro Verde realiz\u00f3 el segundo taller participativo del Plan Base\",\"datePublished\":\"2025-11-06T16:45:27+00:00\",\"mainEntityOfPage\":{\"@id\":\"https:\\\/\\\/oroverde.gob.ar\\\/portal\\\/oro-verde-realizo-el-segundo-taller-participativo-del-plan-base\\\/\"},\"wordCount\":327,\"publisher\":{\"@id\":\"https:\\\/\\\/oroverde.gob.ar\\\/portal\\\/#organization\"},\"image\":{\"@id\":\"https:\\\/\\\/oroverde.gob.ar\\\/portal\\\/oro-verde-realizo-el-segundo-taller-participativo-del-plan-base\\\/#primaryimage\"},\"thumbnailUrl\":\"https:\\\/\\\/oroverde.gob.ar\\\/portal\\\/wp-content\\\/uploads\\\/2025\\\/11\\\/576986341_1131015349203445_5475513563028253650_n-1.jpg\",\"articleSection\":[\"Gobierno\"],\"inLanguage\":\"es\"},{\"@type\":\"WebPage\",\"@id\":\"https:\\\/\\\/oroverde.gob.ar\\\/portal\\\/oro-verde-realizo-el-segundo-taller-participativo-del-plan-base\\\/\",\"url\":\"https:\\\/\\\/oroverde.gob.ar\\\/portal\\\/oro-verde-realizo-el-segundo-taller-participativo-del-plan-base\\\/\",\"name\":\"Oro Verde realiz\u00f3 el segundo taller participativo del Plan Base - Municipio de Oro Verde\",\"isPartOf\":{\"@id\":\"https:\\\/\\\/oroverde.gob.ar\\\/portal\\\/#website\"},\"primaryImageOfPage\":{\"@id\":\"https:\\\/\\\/oroverde.gob.ar\\\/portal\\\/oro-verde-realizo-el-segundo-taller-participativo-del-plan-base\\\/#primaryimage\"},\"image\":{\"@id\":\"https:\\\/\\\/oroverde.gob.ar\\\/portal\\\/oro-verde-realizo-el-segundo-taller-participativo-del-plan-base\\\/#primaryimage\"},\"thumbnailUrl\":\"https:\\\/\\\/oroverde.gob.ar\\\/portal\\\/wp-content\\\/uploads\\\/2025\\\/11\\\/576986341_1131015349203445_5475513563028253650_n-1.jpg\",\"datePublished\":\"2025-11-06T16:45:27+00:00\",\"breadcrumb\":{\"@id\":\"https:\\\/\\\/oroverde.gob.ar\\\/portal\\\/oro-verde-realizo-el-segundo-taller-participativo-del-plan-base\\\/#breadcrumb\"},\"inLanguage\":\"es\",\"potentialAction\":[{\"@type\":\"ReadAction\",\"target\":[\"https:\\\/\\\/oroverde.gob.ar\\\/portal\\\/oro-verde-realizo-el-segundo-taller-participativo-del-plan-base\\\/\"]}]},{\"@type\":\"ImageObject\",\"inLanguage\":\"es\",\"@id\":\"https:\\\/\\\/oroverde.gob.ar\\\/portal\\\/oro-verde-realizo-el-segundo-taller-participativo-del-plan-base\\\/#primaryimage\",\"url\":\"https:\\\/\\\/oroverde.gob.ar\\\/portal\\\/wp-content\\\/uploads\\\/2025\\\/11\\\/576986341_1131015349203445_5475513563028253650_n-1.jpg\",\"contentUrl\":\"https:\\\/\\\/oroverde.gob.ar\\\/portal\\\/wp-content\\\/uploads\\\/2025\\\/11\\\/576986341_1131015349203445_5475513563028253650_n-1.jpg\",\"width\":2048,\"height\":1367},{\"@type\":\"BreadcrumbList\",\"@id\":\"https:\\\/\\\/oroverde.gob.ar\\\/portal\\\/oro-verde-realizo-el-segundo-taller-participativo-del-plan-base\\\/#breadcrumb\",\"itemListElement\":[{\"@type\":\"ListItem\",\"position\":1,\"name\":\"Portada\",\"item\":\"https:\\\/\\\/oroverde.gob.ar\\\/portal\\\/\"},{\"@type\":\"ListItem\",\"position\":2,\"name\":\"Oro Verde realiz\u00f3 el segundo taller participativo del Plan Base\"}]},{\"@type\":\"WebSite\",\"@id\":\"https:\\\/\\\/oroverde.gob.ar\\\/portal\\\/#website\",\"url\":\"https:\\\/\\\/oroverde.gob.ar\\\/portal\\\/\",\"name\":\"Municipio de Oro Verde\",\"description\":\"Web Oficial\",\"publisher\":{\"@id\":\"https:\\\/\\\/oroverde.gob.ar\\\/portal\\\/#organization\"},\"potentialAction\":[{\"@type\":\"SearchAction\",\"target\":{\"@type\":\"EntryPoint\",\"urlTemplate\":\"https:\\\/\\\/oroverde.gob.ar\\\/portal\\\/?s={search_term_string}\"},\"query-input\":{\"@type\":\"PropertyValueSpecification\",\"valueRequired\":true,\"valueName\":\"search_term_string\"}}],\"inLanguage\":\"es\"},{\"@type\":\"Organization\",\"@id\":\"https:\\\/\\\/oroverde.gob.ar\\\/portal\\\/#organization\",\"name\":\"Municipio de Oro Verde\",\"url\":\"https:\\\/\\\/oroverde.gob.ar\\\/portal\\\/\",\"logo\":{\"@type\":\"ImageObject\",\"inLanguage\":\"es\",\"@id\":\"https:\\\/\\\/oroverde.gob.ar\\\/portal\\\/#\\\/schema\\\/logo\\\/image\\\/\",\"url\":\"https:\\\/\\\/oroverde.gob.ar\\\/portal\\\/wp-content\\\/uploads\\\/2024\\\/06\\\/cropped-cropped-logo-1.png\",\"contentUrl\":\"https:\\\/\\\/oroverde.gob.ar\\\/portal\\\/wp-content\\\/uploads\\\/2024\\\/06\\\/cropped-cropped-logo-1.png\",\"width\":1776,\"height\":738,\"caption\":\"Municipio de Oro Verde\"},\"image\":{\"@id\":\"https:\\\/\\\/oroverde.gob.ar\\\/portal\\\/#\\\/schema\\\/logo\\\/image\\\/\"}},{\"@type\":\"Person\",\"@id\":\"https:\\\/\\\/oroverde.gob.ar\\\/portal\\\/#\\\/schema\\\/person\\\/b975e0cbcd43b7dcf9c64511ec84f10f\",\"name\":\"Soledad\",\"image\":{\"@type\":\"ImageObject\",\"inLanguage\":\"es\",\"@id\":\"https:\\\/\\\/secure.gravatar.com\\\/avatar\\\/b2f5b6cda565395f31dc94c95932b9b3fbe6275bad58a1579843d3d1607d4a66?s=96&d=mm&r=g\",\"url\":\"https:\\\/\\\/secure.gravatar.com\\\/avatar\\\/b2f5b6cda565395f31dc94c95932b9b3fbe6275bad58a1579843d3d1607d4a66?s=96&d=mm&r=g\",\"contentUrl\":\"https:\\\/\\\/secure.gravatar.com\\\/avatar\\\/b2f5b6cda565395f31dc94c95932b9b3fbe6275bad58a1579843d3d1607d4a66?s=96&d=mm&r=g\",\"caption\":\"Soledad\"},\"url\":\"https:\\\/\\\/oroverde.gob.ar\\\/portal\\\/author\\\/soledad\\\/\"}]}<\/script>\n<!-- \/ Yoast SEO plugin. -->","yoast_head_json":{"title":"Oro Verde realiz\u00f3 el segundo taller participativo del Plan Base - Municipio de Oro Verde","robots":{"index":"index","follow":"follow","max-snippet":"max-snippet:-1","max-image-preview":"max-image-preview:large","max-video-preview":"max-video-preview:-1"},"canonical":"https:\/\/oroverde.gob.ar\/portal\/oro-verde-realizo-el-segundo-taller-participativo-del-plan-base\/","og_locale":"es_ES","og_type":"article","og_title":"Oro Verde realiz\u00f3 el segundo taller participativo del Plan Base - Municipio de Oro Verde","og_description":"La apertura de este segundo encuentro estuvo a cargo de la viceintendenta Mercedes Schvindt, la secretaria de Planificaci\u00f3n e Inversi\u00f3n P\u00fablica de la provincia Lelia Recalde, y por la \u00abFundaci\u00f3n En Obras\u00bb Bruno Reinheimer. La jornada fue organizada por el Municipio de Oro &hellip;","og_url":"https:\/\/oroverde.gob.ar\/portal\/oro-verde-realizo-el-segundo-taller-participativo-del-plan-base\/","og_site_name":"Municipio de Oro Verde","article_published_time":"2025-11-06T16:45:27+00:00","og_image":[{"width":2048,"height":1367,"url":"https:\/\/oroverde.gob.ar\/portal\/wp-content\/uploads\/2025\/11\/576986341_1131015349203445_5475513563028253650_n-1.jpg","type":"image\/jpeg"}],"author":"Soledad","twitter_card":"summary_large_image","twitter_misc":{"Escrito por":"Soledad","Tiempo de lectura":"2 minutos"},"schema":{"@context":"https:\/\/schema.org","@graph":[{"@type":"Article","@id":"https:\/\/oroverde.gob.ar\/portal\/oro-verde-realizo-el-segundo-taller-participativo-del-plan-base\/#article","isPartOf":{"@id":"https:\/\/oroverde.gob.ar\/portal\/oro-verde-realizo-el-segundo-taller-participativo-del-plan-base\/"},"author":{"name":"Soledad","@id":"https:\/\/oroverde.gob.ar\/portal\/#\/schema\/person\/b975e0cbcd43b7dcf9c64511ec84f10f"},"headline":"Oro Verde realiz\u00f3 el segundo taller participativo del Plan Base","datePublished":"2025-11-06T16:45:27+00:00","mainEntityOfPage":{"@id":"https:\/\/oroverde.gob.ar\/portal\/oro-verde-realizo-el-segundo-taller-participativo-del-plan-base\/"},"wordCount":327,"publisher":{"@id":"https:\/\/oroverde.gob.ar\/portal\/#organization"},"image":{"@id":"https:\/\/oroverde.gob.ar\/portal\/oro-verde-realizo-el-segundo-taller-participativo-del-plan-base\/#primaryimage"},"thumbnailUrl":"https:\/\/oroverde.gob.ar\/portal\/wp-content\/uploads\/2025\/11\/576986341_1131015349203445_5475513563028253650_n-1.jpg","articleSection":["Gobierno"],"inLanguage":"es"},{"@type":"WebPage","@id":"https:\/\/oroverde.gob.ar\/portal\/oro-verde-realizo-el-segundo-taller-participativo-del-plan-base\/","url":"https:\/\/oroverde.gob.ar\/portal\/oro-verde-realizo-el-segundo-taller-participativo-del-plan-base\/","name":"Oro Verde realiz\u00f3 el segundo taller participativo del Plan Base - Municipio de Oro Verde","isPartOf":{"@id":"https:\/\/oroverde.gob.ar\/portal\/#website"},"primaryImageOfPage":{"@id":"https:\/\/oroverde.gob.ar\/portal\/oro-verde-realizo-el-segundo-taller-participativo-del-plan-base\/#primaryimage"},"image":{"@id":"https:\/\/oroverde.gob.ar\/portal\/oro-verde-realizo-el-segundo-taller-participativo-del-plan-base\/#primaryimage"},"thumbnailUrl":"https:\/\/oroverde.gob.ar\/portal\/wp-content\/uploads\/2025\/11\/576986341_1131015349203445_5475513563028253650_n-1.jpg","datePublished":"2025-11-06T16:45:27+00:00","breadcrumb":{"@id":"https:\/\/oroverde.gob.ar\/portal\/oro-verde-realizo-el-segundo-taller-participativo-del-plan-base\/#breadcrumb"},"inLanguage":"es","potentialAction":[{"@type":"ReadAction","target":["https:\/\/oroverde.gob.ar\/portal\/oro-verde-realizo-el-segundo-taller-participativo-del-plan-base\/"]}]},{"@type":"ImageObject","inLanguage":"es","@id":"https:\/\/oroverde.gob.ar\/portal\/oro-verde-realizo-el-segundo-taller-participativo-del-plan-base\/#primaryimage","url":"https:\/\/oroverde.gob.ar\/portal\/wp-content\/uploads\/2025\/11\/576986341_1131015349203445_5475513563028253650_n-1.jpg","contentUrl":"https:\/\/oroverde.gob.ar\/portal\/wp-content\/uploads\/2025\/11\/576986341_1131015349203445_5475513563028253650_n-1.jpg","width":2048,"height":1367},{"@type":"BreadcrumbList","@id":"https:\/\/oroverde.gob.ar\/portal\/oro-verde-realizo-el-segundo-taller-participativo-del-plan-base\/#breadcrumb","itemListElement":[{"@type":"ListItem","position":1,"name":"Portada","item":"https:\/\/oroverde.gob.ar\/portal\/"},{"@type":"ListItem","position":2,"name":"Oro Verde realiz\u00f3 el segundo taller participativo del Plan Base"}]},{"@type":"WebSite","@id":"https:\/\/oroverde.gob.ar\/portal\/#website","url":"https:\/\/oroverde.gob.ar\/portal\/","name":"Municipio de Oro Verde","description":"Web Oficial","publisher":{"@id":"https:\/\/oroverde.gob.ar\/portal\/#organization"},"potentialAction":[{"@type":"SearchAction","target":{"@type":"EntryPoint","urlTemplate":"https:\/\/oroverde.gob.ar\/portal\/?s={search_term_string}"},"query-input":{"@type":"PropertyValueSpecification","valueRequired":true,"valueName":"search_term_string"}}],"inLanguage":"es"},{"@type":"Organization","@id":"https:\/\/oroverde.gob.ar\/portal\/#organization","name":"Municipio de Oro Verde","url":"https:\/\/oroverde.gob.ar\/portal\/","logo":{"@type":"ImageObject","inLanguage":"es","@id":"https:\/\/oroverde.gob.ar\/portal\/#\/schema\/logo\/image\/","url":"https:\/\/oroverde.gob.ar\/portal\/wp-content\/uploads\/2024\/06\/cropped-cropped-logo-1.png","contentUrl":"https:\/\/oroverde.gob.ar\/portal\/wp-content\/uploads\/2024\/06\/cropped-cropped-logo-1.png","width":1776,"height":738,"caption":"Municipio de Oro Verde"},"image":{"@id":"https:\/\/oroverde.gob.ar\/portal\/#\/schema\/logo\/image\/"}},{"@type":"Person","@id":"https:\/\/oroverde.gob.ar\/portal\/#\/schema\/person\/b975e0cbcd43b7dcf9c64511ec84f10f","name":"Soledad","image":{"@type":"ImageObject","inLanguage":"es","@id":"https:\/\/secure.gravatar.com\/avatar\/b2f5b6cda565395f31dc94c95932b9b3fbe6275bad58a1579843d3d1607d4a66?s=96&d=mm&r=g","url":"https:\/\/secure.gravatar.com\/avatar\/b2f5b6cda565395f31dc94c95932b9b3fbe6275bad58a1579843d3d1607d4a66?s=96&d=mm&r=g","contentUrl":"https:\/\/secure.gravatar.com\/avatar\/b2f5b6cda565395f31dc94c95932b9b3fbe6275bad58a1579843d3d1607d4a66?s=96&d=mm&r=g","caption":"Soledad"},"url":"https:\/\/oroverde.gob.ar\/portal\/author\/soledad\/"}]}},"_links":{"self":[{"href":"https:\/\/oroverde.gob.ar\/portal\/wp-json\/wp\/v2\/posts\/7321","targetHints":{"allow":["GET"]}}],"collection":[{"href":"https:\/\/oroverde.gob.ar\/portal\/wp-json\/wp\/v2\/posts"}],"about":[{"href":"https:\/\/oroverde.gob.ar\/portal\/wp-json\/wp\/v2\/types\/post"}],"author":[{"embeddable":true,"href":"https:\/\/oroverde.gob.ar\/portal\/wp-json\/wp\/v2\/users\/3"}],"replies":[{"embeddable":true,"href":"https:\/\/oroverde.gob.ar\/portal\/wp-json\/wp\/v2\/comments?post=7321"}],"version-history":[{"count":1,"href":"https:\/\/oroverde.gob.ar\/portal\/wp-json\/wp\/v2\/posts\/7321\/revisions"}],"predecessor-version":[{"id":7323,"href":"https:\/\/oroverde.gob.ar\/portal\/wp-json\/wp\/v2\/posts\/7321\/revisions\/7323"}],"wp:featuredmedia":[{"embeddable":true,"href":"https:\/\/oroverde.gob.ar\/portal\/wp-json\/wp\/v2\/media\/7322"}],"wp:attachment":[{"href":"https:\/\/oroverde.gob.ar\/portal\/wp-json\/wp\/v2\/media?parent=7321"}],"wp:term":[{"taxonomy":"category","embeddable":true,"href":"https:\/\/oroverde.gob.ar\/portal\/wp-json\/wp\/v2\/categories?post=7321"},{"taxonomy":"post_tag","embeddable":true,"href":"https:\/\/oroverde.gob.ar\/portal\/wp-json\/wp\/v2\/tags?post=7321"}],"curies":[{"name":"wp","href":"https:\/\/api.w.org\/{rel}","templated":true}]}}