{"id":7331,"date":"2025-11-10T12:42:58","date_gmt":"2025-11-10T15:42:58","guid":{"rendered":"https:\/\/oroverde.gob.ar\/portal\/?p=7331"},"modified":"2025-11-10T12:43:11","modified_gmt":"2025-11-10T15:43:11","slug":"ya-puede-visitarse-la-muestra-del-iv-concurso-fotografico-de-oro-verde-mir-como-te-miro","status":"publish","type":"post","link":"https:\/\/oroverde.gob.ar\/portal\/ya-puede-visitarse-la-muestra-del-iv-concurso-fotografico-de-oro-verde-mir-como-te-miro\/","title":{"rendered":"Ya puede visitarse la muestra del IV Concurso Fotogr\u00e1fico de Oro Verde, mir c\u00f3mo te miro\u201d"},"content":{"rendered":"<div class=\"xdj266r x14z9mp xat24cr x1lziwak x1vvkbs x126k92a\">\n<div dir=\"auto\">Qued\u00f3 inaugurada el viernes pasado la muestra fotogr\u00e1fica de este concurso donde tambi\u00e9n se realiz\u00f3 la premiaci\u00f3n que consisti\u00f3 en dinero para los tres primeros ganadores y entrega de diplomas para todos.<\/div>\n<\/div>\n<div class=\"x14z9mp xat24cr x1lziwak x1vvkbs xtlvy1s x126k92a\">\n<div dir=\"auto\">La responsable del \u00e1rea de Cultura Soledad Sauthier brind\u00f3 unas palabras de bienvenida y luego fueron premiados, en primer lugar, Laura Gonzalez Languasco por \u00abViaje a las nubes\u00bb, en segundo lugar, Mar\u00eda Jos\u00e9 Reggiardo por \u00abEl arte de la producci\u00f3n\u00bb y el tercer premio fue para<\/div>\n<div dir=\"auto\">Susana Chiappesoni con el \u00abEl templo\u00bb.<\/div>\n<\/div>\n<div class=\"x14z9mp xat24cr x1lziwak x1vvkbs xtlvy1s x126k92a\">\n<div dir=\"auto\">Las menciones fueron para Jacqueline Dendrak por su fotograf\u00eda \u201cSendero olvidado, Gonzalo Vega por \u00abMirada al n\u00facleo de nuestra galaxia\u00bb, Lidia Ceballo por \u00abHaras Paracao\u00bb y Aixa Natali Vesco por \u00abRa\u00edces entrerrianas\u00bb.<\/div>\n<\/div>\n<div class=\"x14z9mp xat24cr x1lziwak x1vvkbs xtlvy1s x126k92a\">\n<div dir=\"auto\">El tema de este a\u00f1o no fueron solo paisajes, tambi\u00e9n personas, escenas cotidianas, gestos m\u00ednimos o detalles que muchas veces pasan desapercibidos, pero que tambi\u00e9n dicen qui\u00e9nes somos.<\/div>\n<\/div>\n<div class=\"x14z9mp xat24cr x1lziwak x1vvkbs xtlvy1s x126k92a\">\n<div dir=\"auto\">La evaluaci\u00f3n fue realizada por un jurado conformado por Erika Schvaigert, Melina Sejas y Romina Villaverde.<\/div>\n<\/div>\n<div class=\"x14z9mp xat24cr x1lziwak x1vvkbs xtlvy1s x126k92a\">\n<div dir=\"auto\">Tambi\u00e9n se entregaron como un presente \u00e1rboles y semillas donadas por las \u00e1reas de Espacios Verdes y Arbolado Urbano, y del Programa de Fortalecimiento de Huertas Urbanas y Periurbanas.<\/div>\n<\/div>\n<div class=\"x14z9mp xat24cr x1lziwak x1vvkbs xtlvy1s x126k92a\">\n<div dir=\"auto\">Quienes asistieron pudieron recorrer y disfrutar de esta muestra que estar\u00e1 expuesta hasta el 7 de diciembre.<\/div>\n<\/div>\n<div class=\"x14z9mp xat24cr x1lziwak x1vvkbs xtlvy1s x126k92a\">\n<div dir=\"auto\">Los asistentes tambi\u00e9n pudieron realizar observaciones del microcosmos de la mano de la Fundaci\u00f3n Observar.<\/div>\n<\/div>\n","protected":false},"excerpt":{"rendered":"<p>Qued\u00f3 inaugurada el viernes pasado la muestra fotogr\u00e1fica de este concurso donde tambi\u00e9n se realiz\u00f3 la premiaci\u00f3n que consisti\u00f3 en dinero para los tres primeros ganadores y entrega de diplomas para todos. La responsable del \u00e1rea de Cultura Soledad Sauthier brind\u00f3 unas palabras &hellip;<\/p>\n","protected":false},"author":3,"featured_media":7340,"comment_status":"closed","ping_status":"closed","sticky":false,"template":"","format":"standard","meta":{"footnotes":""},"categories":[1],"tags":[],"class_list":["post-7331","post","type-post","status-publish","format-standard","has-post-thumbnail","hentry","category-municipio"],"yoast_head":"<!-- This site is optimized with the Yoast SEO plugin v27.5 - https:\/\/yoast.com\/product\/yoast-seo-wordpress\/ -->\n<title>Ya puede visitarse la muestra del IV Concurso Fotogr\u00e1fico de Oro Verde, mir c\u00f3mo te miro\u201d - Municipio de Oro Verde<\/title>\n<meta name=\"robots\" content=\"index, follow, max-snippet:-1, max-image-preview:large, max-video-preview:-1\" \/>\n<link rel=\"canonical\" href=\"https:\/\/oroverde.gob.ar\/portal\/ya-puede-visitarse-la-muestra-del-iv-concurso-fotografico-de-oro-verde-mir-como-te-miro\/\" \/>\n<meta property=\"og:locale\" content=\"es_ES\" \/>\n<meta property=\"og:type\" content=\"article\" \/>\n<meta property=\"og:title\" content=\"Ya puede visitarse la muestra del IV Concurso Fotogr\u00e1fico de Oro Verde, mir c\u00f3mo te miro\u201d - Municipio de Oro Verde\" \/>\n<meta property=\"og:description\" content=\"Qued\u00f3 inaugurada el viernes pasado la muestra fotogr\u00e1fica de este concurso donde tambi\u00e9n se realiz\u00f3 la premiaci\u00f3n que consisti\u00f3 en dinero para los tres primeros ganadores y entrega de diplomas para todos. La responsable del \u00e1rea de Cultura Soledad Sauthier brind\u00f3 unas palabras &hellip;\" \/>\n<meta property=\"og:url\" content=\"https:\/\/oroverde.gob.ar\/portal\/ya-puede-visitarse-la-muestra-del-iv-concurso-fotografico-de-oro-verde-mir-como-te-miro\/\" \/>\n<meta property=\"og:site_name\" content=\"Municipio de Oro Verde\" \/>\n<meta property=\"article:published_time\" content=\"2025-11-10T15:42:58+00:00\" \/>\n<meta property=\"article:modified_time\" content=\"2025-11-10T15:43:11+00:00\" \/>\n<meta property=\"og:image\" content=\"https:\/\/oroverde.gob.ar\/portal\/wp-content\/uploads\/2025\/11\/DSC0671-scaled.jpg\" \/>\n\t<meta property=\"og:image:width\" content=\"2560\" \/>\n\t<meta property=\"og:image:height\" content=\"1708\" \/>\n\t<meta property=\"og:image:type\" content=\"image\/jpeg\" \/>\n<meta name=\"author\" content=\"Soledad\" \/>\n<meta name=\"twitter:card\" content=\"summary_large_image\" \/>\n<meta name=\"twitter:label1\" content=\"Escrito por\" \/>\n\t<meta name=\"twitter:data1\" content=\"Soledad\" \/>\n\t<meta name=\"twitter:label2\" content=\"Tiempo de lectura\" \/>\n\t<meta name=\"twitter:data2\" content=\"2 minutos\" \/>\n<script type=\"application\/ld+json\" class=\"yoast-schema-graph\">{\"@context\":\"https:\\\/\\\/schema.org\",\"@graph\":[{\"@type\":\"Article\",\"@id\":\"https:\\\/\\\/oroverde.gob.ar\\\/portal\\\/ya-puede-visitarse-la-muestra-del-iv-concurso-fotografico-de-oro-verde-mir-como-te-miro\\\/#article\",\"isPartOf\":{\"@id\":\"https:\\\/\\\/oroverde.gob.ar\\\/portal\\\/ya-puede-visitarse-la-muestra-del-iv-concurso-fotografico-de-oro-verde-mir-como-te-miro\\\/\"},\"author\":{\"name\":\"Soledad\",\"@id\":\"https:\\\/\\\/oroverde.gob.ar\\\/portal\\\/#\\\/schema\\\/person\\\/b975e0cbcd43b7dcf9c64511ec84f10f\"},\"headline\":\"Ya puede visitarse la muestra del IV Concurso Fotogr\u00e1fico de Oro Verde, mir c\u00f3mo te miro\u201d\",\"datePublished\":\"2025-11-10T15:42:58+00:00\",\"dateModified\":\"2025-11-10T15:43:11+00:00\",\"mainEntityOfPage\":{\"@id\":\"https:\\\/\\\/oroverde.gob.ar\\\/portal\\\/ya-puede-visitarse-la-muestra-del-iv-concurso-fotografico-de-oro-verde-mir-como-te-miro\\\/\"},\"wordCount\":255,\"publisher\":{\"@id\":\"https:\\\/\\\/oroverde.gob.ar\\\/portal\\\/#organization\"},\"image\":{\"@id\":\"https:\\\/\\\/oroverde.gob.ar\\\/portal\\\/ya-puede-visitarse-la-muestra-del-iv-concurso-fotografico-de-oro-verde-mir-como-te-miro\\\/#primaryimage\"},\"thumbnailUrl\":\"https:\\\/\\\/oroverde.gob.ar\\\/portal\\\/wp-content\\\/uploads\\\/2025\\\/11\\\/DSC0671-scaled.jpg\",\"articleSection\":[\"Municipio\"],\"inLanguage\":\"es\"},{\"@type\":\"WebPage\",\"@id\":\"https:\\\/\\\/oroverde.gob.ar\\\/portal\\\/ya-puede-visitarse-la-muestra-del-iv-concurso-fotografico-de-oro-verde-mir-como-te-miro\\\/\",\"url\":\"https:\\\/\\\/oroverde.gob.ar\\\/portal\\\/ya-puede-visitarse-la-muestra-del-iv-concurso-fotografico-de-oro-verde-mir-como-te-miro\\\/\",\"name\":\"Ya puede visitarse la muestra del IV Concurso Fotogr\u00e1fico de Oro Verde, mir c\u00f3mo te miro\u201d - Municipio de Oro Verde\",\"isPartOf\":{\"@id\":\"https:\\\/\\\/oroverde.gob.ar\\\/portal\\\/#website\"},\"primaryImageOfPage\":{\"@id\":\"https:\\\/\\\/oroverde.gob.ar\\\/portal\\\/ya-puede-visitarse-la-muestra-del-iv-concurso-fotografico-de-oro-verde-mir-como-te-miro\\\/#primaryimage\"},\"image\":{\"@id\":\"https:\\\/\\\/oroverde.gob.ar\\\/portal\\\/ya-puede-visitarse-la-muestra-del-iv-concurso-fotografico-de-oro-verde-mir-como-te-miro\\\/#primaryimage\"},\"thumbnailUrl\":\"https:\\\/\\\/oroverde.gob.ar\\\/portal\\\/wp-content\\\/uploads\\\/2025\\\/11\\\/DSC0671-scaled.jpg\",\"datePublished\":\"2025-11-10T15:42:58+00:00\",\"dateModified\":\"2025-11-10T15:43:11+00:00\",\"breadcrumb\":{\"@id\":\"https:\\\/\\\/oroverde.gob.ar\\\/portal\\\/ya-puede-visitarse-la-muestra-del-iv-concurso-fotografico-de-oro-verde-mir-como-te-miro\\\/#breadcrumb\"},\"inLanguage\":\"es\",\"potentialAction\":[{\"@type\":\"ReadAction\",\"target\":[\"https:\\\/\\\/oroverde.gob.ar\\\/portal\\\/ya-puede-visitarse-la-muestra-del-iv-concurso-fotografico-de-oro-verde-mir-como-te-miro\\\/\"]}]},{\"@type\":\"ImageObject\",\"inLanguage\":\"es\",\"@id\":\"https:\\\/\\\/oroverde.gob.ar\\\/portal\\\/ya-puede-visitarse-la-muestra-del-iv-concurso-fotografico-de-oro-verde-mir-como-te-miro\\\/#primaryimage\",\"url\":\"https:\\\/\\\/oroverde.gob.ar\\\/portal\\\/wp-content\\\/uploads\\\/2025\\\/11\\\/DSC0671-scaled.jpg\",\"contentUrl\":\"https:\\\/\\\/oroverde.gob.ar\\\/portal\\\/wp-content\\\/uploads\\\/2025\\\/11\\\/DSC0671-scaled.jpg\",\"width\":2560,\"height\":1708},{\"@type\":\"BreadcrumbList\",\"@id\":\"https:\\\/\\\/oroverde.gob.ar\\\/portal\\\/ya-puede-visitarse-la-muestra-del-iv-concurso-fotografico-de-oro-verde-mir-como-te-miro\\\/#breadcrumb\",\"itemListElement\":[{\"@type\":\"ListItem\",\"position\":1,\"name\":\"Portada\",\"item\":\"https:\\\/\\\/oroverde.gob.ar\\\/portal\\\/\"},{\"@type\":\"ListItem\",\"position\":2,\"name\":\"Ya puede visitarse la muestra del IV Concurso Fotogr\u00e1fico de Oro Verde, mir c\u00f3mo te miro\u201d\"}]},{\"@type\":\"WebSite\",\"@id\":\"https:\\\/\\\/oroverde.gob.ar\\\/portal\\\/#website\",\"url\":\"https:\\\/\\\/oroverde.gob.ar\\\/portal\\\/\",\"name\":\"Municipio de Oro Verde\",\"description\":\"Web Oficial\",\"publisher\":{\"@id\":\"https:\\\/\\\/oroverde.gob.ar\\\/portal\\\/#organization\"},\"potentialAction\":[{\"@type\":\"SearchAction\",\"target\":{\"@type\":\"EntryPoint\",\"urlTemplate\":\"https:\\\/\\\/oroverde.gob.ar\\\/portal\\\/?s={search_term_string}\"},\"query-input\":{\"@type\":\"PropertyValueSpecification\",\"valueRequired\":true,\"valueName\":\"search_term_string\"}}],\"inLanguage\":\"es\"},{\"@type\":\"Organization\",\"@id\":\"https:\\\/\\\/oroverde.gob.ar\\\/portal\\\/#organization\",\"name\":\"Municipio de Oro Verde\",\"url\":\"https:\\\/\\\/oroverde.gob.ar\\\/portal\\\/\",\"logo\":{\"@type\":\"ImageObject\",\"inLanguage\":\"es\",\"@id\":\"https:\\\/\\\/oroverde.gob.ar\\\/portal\\\/#\\\/schema\\\/logo\\\/image\\\/\",\"url\":\"https:\\\/\\\/oroverde.gob.ar\\\/portal\\\/wp-content\\\/uploads\\\/2024\\\/06\\\/cropped-cropped-logo-1.png\",\"contentUrl\":\"https:\\\/\\\/oroverde.gob.ar\\\/portal\\\/wp-content\\\/uploads\\\/2024\\\/06\\\/cropped-cropped-logo-1.png\",\"width\":1776,\"height\":738,\"caption\":\"Municipio de Oro Verde\"},\"image\":{\"@id\":\"https:\\\/\\\/oroverde.gob.ar\\\/portal\\\/#\\\/schema\\\/logo\\\/image\\\/\"}},{\"@type\":\"Person\",\"@id\":\"https:\\\/\\\/oroverde.gob.ar\\\/portal\\\/#\\\/schema\\\/person\\\/b975e0cbcd43b7dcf9c64511ec84f10f\",\"name\":\"Soledad\",\"image\":{\"@type\":\"ImageObject\",\"inLanguage\":\"es\",\"@id\":\"https:\\\/\\\/secure.gravatar.com\\\/avatar\\\/b2f5b6cda565395f31dc94c95932b9b3fbe6275bad58a1579843d3d1607d4a66?s=96&d=mm&r=g\",\"url\":\"https:\\\/\\\/secure.gravatar.com\\\/avatar\\\/b2f5b6cda565395f31dc94c95932b9b3fbe6275bad58a1579843d3d1607d4a66?s=96&d=mm&r=g\",\"contentUrl\":\"https:\\\/\\\/secure.gravatar.com\\\/avatar\\\/b2f5b6cda565395f31dc94c95932b9b3fbe6275bad58a1579843d3d1607d4a66?s=96&d=mm&r=g\",\"caption\":\"Soledad\"},\"url\":\"https:\\\/\\\/oroverde.gob.ar\\\/portal\\\/author\\\/soledad\\\/\"}]}<\/script>\n<!-- \/ Yoast SEO plugin. -->","yoast_head_json":{"title":"Ya puede visitarse la muestra del IV Concurso Fotogr\u00e1fico de Oro Verde, mir c\u00f3mo te miro\u201d - Municipio de Oro Verde","robots":{"index":"index","follow":"follow","max-snippet":"max-snippet:-1","max-image-preview":"max-image-preview:large","max-video-preview":"max-video-preview:-1"},"canonical":"https:\/\/oroverde.gob.ar\/portal\/ya-puede-visitarse-la-muestra-del-iv-concurso-fotografico-de-oro-verde-mir-como-te-miro\/","og_locale":"es_ES","og_type":"article","og_title":"Ya puede visitarse la muestra del IV Concurso Fotogr\u00e1fico de Oro Verde, mir c\u00f3mo te miro\u201d - Municipio de Oro Verde","og_description":"Qued\u00f3 inaugurada el viernes pasado la muestra fotogr\u00e1fica de este concurso donde tambi\u00e9n se realiz\u00f3 la premiaci\u00f3n que consisti\u00f3 en dinero para los tres primeros ganadores y entrega de diplomas para todos. La responsable del \u00e1rea de Cultura Soledad Sauthier brind\u00f3 unas palabras &hellip;","og_url":"https:\/\/oroverde.gob.ar\/portal\/ya-puede-visitarse-la-muestra-del-iv-concurso-fotografico-de-oro-verde-mir-como-te-miro\/","og_site_name":"Municipio de Oro Verde","article_published_time":"2025-11-10T15:42:58+00:00","article_modified_time":"2025-11-10T15:43:11+00:00","og_image":[{"width":2560,"height":1708,"url":"https:\/\/oroverde.gob.ar\/portal\/wp-content\/uploads\/2025\/11\/DSC0671-scaled.jpg","type":"image\/jpeg"}],"author":"Soledad","twitter_card":"summary_large_image","twitter_misc":{"Escrito por":"Soledad","Tiempo de lectura":"2 minutos"},"schema":{"@context":"https:\/\/schema.org","@graph":[{"@type":"Article","@id":"https:\/\/oroverde.gob.ar\/portal\/ya-puede-visitarse-la-muestra-del-iv-concurso-fotografico-de-oro-verde-mir-como-te-miro\/#article","isPartOf":{"@id":"https:\/\/oroverde.gob.ar\/portal\/ya-puede-visitarse-la-muestra-del-iv-concurso-fotografico-de-oro-verde-mir-como-te-miro\/"},"author":{"name":"Soledad","@id":"https:\/\/oroverde.gob.ar\/portal\/#\/schema\/person\/b975e0cbcd43b7dcf9c64511ec84f10f"},"headline":"Ya puede visitarse la muestra del IV Concurso Fotogr\u00e1fico de Oro Verde, mir c\u00f3mo te miro\u201d","datePublished":"2025-11-10T15:42:58+00:00","dateModified":"2025-11-10T15:43:11+00:00","mainEntityOfPage":{"@id":"https:\/\/oroverde.gob.ar\/portal\/ya-puede-visitarse-la-muestra-del-iv-concurso-fotografico-de-oro-verde-mir-como-te-miro\/"},"wordCount":255,"publisher":{"@id":"https:\/\/oroverde.gob.ar\/portal\/#organization"},"image":{"@id":"https:\/\/oroverde.gob.ar\/portal\/ya-puede-visitarse-la-muestra-del-iv-concurso-fotografico-de-oro-verde-mir-como-te-miro\/#primaryimage"},"thumbnailUrl":"https:\/\/oroverde.gob.ar\/portal\/wp-content\/uploads\/2025\/11\/DSC0671-scaled.jpg","articleSection":["Municipio"],"inLanguage":"es"},{"@type":"WebPage","@id":"https:\/\/oroverde.gob.ar\/portal\/ya-puede-visitarse-la-muestra-del-iv-concurso-fotografico-de-oro-verde-mir-como-te-miro\/","url":"https:\/\/oroverde.gob.ar\/portal\/ya-puede-visitarse-la-muestra-del-iv-concurso-fotografico-de-oro-verde-mir-como-te-miro\/","name":"Ya puede visitarse la muestra del IV Concurso Fotogr\u00e1fico de Oro Verde, mir c\u00f3mo te miro\u201d - Municipio de Oro Verde","isPartOf":{"@id":"https:\/\/oroverde.gob.ar\/portal\/#website"},"primaryImageOfPage":{"@id":"https:\/\/oroverde.gob.ar\/portal\/ya-puede-visitarse-la-muestra-del-iv-concurso-fotografico-de-oro-verde-mir-como-te-miro\/#primaryimage"},"image":{"@id":"https:\/\/oroverde.gob.ar\/portal\/ya-puede-visitarse-la-muestra-del-iv-concurso-fotografico-de-oro-verde-mir-como-te-miro\/#primaryimage"},"thumbnailUrl":"https:\/\/oroverde.gob.ar\/portal\/wp-content\/uploads\/2025\/11\/DSC0671-scaled.jpg","datePublished":"2025-11-10T15:42:58+00:00","dateModified":"2025-11-10T15:43:11+00:00","breadcrumb":{"@id":"https:\/\/oroverde.gob.ar\/portal\/ya-puede-visitarse-la-muestra-del-iv-concurso-fotografico-de-oro-verde-mir-como-te-miro\/#breadcrumb"},"inLanguage":"es","potentialAction":[{"@type":"ReadAction","target":["https:\/\/oroverde.gob.ar\/portal\/ya-puede-visitarse-la-muestra-del-iv-concurso-fotografico-de-oro-verde-mir-como-te-miro\/"]}]},{"@type":"ImageObject","inLanguage":"es","@id":"https:\/\/oroverde.gob.ar\/portal\/ya-puede-visitarse-la-muestra-del-iv-concurso-fotografico-de-oro-verde-mir-como-te-miro\/#primaryimage","url":"https:\/\/oroverde.gob.ar\/portal\/wp-content\/uploads\/2025\/11\/DSC0671-scaled.jpg","contentUrl":"https:\/\/oroverde.gob.ar\/portal\/wp-content\/uploads\/2025\/11\/DSC0671-scaled.jpg","width":2560,"height":1708},{"@type":"BreadcrumbList","@id":"https:\/\/oroverde.gob.ar\/portal\/ya-puede-visitarse-la-muestra-del-iv-concurso-fotografico-de-oro-verde-mir-como-te-miro\/#breadcrumb","itemListElement":[{"@type":"ListItem","position":1,"name":"Portada","item":"https:\/\/oroverde.gob.ar\/portal\/"},{"@type":"ListItem","position":2,"name":"Ya puede visitarse la muestra del IV Concurso Fotogr\u00e1fico de Oro Verde, mir c\u00f3mo te miro\u201d"}]},{"@type":"WebSite","@id":"https:\/\/oroverde.gob.ar\/portal\/#website","url":"https:\/\/oroverde.gob.ar\/portal\/","name":"Municipio de Oro Verde","description":"Web Oficial","publisher":{"@id":"https:\/\/oroverde.gob.ar\/portal\/#organization"},"potentialAction":[{"@type":"SearchAction","target":{"@type":"EntryPoint","urlTemplate":"https:\/\/oroverde.gob.ar\/portal\/?s={search_term_string}"},"query-input":{"@type":"PropertyValueSpecification","valueRequired":true,"valueName":"search_term_string"}}],"inLanguage":"es"},{"@type":"Organization","@id":"https:\/\/oroverde.gob.ar\/portal\/#organization","name":"Municipio de Oro Verde","url":"https:\/\/oroverde.gob.ar\/portal\/","logo":{"@type":"ImageObject","inLanguage":"es","@id":"https:\/\/oroverde.gob.ar\/portal\/#\/schema\/logo\/image\/","url":"https:\/\/oroverde.gob.ar\/portal\/wp-content\/uploads\/2024\/06\/cropped-cropped-logo-1.png","contentUrl":"https:\/\/oroverde.gob.ar\/portal\/wp-content\/uploads\/2024\/06\/cropped-cropped-logo-1.png","width":1776,"height":738,"caption":"Municipio de Oro Verde"},"image":{"@id":"https:\/\/oroverde.gob.ar\/portal\/#\/schema\/logo\/image\/"}},{"@type":"Person","@id":"https:\/\/oroverde.gob.ar\/portal\/#\/schema\/person\/b975e0cbcd43b7dcf9c64511ec84f10f","name":"Soledad","image":{"@type":"ImageObject","inLanguage":"es","@id":"https:\/\/secure.gravatar.com\/avatar\/b2f5b6cda565395f31dc94c95932b9b3fbe6275bad58a1579843d3d1607d4a66?s=96&d=mm&r=g","url":"https:\/\/secure.gravatar.com\/avatar\/b2f5b6cda565395f31dc94c95932b9b3fbe6275bad58a1579843d3d1607d4a66?s=96&d=mm&r=g","contentUrl":"https:\/\/secure.gravatar.com\/avatar\/b2f5b6cda565395f31dc94c95932b9b3fbe6275bad58a1579843d3d1607d4a66?s=96&d=mm&r=g","caption":"Soledad"},"url":"https:\/\/oroverde.gob.ar\/portal\/author\/soledad\/"}]}},"_links":{"self":[{"href":"https:\/\/oroverde.gob.ar\/portal\/wp-json\/wp\/v2\/posts\/7331","targetHints":{"allow":["GET"]}}],"collection":[{"href":"https:\/\/oroverde.gob.ar\/portal\/wp-json\/wp\/v2\/posts"}],"about":[{"href":"https:\/\/oroverde.gob.ar\/portal\/wp-json\/wp\/v2\/types\/post"}],"author":[{"embeddable":true,"href":"https:\/\/oroverde.gob.ar\/portal\/wp-json\/wp\/v2\/users\/3"}],"replies":[{"embeddable":true,"href":"https:\/\/oroverde.gob.ar\/portal\/wp-json\/wp\/v2\/comments?post=7331"}],"version-history":[{"count":2,"href":"https:\/\/oroverde.gob.ar\/portal\/wp-json\/wp\/v2\/posts\/7331\/revisions"}],"predecessor-version":[{"id":7341,"href":"https:\/\/oroverde.gob.ar\/portal\/wp-json\/wp\/v2\/posts\/7331\/revisions\/7341"}],"wp:featuredmedia":[{"embeddable":true,"href":"https:\/\/oroverde.gob.ar\/portal\/wp-json\/wp\/v2\/media\/7340"}],"wp:attachment":[{"href":"https:\/\/oroverde.gob.ar\/portal\/wp-json\/wp\/v2\/media?parent=7331"}],"wp:term":[{"taxonomy":"category","embeddable":true,"href":"https:\/\/oroverde.gob.ar\/portal\/wp-json\/wp\/v2\/categories?post=7331"},{"taxonomy":"post_tag","embeddable":true,"href":"https:\/\/oroverde.gob.ar\/portal\/wp-json\/wp\/v2\/tags?post=7331"}],"curies":[{"name":"wp","href":"https:\/\/api.w.org\/{rel}","templated":true}]}}