{"id":7378,"date":"2025-12-04T12:00:30","date_gmt":"2025-12-04T15:00:30","guid":{"rendered":"https:\/\/oroverde.gob.ar\/portal\/?p=7378"},"modified":"2025-12-04T12:07:21","modified_gmt":"2025-12-04T15:07:21","slug":"edicion-2025-de-la-feria-navidena-regala-local","status":"publish","type":"post","link":"https:\/\/oroverde.gob.ar\/portal\/edicion-2025-de-la-feria-navidena-regala-local\/","title":{"rendered":"Edici\u00f3n 2025 de la feria navide\u00f1a \u201cRegal\u00e1 local\u201d"},"content":{"rendered":"<div class=\"xdj266r x14z9mp xat24cr x1lziwak x1vvkbs x126k92a\">\n<div dir=\"auto\">Habr\u00e1 una nueva edici\u00f3n de la Feria Navide\u00f1a \u00abRegal\u00e1 Local\u00bb. Ser\u00e1 en calle Los Jacarandaes desde Av. Intendente Del Castillo hasta Los Jilgueros, y Av. Intendente del Castillo hacia Los Sauces, y hacia Av. Los Cha\u00f1ares. En esta ocasi\u00f3n ser\u00e1 el 20 de diciembre a partir de las 20 hs y 21 de diciembre desde las 18 hs.<\/div>\n<\/div>\n<div class=\"x14z9mp xat24cr x1lziwak x1vvkbs xtlvy1s x126k92a\">\n<div dir=\"auto\">Estos tramos de las calles se transformar\u00e1n en peatonal, los negocios ubicados all\u00ed estar\u00e1n abiertos y se instalar\u00e1n diferentes puestos de venta de vecinos que tengan emprendimientos, showroom, o ganas de vender la producci\u00f3n propia.<\/div>\n<\/div>\n<div class=\"x14z9mp xat24cr x1lziwak x1vvkbs xtlvy1s x126k92a\">\n<div dir=\"auto\">El acceso para quienes deseen participar es gratuito y SOLO PUEDEN HACERLO QUIENES REALICEN LA ACTIVIDAD COMERCIAL EN ORO VERDE.<\/div>\n<\/div>\n<div class=\"x14z9mp xat24cr x1lziwak x1vvkbs xtlvy1s x126k92a\">\n<div dir=\"auto\">En la feria los vecinos podr\u00e1n encontrar todo lo necesario para estas fiestas, que tendr\u00e1n diversas ofertas y promociones para las compras.<\/div>\n<\/div>\n<div class=\"x14z9mp xat24cr x1lziwak x1vvkbs xtlvy1s x126k92a\">\n<div dir=\"auto\">Para formar parte los comercios que no se ubiquen en esta calle y quieran participar (no podr\u00e1n hacerlo con comidas, ni bebidas) deber\u00e1n inscribirse hasta el 10 de diciembre mediante este formulario: <span class=\"html-span xdj266r x14z9mp xat24cr x1lziwak xexx8yu xyri2b x18d9i69 x1c1uobl x1hl2dhg x16tdsg8 x1vvkbs\"><a class=\"x1i10hfl xjbqb8w x1ejq31n x18oe1m7 x1sy0etr xstzfhl x972fbf x10w94by x1qhh985 x14e42zd x9f619 x1ypdohk xt0psk2 x3ct3a4 xdj266r x14z9mp xat24cr x1lziwak xexx8yu xyri2b x18d9i69 x1c1uobl x16tdsg8 x1hl2dhg xggy1nq x1a2a7pz xkrqix3 x1sur9pj x1fey0fg x1s688f\" tabindex=\"0\" role=\"link\" href=\"https:\/\/forms.gle\/goL1z6PeVrYtEG6F6?fbclid=IwZXh0bgNhZW0CMTAAYnJpZBExYVJGVEZJMTBvMUd2aTV3Q3NydGMGYXBwX2lkEDIyMjAzOTE3ODgyMDA4OTIAAR5-DqvkHU2mbQQxgcc0RskSLjIBo9czbZiJoOxPhBBWd514v7iek4jhonnEpw_aem_jrVGfMzyviFtAi_-TqBROg\" target=\"_blank\" rel=\"nofollow noopener noreferrer\">https:\/\/forms.gle\/goL1z6PeVrYtEG6F6<\/a><\/span><\/div>\n<\/div>\n","protected":false},"excerpt":{"rendered":"<p>Habr\u00e1 una nueva edici\u00f3n de la Feria Navide\u00f1a \u00abRegal\u00e1 Local\u00bb. Ser\u00e1 en calle Los Jacarandaes desde Av. Intendente Del Castillo hasta Los Jilgueros, y Av. Intendente del Castillo hacia Los Sauces, y hacia Av. Los Cha\u00f1ares. En esta ocasi\u00f3n ser\u00e1 el 20 de &hellip;<\/p>\n","protected":false},"author":3,"featured_media":7379,"comment_status":"closed","ping_status":"closed","sticky":false,"template":"","format":"standard","meta":{"footnotes":""},"categories":[1],"tags":[],"class_list":["post-7378","post","type-post","status-publish","format-standard","has-post-thumbnail","hentry","category-municipio"],"yoast_head":"<!-- This site is optimized with the Yoast SEO plugin v27.5 - https:\/\/yoast.com\/product\/yoast-seo-wordpress\/ -->\n<title>Edici\u00f3n 2025 de la feria navide\u00f1a \u201cRegal\u00e1 local\u201d - Municipio de Oro Verde<\/title>\n<meta name=\"robots\" content=\"index, follow, max-snippet:-1, max-image-preview:large, max-video-preview:-1\" \/>\n<link rel=\"canonical\" href=\"https:\/\/oroverde.gob.ar\/portal\/edicion-2025-de-la-feria-navidena-regala-local\/\" \/>\n<meta property=\"og:locale\" content=\"es_ES\" \/>\n<meta property=\"og:type\" content=\"article\" \/>\n<meta property=\"og:title\" content=\"Edici\u00f3n 2025 de la feria navide\u00f1a \u201cRegal\u00e1 local\u201d - Municipio de Oro Verde\" \/>\n<meta property=\"og:description\" content=\"Habr\u00e1 una nueva edici\u00f3n de la Feria Navide\u00f1a \u00abRegal\u00e1 Local\u00bb. Ser\u00e1 en calle Los Jacarandaes desde Av. Intendente Del Castillo hasta Los Jilgueros, y Av. Intendente del Castillo hacia Los Sauces, y hacia Av. Los Cha\u00f1ares. En esta ocasi\u00f3n ser\u00e1 el 20 de &hellip;\" \/>\n<meta property=\"og:url\" content=\"https:\/\/oroverde.gob.ar\/portal\/edicion-2025-de-la-feria-navidena-regala-local\/\" \/>\n<meta property=\"og:site_name\" content=\"Municipio de Oro Verde\" \/>\n<meta property=\"article:published_time\" content=\"2025-12-04T15:00:30+00:00\" \/>\n<meta property=\"article:modified_time\" content=\"2025-12-04T15:07:21+00:00\" \/>\n<meta property=\"og:image\" content=\"https:\/\/oroverde.gob.ar\/portal\/wp-content\/uploads\/2025\/11\/7885c84e-9635-4b7c-aad7-0298ded10bc4.jpeg\" \/>\n\t<meta property=\"og:image:width\" content=\"1600\" \/>\n\t<meta property=\"og:image:height\" content=\"1067\" \/>\n\t<meta property=\"og:image:type\" content=\"image\/jpeg\" \/>\n<meta name=\"author\" content=\"Soledad\" \/>\n<meta name=\"twitter:card\" content=\"summary_large_image\" \/>\n<meta name=\"twitter:label1\" content=\"Escrito por\" \/>\n\t<meta name=\"twitter:data1\" content=\"Soledad\" \/>\n\t<meta name=\"twitter:label2\" content=\"Tiempo de lectura\" \/>\n\t<meta name=\"twitter:data2\" content=\"1 minuto\" \/>\n<script type=\"application\/ld+json\" class=\"yoast-schema-graph\">{\"@context\":\"https:\\\/\\\/schema.org\",\"@graph\":[{\"@type\":\"Article\",\"@id\":\"https:\\\/\\\/oroverde.gob.ar\\\/portal\\\/edicion-2025-de-la-feria-navidena-regala-local\\\/#article\",\"isPartOf\":{\"@id\":\"https:\\\/\\\/oroverde.gob.ar\\\/portal\\\/edicion-2025-de-la-feria-navidena-regala-local\\\/\"},\"author\":{\"name\":\"Soledad\",\"@id\":\"https:\\\/\\\/oroverde.gob.ar\\\/portal\\\/#\\\/schema\\\/person\\\/b975e0cbcd43b7dcf9c64511ec84f10f\"},\"headline\":\"Edici\u00f3n 2025 de la feria navide\u00f1a \u201cRegal\u00e1 local\u201d\",\"datePublished\":\"2025-12-04T15:00:30+00:00\",\"dateModified\":\"2025-12-04T15:07:21+00:00\",\"mainEntityOfPage\":{\"@id\":\"https:\\\/\\\/oroverde.gob.ar\\\/portal\\\/edicion-2025-de-la-feria-navidena-regala-local\\\/\"},\"wordCount\":190,\"publisher\":{\"@id\":\"https:\\\/\\\/oroverde.gob.ar\\\/portal\\\/#organization\"},\"image\":{\"@id\":\"https:\\\/\\\/oroverde.gob.ar\\\/portal\\\/edicion-2025-de-la-feria-navidena-regala-local\\\/#primaryimage\"},\"thumbnailUrl\":\"https:\\\/\\\/oroverde.gob.ar\\\/portal\\\/wp-content\\\/uploads\\\/2025\\\/11\\\/7885c84e-9635-4b7c-aad7-0298ded10bc4.jpeg\",\"articleSection\":[\"Municipio\"],\"inLanguage\":\"es\"},{\"@type\":\"WebPage\",\"@id\":\"https:\\\/\\\/oroverde.gob.ar\\\/portal\\\/edicion-2025-de-la-feria-navidena-regala-local\\\/\",\"url\":\"https:\\\/\\\/oroverde.gob.ar\\\/portal\\\/edicion-2025-de-la-feria-navidena-regala-local\\\/\",\"name\":\"Edici\u00f3n 2025 de la feria navide\u00f1a \u201cRegal\u00e1 local\u201d - Municipio de Oro Verde\",\"isPartOf\":{\"@id\":\"https:\\\/\\\/oroverde.gob.ar\\\/portal\\\/#website\"},\"primaryImageOfPage\":{\"@id\":\"https:\\\/\\\/oroverde.gob.ar\\\/portal\\\/edicion-2025-de-la-feria-navidena-regala-local\\\/#primaryimage\"},\"image\":{\"@id\":\"https:\\\/\\\/oroverde.gob.ar\\\/portal\\\/edicion-2025-de-la-feria-navidena-regala-local\\\/#primaryimage\"},\"thumbnailUrl\":\"https:\\\/\\\/oroverde.gob.ar\\\/portal\\\/wp-content\\\/uploads\\\/2025\\\/11\\\/7885c84e-9635-4b7c-aad7-0298ded10bc4.jpeg\",\"datePublished\":\"2025-12-04T15:00:30+00:00\",\"dateModified\":\"2025-12-04T15:07:21+00:00\",\"breadcrumb\":{\"@id\":\"https:\\\/\\\/oroverde.gob.ar\\\/portal\\\/edicion-2025-de-la-feria-navidena-regala-local\\\/#breadcrumb\"},\"inLanguage\":\"es\",\"potentialAction\":[{\"@type\":\"ReadAction\",\"target\":[\"https:\\\/\\\/oroverde.gob.ar\\\/portal\\\/edicion-2025-de-la-feria-navidena-regala-local\\\/\"]}]},{\"@type\":\"ImageObject\",\"inLanguage\":\"es\",\"@id\":\"https:\\\/\\\/oroverde.gob.ar\\\/portal\\\/edicion-2025-de-la-feria-navidena-regala-local\\\/#primaryimage\",\"url\":\"https:\\\/\\\/oroverde.gob.ar\\\/portal\\\/wp-content\\\/uploads\\\/2025\\\/11\\\/7885c84e-9635-4b7c-aad7-0298ded10bc4.jpeg\",\"contentUrl\":\"https:\\\/\\\/oroverde.gob.ar\\\/portal\\\/wp-content\\\/uploads\\\/2025\\\/11\\\/7885c84e-9635-4b7c-aad7-0298ded10bc4.jpeg\",\"width\":1600,\"height\":1067},{\"@type\":\"BreadcrumbList\",\"@id\":\"https:\\\/\\\/oroverde.gob.ar\\\/portal\\\/edicion-2025-de-la-feria-navidena-regala-local\\\/#breadcrumb\",\"itemListElement\":[{\"@type\":\"ListItem\",\"position\":1,\"name\":\"Portada\",\"item\":\"https:\\\/\\\/oroverde.gob.ar\\\/portal\\\/\"},{\"@type\":\"ListItem\",\"position\":2,\"name\":\"Edici\u00f3n 2025 de la feria navide\u00f1a \u201cRegal\u00e1 local\u201d\"}]},{\"@type\":\"WebSite\",\"@id\":\"https:\\\/\\\/oroverde.gob.ar\\\/portal\\\/#website\",\"url\":\"https:\\\/\\\/oroverde.gob.ar\\\/portal\\\/\",\"name\":\"Municipio de Oro Verde\",\"description\":\"Web Oficial\",\"publisher\":{\"@id\":\"https:\\\/\\\/oroverde.gob.ar\\\/portal\\\/#organization\"},\"potentialAction\":[{\"@type\":\"SearchAction\",\"target\":{\"@type\":\"EntryPoint\",\"urlTemplate\":\"https:\\\/\\\/oroverde.gob.ar\\\/portal\\\/?s={search_term_string}\"},\"query-input\":{\"@type\":\"PropertyValueSpecification\",\"valueRequired\":true,\"valueName\":\"search_term_string\"}}],\"inLanguage\":\"es\"},{\"@type\":\"Organization\",\"@id\":\"https:\\\/\\\/oroverde.gob.ar\\\/portal\\\/#organization\",\"name\":\"Municipio de Oro Verde\",\"url\":\"https:\\\/\\\/oroverde.gob.ar\\\/portal\\\/\",\"logo\":{\"@type\":\"ImageObject\",\"inLanguage\":\"es\",\"@id\":\"https:\\\/\\\/oroverde.gob.ar\\\/portal\\\/#\\\/schema\\\/logo\\\/image\\\/\",\"url\":\"https:\\\/\\\/oroverde.gob.ar\\\/portal\\\/wp-content\\\/uploads\\\/2024\\\/06\\\/cropped-cropped-logo-1.png\",\"contentUrl\":\"https:\\\/\\\/oroverde.gob.ar\\\/portal\\\/wp-content\\\/uploads\\\/2024\\\/06\\\/cropped-cropped-logo-1.png\",\"width\":1776,\"height\":738,\"caption\":\"Municipio de Oro Verde\"},\"image\":{\"@id\":\"https:\\\/\\\/oroverde.gob.ar\\\/portal\\\/#\\\/schema\\\/logo\\\/image\\\/\"}},{\"@type\":\"Person\",\"@id\":\"https:\\\/\\\/oroverde.gob.ar\\\/portal\\\/#\\\/schema\\\/person\\\/b975e0cbcd43b7dcf9c64511ec84f10f\",\"name\":\"Soledad\",\"image\":{\"@type\":\"ImageObject\",\"inLanguage\":\"es\",\"@id\":\"https:\\\/\\\/secure.gravatar.com\\\/avatar\\\/b2f5b6cda565395f31dc94c95932b9b3fbe6275bad58a1579843d3d1607d4a66?s=96&d=mm&r=g\",\"url\":\"https:\\\/\\\/secure.gravatar.com\\\/avatar\\\/b2f5b6cda565395f31dc94c95932b9b3fbe6275bad58a1579843d3d1607d4a66?s=96&d=mm&r=g\",\"contentUrl\":\"https:\\\/\\\/secure.gravatar.com\\\/avatar\\\/b2f5b6cda565395f31dc94c95932b9b3fbe6275bad58a1579843d3d1607d4a66?s=96&d=mm&r=g\",\"caption\":\"Soledad\"},\"url\":\"https:\\\/\\\/oroverde.gob.ar\\\/portal\\\/author\\\/soledad\\\/\"}]}<\/script>\n<!-- \/ Yoast SEO plugin. -->","yoast_head_json":{"title":"Edici\u00f3n 2025 de la feria navide\u00f1a \u201cRegal\u00e1 local\u201d - Municipio de Oro Verde","robots":{"index":"index","follow":"follow","max-snippet":"max-snippet:-1","max-image-preview":"max-image-preview:large","max-video-preview":"max-video-preview:-1"},"canonical":"https:\/\/oroverde.gob.ar\/portal\/edicion-2025-de-la-feria-navidena-regala-local\/","og_locale":"es_ES","og_type":"article","og_title":"Edici\u00f3n 2025 de la feria navide\u00f1a \u201cRegal\u00e1 local\u201d - Municipio de Oro Verde","og_description":"Habr\u00e1 una nueva edici\u00f3n de la Feria Navide\u00f1a \u00abRegal\u00e1 Local\u00bb. Ser\u00e1 en calle Los Jacarandaes desde Av. Intendente Del Castillo hasta Los Jilgueros, y Av. Intendente del Castillo hacia Los Sauces, y hacia Av. Los Cha\u00f1ares. En esta ocasi\u00f3n ser\u00e1 el 20 de &hellip;","og_url":"https:\/\/oroverde.gob.ar\/portal\/edicion-2025-de-la-feria-navidena-regala-local\/","og_site_name":"Municipio de Oro Verde","article_published_time":"2025-12-04T15:00:30+00:00","article_modified_time":"2025-12-04T15:07:21+00:00","og_image":[{"width":1600,"height":1067,"url":"https:\/\/oroverde.gob.ar\/portal\/wp-content\/uploads\/2025\/11\/7885c84e-9635-4b7c-aad7-0298ded10bc4.jpeg","type":"image\/jpeg"}],"author":"Soledad","twitter_card":"summary_large_image","twitter_misc":{"Escrito por":"Soledad","Tiempo de lectura":"1 minuto"},"schema":{"@context":"https:\/\/schema.org","@graph":[{"@type":"Article","@id":"https:\/\/oroverde.gob.ar\/portal\/edicion-2025-de-la-feria-navidena-regala-local\/#article","isPartOf":{"@id":"https:\/\/oroverde.gob.ar\/portal\/edicion-2025-de-la-feria-navidena-regala-local\/"},"author":{"name":"Soledad","@id":"https:\/\/oroverde.gob.ar\/portal\/#\/schema\/person\/b975e0cbcd43b7dcf9c64511ec84f10f"},"headline":"Edici\u00f3n 2025 de la feria navide\u00f1a \u201cRegal\u00e1 local\u201d","datePublished":"2025-12-04T15:00:30+00:00","dateModified":"2025-12-04T15:07:21+00:00","mainEntityOfPage":{"@id":"https:\/\/oroverde.gob.ar\/portal\/edicion-2025-de-la-feria-navidena-regala-local\/"},"wordCount":190,"publisher":{"@id":"https:\/\/oroverde.gob.ar\/portal\/#organization"},"image":{"@id":"https:\/\/oroverde.gob.ar\/portal\/edicion-2025-de-la-feria-navidena-regala-local\/#primaryimage"},"thumbnailUrl":"https:\/\/oroverde.gob.ar\/portal\/wp-content\/uploads\/2025\/11\/7885c84e-9635-4b7c-aad7-0298ded10bc4.jpeg","articleSection":["Municipio"],"inLanguage":"es"},{"@type":"WebPage","@id":"https:\/\/oroverde.gob.ar\/portal\/edicion-2025-de-la-feria-navidena-regala-local\/","url":"https:\/\/oroverde.gob.ar\/portal\/edicion-2025-de-la-feria-navidena-regala-local\/","name":"Edici\u00f3n 2025 de la feria navide\u00f1a \u201cRegal\u00e1 local\u201d - Municipio de Oro Verde","isPartOf":{"@id":"https:\/\/oroverde.gob.ar\/portal\/#website"},"primaryImageOfPage":{"@id":"https:\/\/oroverde.gob.ar\/portal\/edicion-2025-de-la-feria-navidena-regala-local\/#primaryimage"},"image":{"@id":"https:\/\/oroverde.gob.ar\/portal\/edicion-2025-de-la-feria-navidena-regala-local\/#primaryimage"},"thumbnailUrl":"https:\/\/oroverde.gob.ar\/portal\/wp-content\/uploads\/2025\/11\/7885c84e-9635-4b7c-aad7-0298ded10bc4.jpeg","datePublished":"2025-12-04T15:00:30+00:00","dateModified":"2025-12-04T15:07:21+00:00","breadcrumb":{"@id":"https:\/\/oroverde.gob.ar\/portal\/edicion-2025-de-la-feria-navidena-regala-local\/#breadcrumb"},"inLanguage":"es","potentialAction":[{"@type":"ReadAction","target":["https:\/\/oroverde.gob.ar\/portal\/edicion-2025-de-la-feria-navidena-regala-local\/"]}]},{"@type":"ImageObject","inLanguage":"es","@id":"https:\/\/oroverde.gob.ar\/portal\/edicion-2025-de-la-feria-navidena-regala-local\/#primaryimage","url":"https:\/\/oroverde.gob.ar\/portal\/wp-content\/uploads\/2025\/11\/7885c84e-9635-4b7c-aad7-0298ded10bc4.jpeg","contentUrl":"https:\/\/oroverde.gob.ar\/portal\/wp-content\/uploads\/2025\/11\/7885c84e-9635-4b7c-aad7-0298ded10bc4.jpeg","width":1600,"height":1067},{"@type":"BreadcrumbList","@id":"https:\/\/oroverde.gob.ar\/portal\/edicion-2025-de-la-feria-navidena-regala-local\/#breadcrumb","itemListElement":[{"@type":"ListItem","position":1,"name":"Portada","item":"https:\/\/oroverde.gob.ar\/portal\/"},{"@type":"ListItem","position":2,"name":"Edici\u00f3n 2025 de la feria navide\u00f1a \u201cRegal\u00e1 local\u201d"}]},{"@type":"WebSite","@id":"https:\/\/oroverde.gob.ar\/portal\/#website","url":"https:\/\/oroverde.gob.ar\/portal\/","name":"Municipio de Oro Verde","description":"Web Oficial","publisher":{"@id":"https:\/\/oroverde.gob.ar\/portal\/#organization"},"potentialAction":[{"@type":"SearchAction","target":{"@type":"EntryPoint","urlTemplate":"https:\/\/oroverde.gob.ar\/portal\/?s={search_term_string}"},"query-input":{"@type":"PropertyValueSpecification","valueRequired":true,"valueName":"search_term_string"}}],"inLanguage":"es"},{"@type":"Organization","@id":"https:\/\/oroverde.gob.ar\/portal\/#organization","name":"Municipio de Oro Verde","url":"https:\/\/oroverde.gob.ar\/portal\/","logo":{"@type":"ImageObject","inLanguage":"es","@id":"https:\/\/oroverde.gob.ar\/portal\/#\/schema\/logo\/image\/","url":"https:\/\/oroverde.gob.ar\/portal\/wp-content\/uploads\/2024\/06\/cropped-cropped-logo-1.png","contentUrl":"https:\/\/oroverde.gob.ar\/portal\/wp-content\/uploads\/2024\/06\/cropped-cropped-logo-1.png","width":1776,"height":738,"caption":"Municipio de Oro Verde"},"image":{"@id":"https:\/\/oroverde.gob.ar\/portal\/#\/schema\/logo\/image\/"}},{"@type":"Person","@id":"https:\/\/oroverde.gob.ar\/portal\/#\/schema\/person\/b975e0cbcd43b7dcf9c64511ec84f10f","name":"Soledad","image":{"@type":"ImageObject","inLanguage":"es","@id":"https:\/\/secure.gravatar.com\/avatar\/b2f5b6cda565395f31dc94c95932b9b3fbe6275bad58a1579843d3d1607d4a66?s=96&d=mm&r=g","url":"https:\/\/secure.gravatar.com\/avatar\/b2f5b6cda565395f31dc94c95932b9b3fbe6275bad58a1579843d3d1607d4a66?s=96&d=mm&r=g","contentUrl":"https:\/\/secure.gravatar.com\/avatar\/b2f5b6cda565395f31dc94c95932b9b3fbe6275bad58a1579843d3d1607d4a66?s=96&d=mm&r=g","caption":"Soledad"},"url":"https:\/\/oroverde.gob.ar\/portal\/author\/soledad\/"}]}},"_links":{"self":[{"href":"https:\/\/oroverde.gob.ar\/portal\/wp-json\/wp\/v2\/posts\/7378","targetHints":{"allow":["GET"]}}],"collection":[{"href":"https:\/\/oroverde.gob.ar\/portal\/wp-json\/wp\/v2\/posts"}],"about":[{"href":"https:\/\/oroverde.gob.ar\/portal\/wp-json\/wp\/v2\/types\/post"}],"author":[{"embeddable":true,"href":"https:\/\/oroverde.gob.ar\/portal\/wp-json\/wp\/v2\/users\/3"}],"replies":[{"embeddable":true,"href":"https:\/\/oroverde.gob.ar\/portal\/wp-json\/wp\/v2\/comments?post=7378"}],"version-history":[{"count":2,"href":"https:\/\/oroverde.gob.ar\/portal\/wp-json\/wp\/v2\/posts\/7378\/revisions"}],"predecessor-version":[{"id":7432,"href":"https:\/\/oroverde.gob.ar\/portal\/wp-json\/wp\/v2\/posts\/7378\/revisions\/7432"}],"wp:featuredmedia":[{"embeddable":true,"href":"https:\/\/oroverde.gob.ar\/portal\/wp-json\/wp\/v2\/media\/7379"}],"wp:attachment":[{"href":"https:\/\/oroverde.gob.ar\/portal\/wp-json\/wp\/v2\/media?parent=7378"}],"wp:term":[{"taxonomy":"category","embeddable":true,"href":"https:\/\/oroverde.gob.ar\/portal\/wp-json\/wp\/v2\/categories?post=7378"},{"taxonomy":"post_tag","embeddable":true,"href":"https:\/\/oroverde.gob.ar\/portal\/wp-json\/wp\/v2\/tags?post=7378"}],"curies":[{"name":"wp","href":"https:\/\/api.w.org\/{rel}","templated":true}]}}