{"id":7388,"date":"2025-11-20T12:05:35","date_gmt":"2025-11-20T15:05:35","guid":{"rendered":"https:\/\/oroverde.gob.ar\/portal\/?p=7388"},"modified":"2025-11-20T12:07:21","modified_gmt":"2025-11-20T15:07:21","slug":"comienza-la-temporada-en-el-complejo-de-piletas-municipal","status":"publish","type":"post","link":"https:\/\/oroverde.gob.ar\/portal\/comienza-la-temporada-en-el-complejo-de-piletas-municipal\/","title":{"rendered":"Comienza la temporada en el Complejo de Piletas municipal"},"content":{"rendered":"<p>Este viernes 21 de noviembre abre sus puertas al p\u00fablico el Complejo Municipal de Piletas, ubicado en la intersecci\u00f3n de Las Tacuaritas y Los Sauces. Este espacio dispone de piletas de diferentes dimensiones, cantina dentro de las instalaciones, una veintena de quinchos para sombra y canchas de beach v\u00f3ley.<br \/>\nRequisitos, precios y horarios:<br \/>\nPara ingresar a las piletas es obligatorio realizarse una revisaci\u00f3n m\u00e9dica que se hace de forma gratuita con un profesional de la salud en el mismo complejo, la primera vez que se ingresa y tiene una validez de 30 d\u00edas.<br \/>\nEn cuanto los horarios, el Complejo funcionar\u00e1 en noviembre los fines de semana y feriados. Desde el 1\u00ba hasta el 18 de diciembre de lunes a jueves a partir de las 15 hs y hasta finalizar la temporada de lunes a jueves de 13 a 20 hs. Viernes, s\u00e1bados y v\u00edsperas de feriados de 13 a 21 hs. Domingos y feriados de 13 a 20:30 hs.<br \/>\nLos vecinos de Oro Verde tienen descuento sobre la entrada general, los socios de clubes de la localidad y personal de Bomberos Voluntarios de Oro Verde.<\/p>\n<p>Precios para oroverdenses:<br \/>\nPor d\u00eda $2.500, de lunes a jueves. Viernes, s\u00e1bados, domingos y feriados $3.000. Menores de 12 a\u00f1os abonan por d\u00eda $1.000.<br \/>\nPrecios para visitantes:<br \/>\nAdultos: $5.000 de lunes a jueves. Viernes, s\u00e1bados, domingo y feriado $8.000.<br \/>\nMenores de 12 a\u00f1os $3.000 de lunes a jueves. Viernes, s\u00e1bados, domingo y feriado $6.000.<br \/>\nMenores de 3 a\u00f1os, oroverdenses y visitantes: entrada gratuita.<br \/>\nPersonas con discapacidad: sin cargo, previa acreditaci\u00f3n.<br \/>\nJubilados oroverdenses: sin cargo.<br \/>\nJubilados visitantes: $3.000 de lunes a jueves. Viernes, s\u00e1bados, domingo y feriado $5.000.<br \/>\nSocios de clubes menores de 12 a\u00f1os inclusive por d\u00eda $1.000 (deber\u00e1n presentar el comprobante de cuota al d\u00eda al ingresar).<br \/>\nSocios de clubes mayores: de lunes a jueves $2.000. Viernes, s\u00e1bados, domingo y feriado $3.000 (deber\u00e1n presentar el comprobante de cuota al d\u00eda al ingresar).<br \/>\nMiembros de la Asociaci\u00f3n Bomberos Voluntarios de Oro Verde: de lunes a jueves $2.500. Viernes, s\u00e1bados, domingo y feriado $3.000<br \/>\nEn cuanto a los abonos mensuales y por temporada, el tarifario es el siguiente, seg\u00fan categor\u00eda:<br \/>\nPara oroverdenses de manera individual, se establece un abono mensual de $60.000, por temporada de $180.000. En el caso de los menores, pagar\u00e1n mensualmente $20.000 y por temporada $60.000.<br \/>\nPor grupo familiar residente de Oro Verde de hasta cuatro miembros abonar\u00e1n: Mensual $100.000 y por temporada: $200.000. El adicional por hijo, se establece en mensual $30.000 y por temporada en $80.000.<br \/>\nEn cuanto al visitante de manera individual abonar\u00e1 por mes $160.000 y por temporada $480.000. En el caso de los menores ser\u00e1 mensual $100.000 y por temporada $300.000.<br \/>\nPor grupo familiar visitante de hasta 4 miembros se abonar\u00e1 de manera mensual $180.000 y por temporada $450.000. Adicional por hijo, mensual $50.000 y temporada completa $140.000.<br \/>\nSocios clubes menores no residentes (que pertenezcan a localidades cercanas): por mes $20.000 y por temporada $60.000<br \/>\nSocios clubes mayores no residentes (que pertenezcan a localidades cercanas): por mes $60.000 y por temporada $180.000.<br \/>\nMiembros de la Asociaci\u00f3n de Bomberos Voluntarios de Oro Verde: mensual: $60.000 Temporada: $180.000<br \/>\nPersonas con discapacidad y un acompa\u00f1ante: sin cargo (previa acreditaci\u00f3n)<\/p>\n","protected":false},"excerpt":{"rendered":"<p>Este viernes 21 de noviembre abre sus puertas al p\u00fablico el Complejo Municipal de Piletas, ubicado en la intersecci\u00f3n de Las Tacuaritas y Los Sauces. Este espacio dispone de piletas de diferentes dimensiones, cantina dentro de las instalaciones, una veintena de quinchos para &hellip;<\/p>\n","protected":false},"author":3,"featured_media":4674,"comment_status":"closed","ping_status":"closed","sticky":false,"template":"","format":"standard","meta":{"footnotes":""},"categories":[1],"tags":[],"class_list":["post-7388","post","type-post","status-publish","format-standard","has-post-thumbnail","hentry","category-municipio"],"yoast_head":"<!-- This site is optimized with the Yoast SEO plugin v27.5 - https:\/\/yoast.com\/product\/yoast-seo-wordpress\/ -->\n<title>Comienza la temporada en el Complejo de Piletas municipal - Municipio de Oro Verde<\/title>\n<meta name=\"robots\" content=\"index, follow, max-snippet:-1, max-image-preview:large, max-video-preview:-1\" \/>\n<link rel=\"canonical\" href=\"https:\/\/oroverde.gob.ar\/portal\/comienza-la-temporada-en-el-complejo-de-piletas-municipal\/\" \/>\n<meta property=\"og:locale\" content=\"es_ES\" \/>\n<meta property=\"og:type\" content=\"article\" \/>\n<meta property=\"og:title\" content=\"Comienza la temporada en el Complejo de Piletas municipal - Municipio de Oro Verde\" \/>\n<meta property=\"og:description\" content=\"Este viernes 21 de noviembre abre sus puertas al p\u00fablico el Complejo Municipal de Piletas, ubicado en la intersecci\u00f3n de Las Tacuaritas y Los Sauces. Este espacio dispone de piletas de diferentes dimensiones, cantina dentro de las instalaciones, una veintena de quinchos para &hellip;\" \/>\n<meta property=\"og:url\" content=\"https:\/\/oroverde.gob.ar\/portal\/comienza-la-temporada-en-el-complejo-de-piletas-municipal\/\" \/>\n<meta property=\"og:site_name\" content=\"Municipio de Oro Verde\" \/>\n<meta property=\"article:published_time\" content=\"2025-11-20T15:05:35+00:00\" \/>\n<meta property=\"article:modified_time\" content=\"2025-11-20T15:07:21+00:00\" \/>\n<meta property=\"og:image\" content=\"https:\/\/oroverde.gob.ar\/portal\/wp-content\/uploads\/2024\/11\/piles.jpeg\" \/>\n\t<meta property=\"og:image:width\" content=\"1600\" \/>\n\t<meta property=\"og:image:height\" content=\"1066\" \/>\n\t<meta property=\"og:image:type\" content=\"image\/jpeg\" \/>\n<meta name=\"author\" content=\"Soledad\" \/>\n<meta name=\"twitter:card\" content=\"summary_large_image\" \/>\n<meta name=\"twitter:label1\" content=\"Escrito por\" \/>\n\t<meta name=\"twitter:data1\" content=\"Soledad\" \/>\n\t<meta name=\"twitter:label2\" content=\"Tiempo de lectura\" \/>\n\t<meta name=\"twitter:data2\" content=\"3 minutos\" \/>\n<script type=\"application\/ld+json\" class=\"yoast-schema-graph\">{\"@context\":\"https:\\\/\\\/schema.org\",\"@graph\":[{\"@type\":\"Article\",\"@id\":\"https:\\\/\\\/oroverde.gob.ar\\\/portal\\\/comienza-la-temporada-en-el-complejo-de-piletas-municipal\\\/#article\",\"isPartOf\":{\"@id\":\"https:\\\/\\\/oroverde.gob.ar\\\/portal\\\/comienza-la-temporada-en-el-complejo-de-piletas-municipal\\\/\"},\"author\":{\"name\":\"Soledad\",\"@id\":\"https:\\\/\\\/oroverde.gob.ar\\\/portal\\\/#\\\/schema\\\/person\\\/b975e0cbcd43b7dcf9c64511ec84f10f\"},\"headline\":\"Comienza la temporada en el Complejo de Piletas municipal\",\"datePublished\":\"2025-11-20T15:05:35+00:00\",\"dateModified\":\"2025-11-20T15:07:21+00:00\",\"mainEntityOfPage\":{\"@id\":\"https:\\\/\\\/oroverde.gob.ar\\\/portal\\\/comienza-la-temporada-en-el-complejo-de-piletas-municipal\\\/\"},\"wordCount\":519,\"publisher\":{\"@id\":\"https:\\\/\\\/oroverde.gob.ar\\\/portal\\\/#organization\"},\"image\":{\"@id\":\"https:\\\/\\\/oroverde.gob.ar\\\/portal\\\/comienza-la-temporada-en-el-complejo-de-piletas-municipal\\\/#primaryimage\"},\"thumbnailUrl\":\"https:\\\/\\\/oroverde.gob.ar\\\/portal\\\/wp-content\\\/uploads\\\/2024\\\/11\\\/piles.jpeg\",\"articleSection\":[\"Municipio\"],\"inLanguage\":\"es\"},{\"@type\":\"WebPage\",\"@id\":\"https:\\\/\\\/oroverde.gob.ar\\\/portal\\\/comienza-la-temporada-en-el-complejo-de-piletas-municipal\\\/\",\"url\":\"https:\\\/\\\/oroverde.gob.ar\\\/portal\\\/comienza-la-temporada-en-el-complejo-de-piletas-municipal\\\/\",\"name\":\"Comienza la temporada en el Complejo de Piletas municipal - Municipio de Oro Verde\",\"isPartOf\":{\"@id\":\"https:\\\/\\\/oroverde.gob.ar\\\/portal\\\/#website\"},\"primaryImageOfPage\":{\"@id\":\"https:\\\/\\\/oroverde.gob.ar\\\/portal\\\/comienza-la-temporada-en-el-complejo-de-piletas-municipal\\\/#primaryimage\"},\"image\":{\"@id\":\"https:\\\/\\\/oroverde.gob.ar\\\/portal\\\/comienza-la-temporada-en-el-complejo-de-piletas-municipal\\\/#primaryimage\"},\"thumbnailUrl\":\"https:\\\/\\\/oroverde.gob.ar\\\/portal\\\/wp-content\\\/uploads\\\/2024\\\/11\\\/piles.jpeg\",\"datePublished\":\"2025-11-20T15:05:35+00:00\",\"dateModified\":\"2025-11-20T15:07:21+00:00\",\"breadcrumb\":{\"@id\":\"https:\\\/\\\/oroverde.gob.ar\\\/portal\\\/comienza-la-temporada-en-el-complejo-de-piletas-municipal\\\/#breadcrumb\"},\"inLanguage\":\"es\",\"potentialAction\":[{\"@type\":\"ReadAction\",\"target\":[\"https:\\\/\\\/oroverde.gob.ar\\\/portal\\\/comienza-la-temporada-en-el-complejo-de-piletas-municipal\\\/\"]}]},{\"@type\":\"ImageObject\",\"inLanguage\":\"es\",\"@id\":\"https:\\\/\\\/oroverde.gob.ar\\\/portal\\\/comienza-la-temporada-en-el-complejo-de-piletas-municipal\\\/#primaryimage\",\"url\":\"https:\\\/\\\/oroverde.gob.ar\\\/portal\\\/wp-content\\\/uploads\\\/2024\\\/11\\\/piles.jpeg\",\"contentUrl\":\"https:\\\/\\\/oroverde.gob.ar\\\/portal\\\/wp-content\\\/uploads\\\/2024\\\/11\\\/piles.jpeg\",\"width\":1600,\"height\":1066},{\"@type\":\"BreadcrumbList\",\"@id\":\"https:\\\/\\\/oroverde.gob.ar\\\/portal\\\/comienza-la-temporada-en-el-complejo-de-piletas-municipal\\\/#breadcrumb\",\"itemListElement\":[{\"@type\":\"ListItem\",\"position\":1,\"name\":\"Portada\",\"item\":\"https:\\\/\\\/oroverde.gob.ar\\\/portal\\\/\"},{\"@type\":\"ListItem\",\"position\":2,\"name\":\"Comienza la temporada en el Complejo de Piletas municipal\"}]},{\"@type\":\"WebSite\",\"@id\":\"https:\\\/\\\/oroverde.gob.ar\\\/portal\\\/#website\",\"url\":\"https:\\\/\\\/oroverde.gob.ar\\\/portal\\\/\",\"name\":\"Municipio de Oro Verde\",\"description\":\"Web Oficial\",\"publisher\":{\"@id\":\"https:\\\/\\\/oroverde.gob.ar\\\/portal\\\/#organization\"},\"potentialAction\":[{\"@type\":\"SearchAction\",\"target\":{\"@type\":\"EntryPoint\",\"urlTemplate\":\"https:\\\/\\\/oroverde.gob.ar\\\/portal\\\/?s={search_term_string}\"},\"query-input\":{\"@type\":\"PropertyValueSpecification\",\"valueRequired\":true,\"valueName\":\"search_term_string\"}}],\"inLanguage\":\"es\"},{\"@type\":\"Organization\",\"@id\":\"https:\\\/\\\/oroverde.gob.ar\\\/portal\\\/#organization\",\"name\":\"Municipio de Oro Verde\",\"url\":\"https:\\\/\\\/oroverde.gob.ar\\\/portal\\\/\",\"logo\":{\"@type\":\"ImageObject\",\"inLanguage\":\"es\",\"@id\":\"https:\\\/\\\/oroverde.gob.ar\\\/portal\\\/#\\\/schema\\\/logo\\\/image\\\/\",\"url\":\"https:\\\/\\\/oroverde.gob.ar\\\/portal\\\/wp-content\\\/uploads\\\/2024\\\/06\\\/cropped-cropped-logo-1.png\",\"contentUrl\":\"https:\\\/\\\/oroverde.gob.ar\\\/portal\\\/wp-content\\\/uploads\\\/2024\\\/06\\\/cropped-cropped-logo-1.png\",\"width\":1776,\"height\":738,\"caption\":\"Municipio de Oro Verde\"},\"image\":{\"@id\":\"https:\\\/\\\/oroverde.gob.ar\\\/portal\\\/#\\\/schema\\\/logo\\\/image\\\/\"}},{\"@type\":\"Person\",\"@id\":\"https:\\\/\\\/oroverde.gob.ar\\\/portal\\\/#\\\/schema\\\/person\\\/b975e0cbcd43b7dcf9c64511ec84f10f\",\"name\":\"Soledad\",\"image\":{\"@type\":\"ImageObject\",\"inLanguage\":\"es\",\"@id\":\"https:\\\/\\\/secure.gravatar.com\\\/avatar\\\/b2f5b6cda565395f31dc94c95932b9b3fbe6275bad58a1579843d3d1607d4a66?s=96&d=mm&r=g\",\"url\":\"https:\\\/\\\/secure.gravatar.com\\\/avatar\\\/b2f5b6cda565395f31dc94c95932b9b3fbe6275bad58a1579843d3d1607d4a66?s=96&d=mm&r=g\",\"contentUrl\":\"https:\\\/\\\/secure.gravatar.com\\\/avatar\\\/b2f5b6cda565395f31dc94c95932b9b3fbe6275bad58a1579843d3d1607d4a66?s=96&d=mm&r=g\",\"caption\":\"Soledad\"},\"url\":\"https:\\\/\\\/oroverde.gob.ar\\\/portal\\\/author\\\/soledad\\\/\"}]}<\/script>\n<!-- \/ Yoast SEO plugin. -->","yoast_head_json":{"title":"Comienza la temporada en el Complejo de Piletas municipal - Municipio de Oro Verde","robots":{"index":"index","follow":"follow","max-snippet":"max-snippet:-1","max-image-preview":"max-image-preview:large","max-video-preview":"max-video-preview:-1"},"canonical":"https:\/\/oroverde.gob.ar\/portal\/comienza-la-temporada-en-el-complejo-de-piletas-municipal\/","og_locale":"es_ES","og_type":"article","og_title":"Comienza la temporada en el Complejo de Piletas municipal - Municipio de Oro Verde","og_description":"Este viernes 21 de noviembre abre sus puertas al p\u00fablico el Complejo Municipal de Piletas, ubicado en la intersecci\u00f3n de Las Tacuaritas y Los Sauces. Este espacio dispone de piletas de diferentes dimensiones, cantina dentro de las instalaciones, una veintena de quinchos para &hellip;","og_url":"https:\/\/oroverde.gob.ar\/portal\/comienza-la-temporada-en-el-complejo-de-piletas-municipal\/","og_site_name":"Municipio de Oro Verde","article_published_time":"2025-11-20T15:05:35+00:00","article_modified_time":"2025-11-20T15:07:21+00:00","og_image":[{"width":1600,"height":1066,"url":"https:\/\/oroverde.gob.ar\/portal\/wp-content\/uploads\/2024\/11\/piles.jpeg","type":"image\/jpeg"}],"author":"Soledad","twitter_card":"summary_large_image","twitter_misc":{"Escrito por":"Soledad","Tiempo de lectura":"3 minutos"},"schema":{"@context":"https:\/\/schema.org","@graph":[{"@type":"Article","@id":"https:\/\/oroverde.gob.ar\/portal\/comienza-la-temporada-en-el-complejo-de-piletas-municipal\/#article","isPartOf":{"@id":"https:\/\/oroverde.gob.ar\/portal\/comienza-la-temporada-en-el-complejo-de-piletas-municipal\/"},"author":{"name":"Soledad","@id":"https:\/\/oroverde.gob.ar\/portal\/#\/schema\/person\/b975e0cbcd43b7dcf9c64511ec84f10f"},"headline":"Comienza la temporada en el Complejo de Piletas municipal","datePublished":"2025-11-20T15:05:35+00:00","dateModified":"2025-11-20T15:07:21+00:00","mainEntityOfPage":{"@id":"https:\/\/oroverde.gob.ar\/portal\/comienza-la-temporada-en-el-complejo-de-piletas-municipal\/"},"wordCount":519,"publisher":{"@id":"https:\/\/oroverde.gob.ar\/portal\/#organization"},"image":{"@id":"https:\/\/oroverde.gob.ar\/portal\/comienza-la-temporada-en-el-complejo-de-piletas-municipal\/#primaryimage"},"thumbnailUrl":"https:\/\/oroverde.gob.ar\/portal\/wp-content\/uploads\/2024\/11\/piles.jpeg","articleSection":["Municipio"],"inLanguage":"es"},{"@type":"WebPage","@id":"https:\/\/oroverde.gob.ar\/portal\/comienza-la-temporada-en-el-complejo-de-piletas-municipal\/","url":"https:\/\/oroverde.gob.ar\/portal\/comienza-la-temporada-en-el-complejo-de-piletas-municipal\/","name":"Comienza la temporada en el Complejo de Piletas municipal - Municipio de Oro Verde","isPartOf":{"@id":"https:\/\/oroverde.gob.ar\/portal\/#website"},"primaryImageOfPage":{"@id":"https:\/\/oroverde.gob.ar\/portal\/comienza-la-temporada-en-el-complejo-de-piletas-municipal\/#primaryimage"},"image":{"@id":"https:\/\/oroverde.gob.ar\/portal\/comienza-la-temporada-en-el-complejo-de-piletas-municipal\/#primaryimage"},"thumbnailUrl":"https:\/\/oroverde.gob.ar\/portal\/wp-content\/uploads\/2024\/11\/piles.jpeg","datePublished":"2025-11-20T15:05:35+00:00","dateModified":"2025-11-20T15:07:21+00:00","breadcrumb":{"@id":"https:\/\/oroverde.gob.ar\/portal\/comienza-la-temporada-en-el-complejo-de-piletas-municipal\/#breadcrumb"},"inLanguage":"es","potentialAction":[{"@type":"ReadAction","target":["https:\/\/oroverde.gob.ar\/portal\/comienza-la-temporada-en-el-complejo-de-piletas-municipal\/"]}]},{"@type":"ImageObject","inLanguage":"es","@id":"https:\/\/oroverde.gob.ar\/portal\/comienza-la-temporada-en-el-complejo-de-piletas-municipal\/#primaryimage","url":"https:\/\/oroverde.gob.ar\/portal\/wp-content\/uploads\/2024\/11\/piles.jpeg","contentUrl":"https:\/\/oroverde.gob.ar\/portal\/wp-content\/uploads\/2024\/11\/piles.jpeg","width":1600,"height":1066},{"@type":"BreadcrumbList","@id":"https:\/\/oroverde.gob.ar\/portal\/comienza-la-temporada-en-el-complejo-de-piletas-municipal\/#breadcrumb","itemListElement":[{"@type":"ListItem","position":1,"name":"Portada","item":"https:\/\/oroverde.gob.ar\/portal\/"},{"@type":"ListItem","position":2,"name":"Comienza la temporada en el Complejo de Piletas municipal"}]},{"@type":"WebSite","@id":"https:\/\/oroverde.gob.ar\/portal\/#website","url":"https:\/\/oroverde.gob.ar\/portal\/","name":"Municipio de Oro Verde","description":"Web Oficial","publisher":{"@id":"https:\/\/oroverde.gob.ar\/portal\/#organization"},"potentialAction":[{"@type":"SearchAction","target":{"@type":"EntryPoint","urlTemplate":"https:\/\/oroverde.gob.ar\/portal\/?s={search_term_string}"},"query-input":{"@type":"PropertyValueSpecification","valueRequired":true,"valueName":"search_term_string"}}],"inLanguage":"es"},{"@type":"Organization","@id":"https:\/\/oroverde.gob.ar\/portal\/#organization","name":"Municipio de Oro Verde","url":"https:\/\/oroverde.gob.ar\/portal\/","logo":{"@type":"ImageObject","inLanguage":"es","@id":"https:\/\/oroverde.gob.ar\/portal\/#\/schema\/logo\/image\/","url":"https:\/\/oroverde.gob.ar\/portal\/wp-content\/uploads\/2024\/06\/cropped-cropped-logo-1.png","contentUrl":"https:\/\/oroverde.gob.ar\/portal\/wp-content\/uploads\/2024\/06\/cropped-cropped-logo-1.png","width":1776,"height":738,"caption":"Municipio de Oro Verde"},"image":{"@id":"https:\/\/oroverde.gob.ar\/portal\/#\/schema\/logo\/image\/"}},{"@type":"Person","@id":"https:\/\/oroverde.gob.ar\/portal\/#\/schema\/person\/b975e0cbcd43b7dcf9c64511ec84f10f","name":"Soledad","image":{"@type":"ImageObject","inLanguage":"es","@id":"https:\/\/secure.gravatar.com\/avatar\/b2f5b6cda565395f31dc94c95932b9b3fbe6275bad58a1579843d3d1607d4a66?s=96&d=mm&r=g","url":"https:\/\/secure.gravatar.com\/avatar\/b2f5b6cda565395f31dc94c95932b9b3fbe6275bad58a1579843d3d1607d4a66?s=96&d=mm&r=g","contentUrl":"https:\/\/secure.gravatar.com\/avatar\/b2f5b6cda565395f31dc94c95932b9b3fbe6275bad58a1579843d3d1607d4a66?s=96&d=mm&r=g","caption":"Soledad"},"url":"https:\/\/oroverde.gob.ar\/portal\/author\/soledad\/"}]}},"_links":{"self":[{"href":"https:\/\/oroverde.gob.ar\/portal\/wp-json\/wp\/v2\/posts\/7388","targetHints":{"allow":["GET"]}}],"collection":[{"href":"https:\/\/oroverde.gob.ar\/portal\/wp-json\/wp\/v2\/posts"}],"about":[{"href":"https:\/\/oroverde.gob.ar\/portal\/wp-json\/wp\/v2\/types\/post"}],"author":[{"embeddable":true,"href":"https:\/\/oroverde.gob.ar\/portal\/wp-json\/wp\/v2\/users\/3"}],"replies":[{"embeddable":true,"href":"https:\/\/oroverde.gob.ar\/portal\/wp-json\/wp\/v2\/comments?post=7388"}],"version-history":[{"count":1,"href":"https:\/\/oroverde.gob.ar\/portal\/wp-json\/wp\/v2\/posts\/7388\/revisions"}],"predecessor-version":[{"id":7389,"href":"https:\/\/oroverde.gob.ar\/portal\/wp-json\/wp\/v2\/posts\/7388\/revisions\/7389"}],"wp:featuredmedia":[{"embeddable":true,"href":"https:\/\/oroverde.gob.ar\/portal\/wp-json\/wp\/v2\/media\/4674"}],"wp:attachment":[{"href":"https:\/\/oroverde.gob.ar\/portal\/wp-json\/wp\/v2\/media?parent=7388"}],"wp:term":[{"taxonomy":"category","embeddable":true,"href":"https:\/\/oroverde.gob.ar\/portal\/wp-json\/wp\/v2\/categories?post=7388"},{"taxonomy":"post_tag","embeddable":true,"href":"https:\/\/oroverde.gob.ar\/portal\/wp-json\/wp\/v2\/tags?post=7388"}],"curies":[{"name":"wp","href":"https:\/\/api.w.org\/{rel}","templated":true}]}}