{"id":7406,"date":"2025-11-26T12:07:48","date_gmt":"2025-11-26T15:07:48","guid":{"rendered":"https:\/\/oroverde.gob.ar\/portal\/?p=7406"},"modified":"2025-11-26T12:07:48","modified_gmt":"2025-11-26T15:07:48","slug":"nos-preparamos-para-la-navidad-con-diferentes-talleres-gratuitos","status":"publish","type":"post","link":"https:\/\/oroverde.gob.ar\/portal\/nos-preparamos-para-la-navidad-con-diferentes-talleres-gratuitos\/","title":{"rendered":"Nos preparamos para la Navidad con diferentes talleres gratuitos"},"content":{"rendered":"<div class=\"xdj266r x14z9mp xat24cr x1lziwak x1vvkbs x126k92a\">\n<div dir=\"auto\"><span class=\"html-span xexx8yu xyri2b x18d9i69 x1c1uobl x1hl2dhg x16tdsg8 x1vvkbs x3nfvp2 x1j61x8r x1fcty0u xdj266r xat24cr xm2jcoa x1mpyi22 xxymvpz xlup9mm x1kky2od\">&#8211;<\/span>Taller de creaci\u00f3n de adornos navide\u00f1os<\/div>\n<\/div>\n<div class=\"x14z9mp xat24cr x1lziwak x1vvkbs xtlvy1s x126k92a\">\n<div dir=\"auto\">Las fiestas se acercan y ya podemos prepararnos para tener todo listo para la ocasi\u00f3n. En el taller de adornos navide\u00f1os la artesana Silvina \u201cCaro\u201d Scipioni compartir\u00e1 sus conocimientos y quienes asistan realizar\u00e1n adornos para esta navidad utilizando distintos materiales. Ser\u00e1 el mi\u00e9rcoles 3 de diciembre en el Centro Integrador Comunitario (Av. Los Cha\u00f1ares 397) de 17 a 19 hs.<\/div>\n<\/div>\n<div class=\"x14z9mp xat24cr x1lziwak x1vvkbs xtlvy1s x126k92a\">\n<div dir=\"auto\">Cupo limitado. Inscripciones a trav\u00e9s de este link: <span class=\"html-span xdj266r x14z9mp xat24cr x1lziwak xexx8yu xyri2b x18d9i69 x1c1uobl x1hl2dhg x16tdsg8 x1vvkbs\"><a class=\"x1i10hfl xjbqb8w x1ejq31n x18oe1m7 x1sy0etr xstzfhl x972fbf x10w94by x1qhh985 x14e42zd x9f619 x1ypdohk xt0psk2 x3ct3a4 xdj266r x14z9mp xat24cr x1lziwak xexx8yu xyri2b x18d9i69 x1c1uobl x16tdsg8 x1hl2dhg xggy1nq x1a2a7pz xkrqix3 x1sur9pj x1fey0fg x1s688f\" tabindex=\"0\" role=\"link\" href=\"https:\/\/l.facebook.com\/l.php?u=https%3A%2F%2Fforms.gle%2FXGgW1LKgJAj2HdURA%3Ffbclid%3DIwZXh0bgNhZW0CMTAAYnJpZBExck0zM2lYejVtTHFHNGRnVHNydGMGYXBwX2lkEDIyMjAzOTE3ODgyMDA4OTIAAR7n5PSn8BmNI0UaxBEDhm--nHXEIvezFHhc6ItFqvYpuqQ8LbJ--Y-CFa_4eA_aem_iCydT9sO1HlPXWsa1TwJhg&amp;h=AT3KlUk0f2PMYvar8_mz9nt8zl6bA-lQh_WkoKdmIs9uwrxgKKcRkUyOx3lTwvG9ftWV0NcQacAtK8Vv1HQME_Wk6D2lwUuylMGj8SLk66h8KW9pcHOxP1Z4iW0Ql8RSi0RpjbWQ8VnUGA&amp;__tn__=-UK-R&amp;c[0]=AT1t0cGUG1yxV02i09ocvsLha_WUkFbhf-Tks6HCRpqgfPIoRsqkgFUpY0ay6cPPlpM7xrWgpzwvTQCpaiYVVVJBdQHmcmdQhmkpw2PjAEESo6VizpqBZlBCZHbcks55KEVhZEHaT0qSuX_pxIeYD24EUtwi412v_wrOXAdKXw2qNQpn9dElZnzGaiGiQS0EuuKkkM8N49DgbA_mSIGlpTM2pQ\" target=\"_blank\" rel=\"nofollow noopener noreferrer\">https:\/\/forms.gle\/XGgW1LKgJAj2HdURA<\/a><\/span><\/div>\n<\/div>\n<div class=\"x14z9mp xat24cr x1lziwak x1vvkbs xtlvy1s x126k92a\">\n<div dir=\"auto\"><\/div>\n<div dir=\"auto\"><span class=\"html-span xexx8yu xyri2b x18d9i69 x1c1uobl x1hl2dhg x16tdsg8 x1vvkbs x3nfvp2 x1j61x8r x1fcty0u xdj266r xat24cr xm2jcoa x1mpyi22 xxymvpz xlup9mm x1kky2od\">&#8211;<\/span>Taller de comida navide\u00f1a casera en versi\u00f3n salada<\/div>\n<\/div>\n<div class=\"x14z9mp xat24cr x1lziwak x1vvkbs xtlvy1s x126k92a\">\n<div dir=\"auto\">En este encuentro cocinar\u00e1n preparaciones navide\u00f1as saladas y estar\u00e1 a cargo de la profesora Noelia Brondani. Ser\u00e1 el mi\u00e9rcoles 10 de diciembre a las 16 hs en el Centro Integrador Comunitario (Av. Los Cha\u00f1ares 397).<\/div>\n<\/div>\n<div class=\"x14z9mp xat24cr x1lziwak x1vvkbs xtlvy1s x126k92a\">\n<div dir=\"auto\">Cupo limitado. Inscripciones a trav\u00e9s de este link: <span class=\"html-span xdj266r x14z9mp xat24cr x1lziwak xexx8yu xyri2b x18d9i69 x1c1uobl x1hl2dhg x16tdsg8 x1vvkbs\"><a class=\"x1i10hfl xjbqb8w x1ejq31n x18oe1m7 x1sy0etr xstzfhl x972fbf x10w94by x1qhh985 x14e42zd x9f619 x1ypdohk xt0psk2 x3ct3a4 xdj266r x14z9mp xat24cr x1lziwak xexx8yu xyri2b x18d9i69 x1c1uobl x16tdsg8 x1hl2dhg xggy1nq x1a2a7pz xkrqix3 x1sur9pj x1fey0fg x1s688f\" tabindex=\"0\" role=\"link\" href=\"https:\/\/l.facebook.com\/l.php?u=https%3A%2F%2Fforms.gle%2F5fzfFmmpAHXP7Q2j8%3Ffbclid%3DIwZXh0bgNhZW0CMTAAYnJpZBExck0zM2lYejVtTHFHNGRnVHNydGMGYXBwX2lkEDIyMjAzOTE3ODgyMDA4OTIAAR73Qeus70uxliGAatySPvzwTiXbqVwbzqHUy1EdheiC4xQxwg5_mhRxVFreww_aem_H84O72b6uMkHDWKm8WXJlQ&amp;h=AT2Nxngr1Ek0O3fRToF3QZez--lI3oHQk1Epy341KF1G9i7M0o5DE6mIjPqjIud4DvaE4VIxQbDuk41QVwL5tqI7pkx4Bxj8feUWM77u0bkbWEoRYt8xcwCiciF83IUAW6fPnuEifhuhJg&amp;__tn__=-UK-R&amp;c[0]=AT1t0cGUG1yxV02i09ocvsLha_WUkFbhf-Tks6HCRpqgfPIoRsqkgFUpY0ay6cPPlpM7xrWgpzwvTQCpaiYVVVJBdQHmcmdQhmkpw2PjAEESo6VizpqBZlBCZHbcks55KEVhZEHaT0qSuX_pxIeYD24EUtwi412v_wrOXAdKXw2qNQpn9dElZnzGaiGiQS0EuuKkkM8N49DgbA_mSIGlpTM2pQ\" target=\"_blank\" rel=\"nofollow noopener noreferrer\">https:\/\/forms.gle\/5fzfFmmpAHXP7Q2j8<\/a><\/span><\/div>\n<\/div>\n<div class=\"x14z9mp xat24cr x1lziwak x1vvkbs xtlvy1s x126k92a\">\n<div dir=\"auto\"><\/div>\n<div dir=\"auto\"><span class=\"html-span xexx8yu xyri2b x18d9i69 x1c1uobl x1hl2dhg x16tdsg8 x1vvkbs x3nfvp2 x1j61x8r x1fcty0u xdj266r xat24cr xm2jcoa x1mpyi22 xxymvpz xlup9mm x1kky2od\">&#8211;<\/span>Taller de comida navide\u00f1a casera en versi\u00f3n dulce<\/div>\n<\/div>\n<div class=\"x14z9mp xat24cr x1lziwak x1vvkbs xtlvy1s x126k92a\">\n<div dir=\"auto\">Tambi\u00e9n estar\u00e1 la posibilidad de aprender a hacer preparaciones dulces para estas fiestas, tambi\u00e9n a cargo de la profesora Noelia Brandoni. Ser\u00e1 el mi\u00e9rcoles 17 de diciembre a las 16 hs en el Centro Integrador Comunitario (Av. Los Cha\u00f1ares 397).<\/div>\n<\/div>\n<div class=\"x14z9mp xat24cr x1lziwak x1vvkbs xtlvy1s x126k92a\">\n<div dir=\"auto\">Cupo limitado. Inscripciones a trav\u00e9s de este link: <span class=\"html-span xdj266r x14z9mp xat24cr x1lziwak xexx8yu xyri2b x18d9i69 x1c1uobl x1hl2dhg x16tdsg8 x1vvkbs\"><a class=\"x1i10hfl xjbqb8w x1ejq31n x18oe1m7 x1sy0etr xstzfhl x972fbf x10w94by x1qhh985 x14e42zd x9f619 x1ypdohk xt0psk2 x3ct3a4 xdj266r x14z9mp xat24cr x1lziwak xexx8yu xyri2b x18d9i69 x1c1uobl x16tdsg8 x1hl2dhg xggy1nq x1a2a7pz xkrqix3 x1sur9pj x1fey0fg x1s688f\" tabindex=\"0\" role=\"link\" href=\"https:\/\/forms.gle\/ADcdMwpGYDPc5MMT8?fbclid=IwZXh0bgNhZW0CMTAAYnJpZBExck0zM2lYejVtTHFHNGRnVHNydGMGYXBwX2lkEDIyMjAzOTE3ODgyMDA4OTIAAR7l0Q2JGuXoudR-WARxLcpop9iFUdU6w5LRzUMkl3AJNixGKJRNn6bkzfSY8Q_aem_BePziU310HcU0MYzfLwlww\" target=\"_blank\" rel=\"nofollow noopener noreferrer\">https:\/\/forms.gle\/ADcdMwpGYDPc5MMT8<\/a><\/span><\/div>\n<\/div>\n<div class=\"x14z9mp xat24cr x1lziwak x1vvkbs xtlvy1s x126k92a\">\n<div dir=\"auto\">Para ninguno de estos talleres es necesario llevar material.<\/div>\n<\/div>\n","protected":false},"excerpt":{"rendered":"<p>&#8211;Taller de creaci\u00f3n de adornos navide\u00f1os Las fiestas se acercan y ya podemos prepararnos para tener todo listo para la ocasi\u00f3n. En el taller de adornos navide\u00f1os la artesana Silvina \u201cCaro\u201d Scipioni compartir\u00e1 sus conocimientos y quienes asistan realizar\u00e1n adornos para esta navidad &hellip;<\/p>\n","protected":false},"author":3,"featured_media":7407,"comment_status":"closed","ping_status":"closed","sticky":false,"template":"","format":"standard","meta":{"footnotes":""},"categories":[1],"tags":[],"class_list":["post-7406","post","type-post","status-publish","format-standard","has-post-thumbnail","hentry","category-municipio"],"yoast_head":"<!-- This site is optimized with the Yoast SEO plugin v27.5 - https:\/\/yoast.com\/product\/yoast-seo-wordpress\/ -->\n<title>Nos preparamos para la Navidad con diferentes talleres gratuitos - Municipio de Oro Verde<\/title>\n<meta name=\"robots\" content=\"index, follow, max-snippet:-1, max-image-preview:large, max-video-preview:-1\" \/>\n<link rel=\"canonical\" href=\"https:\/\/oroverde.gob.ar\/portal\/nos-preparamos-para-la-navidad-con-diferentes-talleres-gratuitos\/\" \/>\n<meta property=\"og:locale\" content=\"es_ES\" \/>\n<meta property=\"og:type\" content=\"article\" \/>\n<meta property=\"og:title\" content=\"Nos preparamos para la Navidad con diferentes talleres gratuitos - Municipio de Oro Verde\" \/>\n<meta property=\"og:description\" content=\"&#8211;Taller de creaci\u00f3n de adornos navide\u00f1os Las fiestas se acercan y ya podemos prepararnos para tener todo listo para la ocasi\u00f3n. En el taller de adornos navide\u00f1os la artesana Silvina \u201cCaro\u201d Scipioni compartir\u00e1 sus conocimientos y quienes asistan realizar\u00e1n adornos para esta navidad &hellip;\" \/>\n<meta property=\"og:url\" content=\"https:\/\/oroverde.gob.ar\/portal\/nos-preparamos-para-la-navidad-con-diferentes-talleres-gratuitos\/\" \/>\n<meta property=\"og:site_name\" content=\"Municipio de Oro Verde\" \/>\n<meta property=\"article:published_time\" content=\"2025-11-26T15:07:48+00:00\" \/>\n<meta property=\"og:image\" content=\"https:\/\/oroverde.gob.ar\/portal\/wp-content\/uploads\/2025\/11\/adornos-navidenos-web.jpeg\" \/>\n\t<meta property=\"og:image:width\" content=\"566\" \/>\n\t<meta property=\"og:image:height\" content=\"531\" \/>\n\t<meta property=\"og:image:type\" content=\"image\/jpeg\" \/>\n<meta name=\"author\" content=\"Soledad\" \/>\n<meta name=\"twitter:card\" content=\"summary_large_image\" \/>\n<meta name=\"twitter:label1\" content=\"Escrito por\" \/>\n\t<meta name=\"twitter:data1\" content=\"Soledad\" \/>\n\t<meta name=\"twitter:label2\" content=\"Tiempo de lectura\" \/>\n\t<meta name=\"twitter:data2\" content=\"2 minutos\" \/>\n<script type=\"application\/ld+json\" class=\"yoast-schema-graph\">{\"@context\":\"https:\\\/\\\/schema.org\",\"@graph\":[{\"@type\":\"Article\",\"@id\":\"https:\\\/\\\/oroverde.gob.ar\\\/portal\\\/nos-preparamos-para-la-navidad-con-diferentes-talleres-gratuitos\\\/#article\",\"isPartOf\":{\"@id\":\"https:\\\/\\\/oroverde.gob.ar\\\/portal\\\/nos-preparamos-para-la-navidad-con-diferentes-talleres-gratuitos\\\/\"},\"author\":{\"name\":\"Soledad\",\"@id\":\"https:\\\/\\\/oroverde.gob.ar\\\/portal\\\/#\\\/schema\\\/person\\\/b975e0cbcd43b7dcf9c64511ec84f10f\"},\"headline\":\"Nos preparamos para la Navidad con diferentes talleres gratuitos\",\"datePublished\":\"2025-11-26T15:07:48+00:00\",\"mainEntityOfPage\":{\"@id\":\"https:\\\/\\\/oroverde.gob.ar\\\/portal\\\/nos-preparamos-para-la-navidad-con-diferentes-talleres-gratuitos\\\/\"},\"wordCount\":228,\"publisher\":{\"@id\":\"https:\\\/\\\/oroverde.gob.ar\\\/portal\\\/#organization\"},\"image\":{\"@id\":\"https:\\\/\\\/oroverde.gob.ar\\\/portal\\\/nos-preparamos-para-la-navidad-con-diferentes-talleres-gratuitos\\\/#primaryimage\"},\"thumbnailUrl\":\"https:\\\/\\\/oroverde.gob.ar\\\/portal\\\/wp-content\\\/uploads\\\/2025\\\/11\\\/adornos-navidenos-web.jpeg\",\"articleSection\":[\"Municipio\"],\"inLanguage\":\"es\"},{\"@type\":\"WebPage\",\"@id\":\"https:\\\/\\\/oroverde.gob.ar\\\/portal\\\/nos-preparamos-para-la-navidad-con-diferentes-talleres-gratuitos\\\/\",\"url\":\"https:\\\/\\\/oroverde.gob.ar\\\/portal\\\/nos-preparamos-para-la-navidad-con-diferentes-talleres-gratuitos\\\/\",\"name\":\"Nos preparamos para la Navidad con diferentes talleres gratuitos - Municipio de Oro Verde\",\"isPartOf\":{\"@id\":\"https:\\\/\\\/oroverde.gob.ar\\\/portal\\\/#website\"},\"primaryImageOfPage\":{\"@id\":\"https:\\\/\\\/oroverde.gob.ar\\\/portal\\\/nos-preparamos-para-la-navidad-con-diferentes-talleres-gratuitos\\\/#primaryimage\"},\"image\":{\"@id\":\"https:\\\/\\\/oroverde.gob.ar\\\/portal\\\/nos-preparamos-para-la-navidad-con-diferentes-talleres-gratuitos\\\/#primaryimage\"},\"thumbnailUrl\":\"https:\\\/\\\/oroverde.gob.ar\\\/portal\\\/wp-content\\\/uploads\\\/2025\\\/11\\\/adornos-navidenos-web.jpeg\",\"datePublished\":\"2025-11-26T15:07:48+00:00\",\"breadcrumb\":{\"@id\":\"https:\\\/\\\/oroverde.gob.ar\\\/portal\\\/nos-preparamos-para-la-navidad-con-diferentes-talleres-gratuitos\\\/#breadcrumb\"},\"inLanguage\":\"es\",\"potentialAction\":[{\"@type\":\"ReadAction\",\"target\":[\"https:\\\/\\\/oroverde.gob.ar\\\/portal\\\/nos-preparamos-para-la-navidad-con-diferentes-talleres-gratuitos\\\/\"]}]},{\"@type\":\"ImageObject\",\"inLanguage\":\"es\",\"@id\":\"https:\\\/\\\/oroverde.gob.ar\\\/portal\\\/nos-preparamos-para-la-navidad-con-diferentes-talleres-gratuitos\\\/#primaryimage\",\"url\":\"https:\\\/\\\/oroverde.gob.ar\\\/portal\\\/wp-content\\\/uploads\\\/2025\\\/11\\\/adornos-navidenos-web.jpeg\",\"contentUrl\":\"https:\\\/\\\/oroverde.gob.ar\\\/portal\\\/wp-content\\\/uploads\\\/2025\\\/11\\\/adornos-navidenos-web.jpeg\",\"width\":566,\"height\":531},{\"@type\":\"BreadcrumbList\",\"@id\":\"https:\\\/\\\/oroverde.gob.ar\\\/portal\\\/nos-preparamos-para-la-navidad-con-diferentes-talleres-gratuitos\\\/#breadcrumb\",\"itemListElement\":[{\"@type\":\"ListItem\",\"position\":1,\"name\":\"Portada\",\"item\":\"https:\\\/\\\/oroverde.gob.ar\\\/portal\\\/\"},{\"@type\":\"ListItem\",\"position\":2,\"name\":\"Nos preparamos para la Navidad con diferentes talleres gratuitos\"}]},{\"@type\":\"WebSite\",\"@id\":\"https:\\\/\\\/oroverde.gob.ar\\\/portal\\\/#website\",\"url\":\"https:\\\/\\\/oroverde.gob.ar\\\/portal\\\/\",\"name\":\"Municipio de Oro Verde\",\"description\":\"Web Oficial\",\"publisher\":{\"@id\":\"https:\\\/\\\/oroverde.gob.ar\\\/portal\\\/#organization\"},\"potentialAction\":[{\"@type\":\"SearchAction\",\"target\":{\"@type\":\"EntryPoint\",\"urlTemplate\":\"https:\\\/\\\/oroverde.gob.ar\\\/portal\\\/?s={search_term_string}\"},\"query-input\":{\"@type\":\"PropertyValueSpecification\",\"valueRequired\":true,\"valueName\":\"search_term_string\"}}],\"inLanguage\":\"es\"},{\"@type\":\"Organization\",\"@id\":\"https:\\\/\\\/oroverde.gob.ar\\\/portal\\\/#organization\",\"name\":\"Municipio de Oro Verde\",\"url\":\"https:\\\/\\\/oroverde.gob.ar\\\/portal\\\/\",\"logo\":{\"@type\":\"ImageObject\",\"inLanguage\":\"es\",\"@id\":\"https:\\\/\\\/oroverde.gob.ar\\\/portal\\\/#\\\/schema\\\/logo\\\/image\\\/\",\"url\":\"https:\\\/\\\/oroverde.gob.ar\\\/portal\\\/wp-content\\\/uploads\\\/2024\\\/06\\\/cropped-cropped-logo-1.png\",\"contentUrl\":\"https:\\\/\\\/oroverde.gob.ar\\\/portal\\\/wp-content\\\/uploads\\\/2024\\\/06\\\/cropped-cropped-logo-1.png\",\"width\":1776,\"height\":738,\"caption\":\"Municipio de Oro Verde\"},\"image\":{\"@id\":\"https:\\\/\\\/oroverde.gob.ar\\\/portal\\\/#\\\/schema\\\/logo\\\/image\\\/\"}},{\"@type\":\"Person\",\"@id\":\"https:\\\/\\\/oroverde.gob.ar\\\/portal\\\/#\\\/schema\\\/person\\\/b975e0cbcd43b7dcf9c64511ec84f10f\",\"name\":\"Soledad\",\"image\":{\"@type\":\"ImageObject\",\"inLanguage\":\"es\",\"@id\":\"https:\\\/\\\/secure.gravatar.com\\\/avatar\\\/b2f5b6cda565395f31dc94c95932b9b3fbe6275bad58a1579843d3d1607d4a66?s=96&d=mm&r=g\",\"url\":\"https:\\\/\\\/secure.gravatar.com\\\/avatar\\\/b2f5b6cda565395f31dc94c95932b9b3fbe6275bad58a1579843d3d1607d4a66?s=96&d=mm&r=g\",\"contentUrl\":\"https:\\\/\\\/secure.gravatar.com\\\/avatar\\\/b2f5b6cda565395f31dc94c95932b9b3fbe6275bad58a1579843d3d1607d4a66?s=96&d=mm&r=g\",\"caption\":\"Soledad\"},\"url\":\"https:\\\/\\\/oroverde.gob.ar\\\/portal\\\/author\\\/soledad\\\/\"}]}<\/script>\n<!-- \/ Yoast SEO plugin. -->","yoast_head_json":{"title":"Nos preparamos para la Navidad con diferentes talleres gratuitos - Municipio de Oro Verde","robots":{"index":"index","follow":"follow","max-snippet":"max-snippet:-1","max-image-preview":"max-image-preview:large","max-video-preview":"max-video-preview:-1"},"canonical":"https:\/\/oroverde.gob.ar\/portal\/nos-preparamos-para-la-navidad-con-diferentes-talleres-gratuitos\/","og_locale":"es_ES","og_type":"article","og_title":"Nos preparamos para la Navidad con diferentes talleres gratuitos - Municipio de Oro Verde","og_description":"&#8211;Taller de creaci\u00f3n de adornos navide\u00f1os Las fiestas se acercan y ya podemos prepararnos para tener todo listo para la ocasi\u00f3n. En el taller de adornos navide\u00f1os la artesana Silvina \u201cCaro\u201d Scipioni compartir\u00e1 sus conocimientos y quienes asistan realizar\u00e1n adornos para esta navidad &hellip;","og_url":"https:\/\/oroverde.gob.ar\/portal\/nos-preparamos-para-la-navidad-con-diferentes-talleres-gratuitos\/","og_site_name":"Municipio de Oro Verde","article_published_time":"2025-11-26T15:07:48+00:00","og_image":[{"width":566,"height":531,"url":"https:\/\/oroverde.gob.ar\/portal\/wp-content\/uploads\/2025\/11\/adornos-navidenos-web.jpeg","type":"image\/jpeg"}],"author":"Soledad","twitter_card":"summary_large_image","twitter_misc":{"Escrito por":"Soledad","Tiempo de lectura":"2 minutos"},"schema":{"@context":"https:\/\/schema.org","@graph":[{"@type":"Article","@id":"https:\/\/oroverde.gob.ar\/portal\/nos-preparamos-para-la-navidad-con-diferentes-talleres-gratuitos\/#article","isPartOf":{"@id":"https:\/\/oroverde.gob.ar\/portal\/nos-preparamos-para-la-navidad-con-diferentes-talleres-gratuitos\/"},"author":{"name":"Soledad","@id":"https:\/\/oroverde.gob.ar\/portal\/#\/schema\/person\/b975e0cbcd43b7dcf9c64511ec84f10f"},"headline":"Nos preparamos para la Navidad con diferentes talleres gratuitos","datePublished":"2025-11-26T15:07:48+00:00","mainEntityOfPage":{"@id":"https:\/\/oroverde.gob.ar\/portal\/nos-preparamos-para-la-navidad-con-diferentes-talleres-gratuitos\/"},"wordCount":228,"publisher":{"@id":"https:\/\/oroverde.gob.ar\/portal\/#organization"},"image":{"@id":"https:\/\/oroverde.gob.ar\/portal\/nos-preparamos-para-la-navidad-con-diferentes-talleres-gratuitos\/#primaryimage"},"thumbnailUrl":"https:\/\/oroverde.gob.ar\/portal\/wp-content\/uploads\/2025\/11\/adornos-navidenos-web.jpeg","articleSection":["Municipio"],"inLanguage":"es"},{"@type":"WebPage","@id":"https:\/\/oroverde.gob.ar\/portal\/nos-preparamos-para-la-navidad-con-diferentes-talleres-gratuitos\/","url":"https:\/\/oroverde.gob.ar\/portal\/nos-preparamos-para-la-navidad-con-diferentes-talleres-gratuitos\/","name":"Nos preparamos para la Navidad con diferentes talleres gratuitos - Municipio de Oro Verde","isPartOf":{"@id":"https:\/\/oroverde.gob.ar\/portal\/#website"},"primaryImageOfPage":{"@id":"https:\/\/oroverde.gob.ar\/portal\/nos-preparamos-para-la-navidad-con-diferentes-talleres-gratuitos\/#primaryimage"},"image":{"@id":"https:\/\/oroverde.gob.ar\/portal\/nos-preparamos-para-la-navidad-con-diferentes-talleres-gratuitos\/#primaryimage"},"thumbnailUrl":"https:\/\/oroverde.gob.ar\/portal\/wp-content\/uploads\/2025\/11\/adornos-navidenos-web.jpeg","datePublished":"2025-11-26T15:07:48+00:00","breadcrumb":{"@id":"https:\/\/oroverde.gob.ar\/portal\/nos-preparamos-para-la-navidad-con-diferentes-talleres-gratuitos\/#breadcrumb"},"inLanguage":"es","potentialAction":[{"@type":"ReadAction","target":["https:\/\/oroverde.gob.ar\/portal\/nos-preparamos-para-la-navidad-con-diferentes-talleres-gratuitos\/"]}]},{"@type":"ImageObject","inLanguage":"es","@id":"https:\/\/oroverde.gob.ar\/portal\/nos-preparamos-para-la-navidad-con-diferentes-talleres-gratuitos\/#primaryimage","url":"https:\/\/oroverde.gob.ar\/portal\/wp-content\/uploads\/2025\/11\/adornos-navidenos-web.jpeg","contentUrl":"https:\/\/oroverde.gob.ar\/portal\/wp-content\/uploads\/2025\/11\/adornos-navidenos-web.jpeg","width":566,"height":531},{"@type":"BreadcrumbList","@id":"https:\/\/oroverde.gob.ar\/portal\/nos-preparamos-para-la-navidad-con-diferentes-talleres-gratuitos\/#breadcrumb","itemListElement":[{"@type":"ListItem","position":1,"name":"Portada","item":"https:\/\/oroverde.gob.ar\/portal\/"},{"@type":"ListItem","position":2,"name":"Nos preparamos para la Navidad con diferentes talleres gratuitos"}]},{"@type":"WebSite","@id":"https:\/\/oroverde.gob.ar\/portal\/#website","url":"https:\/\/oroverde.gob.ar\/portal\/","name":"Municipio de Oro Verde","description":"Web Oficial","publisher":{"@id":"https:\/\/oroverde.gob.ar\/portal\/#organization"},"potentialAction":[{"@type":"SearchAction","target":{"@type":"EntryPoint","urlTemplate":"https:\/\/oroverde.gob.ar\/portal\/?s={search_term_string}"},"query-input":{"@type":"PropertyValueSpecification","valueRequired":true,"valueName":"search_term_string"}}],"inLanguage":"es"},{"@type":"Organization","@id":"https:\/\/oroverde.gob.ar\/portal\/#organization","name":"Municipio de Oro Verde","url":"https:\/\/oroverde.gob.ar\/portal\/","logo":{"@type":"ImageObject","inLanguage":"es","@id":"https:\/\/oroverde.gob.ar\/portal\/#\/schema\/logo\/image\/","url":"https:\/\/oroverde.gob.ar\/portal\/wp-content\/uploads\/2024\/06\/cropped-cropped-logo-1.png","contentUrl":"https:\/\/oroverde.gob.ar\/portal\/wp-content\/uploads\/2024\/06\/cropped-cropped-logo-1.png","width":1776,"height":738,"caption":"Municipio de Oro Verde"},"image":{"@id":"https:\/\/oroverde.gob.ar\/portal\/#\/schema\/logo\/image\/"}},{"@type":"Person","@id":"https:\/\/oroverde.gob.ar\/portal\/#\/schema\/person\/b975e0cbcd43b7dcf9c64511ec84f10f","name":"Soledad","image":{"@type":"ImageObject","inLanguage":"es","@id":"https:\/\/secure.gravatar.com\/avatar\/b2f5b6cda565395f31dc94c95932b9b3fbe6275bad58a1579843d3d1607d4a66?s=96&d=mm&r=g","url":"https:\/\/secure.gravatar.com\/avatar\/b2f5b6cda565395f31dc94c95932b9b3fbe6275bad58a1579843d3d1607d4a66?s=96&d=mm&r=g","contentUrl":"https:\/\/secure.gravatar.com\/avatar\/b2f5b6cda565395f31dc94c95932b9b3fbe6275bad58a1579843d3d1607d4a66?s=96&d=mm&r=g","caption":"Soledad"},"url":"https:\/\/oroverde.gob.ar\/portal\/author\/soledad\/"}]}},"_links":{"self":[{"href":"https:\/\/oroverde.gob.ar\/portal\/wp-json\/wp\/v2\/posts\/7406","targetHints":{"allow":["GET"]}}],"collection":[{"href":"https:\/\/oroverde.gob.ar\/portal\/wp-json\/wp\/v2\/posts"}],"about":[{"href":"https:\/\/oroverde.gob.ar\/portal\/wp-json\/wp\/v2\/types\/post"}],"author":[{"embeddable":true,"href":"https:\/\/oroverde.gob.ar\/portal\/wp-json\/wp\/v2\/users\/3"}],"replies":[{"embeddable":true,"href":"https:\/\/oroverde.gob.ar\/portal\/wp-json\/wp\/v2\/comments?post=7406"}],"version-history":[{"count":1,"href":"https:\/\/oroverde.gob.ar\/portal\/wp-json\/wp\/v2\/posts\/7406\/revisions"}],"predecessor-version":[{"id":7408,"href":"https:\/\/oroverde.gob.ar\/portal\/wp-json\/wp\/v2\/posts\/7406\/revisions\/7408"}],"wp:featuredmedia":[{"embeddable":true,"href":"https:\/\/oroverde.gob.ar\/portal\/wp-json\/wp\/v2\/media\/7407"}],"wp:attachment":[{"href":"https:\/\/oroverde.gob.ar\/portal\/wp-json\/wp\/v2\/media?parent=7406"}],"wp:term":[{"taxonomy":"category","embeddable":true,"href":"https:\/\/oroverde.gob.ar\/portal\/wp-json\/wp\/v2\/categories?post=7406"},{"taxonomy":"post_tag","embeddable":true,"href":"https:\/\/oroverde.gob.ar\/portal\/wp-json\/wp\/v2\/tags?post=7406"}],"curies":[{"name":"wp","href":"https:\/\/api.w.org\/{rel}","templated":true}]}}