{"id":7455,"date":"2025-12-05T12:14:01","date_gmt":"2025-12-05T15:14:01","guid":{"rendered":"https:\/\/oroverde.gob.ar\/portal\/?p=7455"},"modified":"2025-12-05T12:38:50","modified_gmt":"2025-12-05T15:38:50","slug":"bendicion-del-pesebre-encendido-del-arbol-y-paseo-navideno","status":"publish","type":"post","link":"https:\/\/oroverde.gob.ar\/portal\/bendicion-del-pesebre-encendido-del-arbol-y-paseo-navideno\/","title":{"rendered":"Bendici\u00f3n del pesebre, encendido del \u00e1rbol y Paseo navide\u00f1o"},"content":{"rendered":"<div class=\"xdj266r x14z9mp xat24cr x1lziwak x1vvkbs x126k92a\">\n<div dir=\"auto\">Las fiestas ya se acercan y el pr\u00f3ximo lunes 8 de diciembre a las 21 hs se realizar\u00e1 la bendici\u00f3n del pesebre, el encendido del \u00e1rbol y el Paseo navide\u00f1o sustentable que contar\u00e1 con adornos festivos hechos por integrantes del grupo Manos Creativas.<\/div>\n<\/div>\n<div class=\"x14z9mp xat24cr x1lziwak x1vvkbs xtlvy1s x126k92a\">\n<div dir=\"auto\">Ser\u00e1 como todos los a\u00f1os a la vera de la Ruta 11, altura campo de deportes del CAOV. Invitamos a la comunidad a participar de este momento festivo y emotivo en una de las \u00e9pocas m\u00e1s lindas del a\u00f1o.<\/div>\n<\/div>\n","protected":false},"excerpt":{"rendered":"<p>Las fiestas ya se acercan y el pr\u00f3ximo lunes 8 de diciembre a las 21 hs se realizar\u00e1 la bendici\u00f3n del pesebre, el encendido del \u00e1rbol y el Paseo navide\u00f1o sustentable que contar\u00e1 con adornos festivos hechos por integrantes del grupo Manos Creativas. &hellip;<\/p>\n","protected":false},"author":3,"featured_media":7456,"comment_status":"closed","ping_status":"closed","sticky":false,"template":"","format":"standard","meta":{"footnotes":""},"categories":[1],"tags":[],"class_list":["post-7455","post","type-post","status-publish","format-standard","has-post-thumbnail","hentry","category-municipio"],"yoast_head":"<!-- This site is optimized with the Yoast SEO plugin v27.5 - https:\/\/yoast.com\/product\/yoast-seo-wordpress\/ -->\n<title>Bendici\u00f3n del pesebre, encendido del \u00e1rbol y Paseo navide\u00f1o - Municipio de Oro Verde<\/title>\n<meta name=\"robots\" content=\"index, follow, max-snippet:-1, max-image-preview:large, max-video-preview:-1\" \/>\n<link rel=\"canonical\" href=\"https:\/\/oroverde.gob.ar\/portal\/bendicion-del-pesebre-encendido-del-arbol-y-paseo-navideno\/\" \/>\n<meta property=\"og:locale\" content=\"es_ES\" \/>\n<meta property=\"og:type\" content=\"article\" \/>\n<meta property=\"og:title\" content=\"Bendici\u00f3n del pesebre, encendido del \u00e1rbol y Paseo navide\u00f1o - Municipio de Oro Verde\" \/>\n<meta property=\"og:description\" content=\"Las fiestas ya se acercan y el pr\u00f3ximo lunes 8 de diciembre a las 21 hs se realizar\u00e1 la bendici\u00f3n del pesebre, el encendido del \u00e1rbol y el Paseo navide\u00f1o sustentable que contar\u00e1 con adornos festivos hechos por integrantes del grupo Manos Creativas. &hellip;\" \/>\n<meta property=\"og:url\" content=\"https:\/\/oroverde.gob.ar\/portal\/bendicion-del-pesebre-encendido-del-arbol-y-paseo-navideno\/\" \/>\n<meta property=\"og:site_name\" content=\"Municipio de Oro Verde\" \/>\n<meta property=\"article:published_time\" content=\"2025-12-05T15:14:01+00:00\" \/>\n<meta property=\"article:modified_time\" content=\"2025-12-05T15:38:50+00:00\" \/>\n<meta property=\"og:image\" content=\"https:\/\/oroverde.gob.ar\/portal\/wp-content\/uploads\/2025\/12\/317c5861-a66c-460a-bd9a-a2dfcc39601c.jpeg\" \/>\n\t<meta property=\"og:image:width\" content=\"1600\" \/>\n\t<meta property=\"og:image:height\" content=\"1067\" \/>\n\t<meta property=\"og:image:type\" content=\"image\/jpeg\" \/>\n<meta name=\"author\" content=\"Soledad\" \/>\n<meta name=\"twitter:card\" content=\"summary_large_image\" \/>\n<meta name=\"twitter:label1\" content=\"Escrito por\" \/>\n\t<meta name=\"twitter:data1\" content=\"Soledad\" \/>\n\t<meta name=\"twitter:label2\" content=\"Tiempo de lectura\" \/>\n\t<meta name=\"twitter:data2\" content=\"1 minuto\" \/>\n<script type=\"application\/ld+json\" class=\"yoast-schema-graph\">{\"@context\":\"https:\\\/\\\/schema.org\",\"@graph\":[{\"@type\":\"Article\",\"@id\":\"https:\\\/\\\/oroverde.gob.ar\\\/portal\\\/bendicion-del-pesebre-encendido-del-arbol-y-paseo-navideno\\\/#article\",\"isPartOf\":{\"@id\":\"https:\\\/\\\/oroverde.gob.ar\\\/portal\\\/bendicion-del-pesebre-encendido-del-arbol-y-paseo-navideno\\\/\"},\"author\":{\"name\":\"Soledad\",\"@id\":\"https:\\\/\\\/oroverde.gob.ar\\\/portal\\\/#\\\/schema\\\/person\\\/b975e0cbcd43b7dcf9c64511ec84f10f\"},\"headline\":\"Bendici\u00f3n del pesebre, encendido del \u00e1rbol y Paseo navide\u00f1o\",\"datePublished\":\"2025-12-05T15:14:01+00:00\",\"dateModified\":\"2025-12-05T15:38:50+00:00\",\"mainEntityOfPage\":{\"@id\":\"https:\\\/\\\/oroverde.gob.ar\\\/portal\\\/bendicion-del-pesebre-encendido-del-arbol-y-paseo-navideno\\\/\"},\"wordCount\":96,\"publisher\":{\"@id\":\"https:\\\/\\\/oroverde.gob.ar\\\/portal\\\/#organization\"},\"image\":{\"@id\":\"https:\\\/\\\/oroverde.gob.ar\\\/portal\\\/bendicion-del-pesebre-encendido-del-arbol-y-paseo-navideno\\\/#primaryimage\"},\"thumbnailUrl\":\"https:\\\/\\\/oroverde.gob.ar\\\/portal\\\/wp-content\\\/uploads\\\/2025\\\/12\\\/317c5861-a66c-460a-bd9a-a2dfcc39601c.jpeg\",\"articleSection\":[\"Municipio\"],\"inLanguage\":\"es\"},{\"@type\":\"WebPage\",\"@id\":\"https:\\\/\\\/oroverde.gob.ar\\\/portal\\\/bendicion-del-pesebre-encendido-del-arbol-y-paseo-navideno\\\/\",\"url\":\"https:\\\/\\\/oroverde.gob.ar\\\/portal\\\/bendicion-del-pesebre-encendido-del-arbol-y-paseo-navideno\\\/\",\"name\":\"Bendici\u00f3n del pesebre, encendido del \u00e1rbol y Paseo navide\u00f1o - Municipio de Oro Verde\",\"isPartOf\":{\"@id\":\"https:\\\/\\\/oroverde.gob.ar\\\/portal\\\/#website\"},\"primaryImageOfPage\":{\"@id\":\"https:\\\/\\\/oroverde.gob.ar\\\/portal\\\/bendicion-del-pesebre-encendido-del-arbol-y-paseo-navideno\\\/#primaryimage\"},\"image\":{\"@id\":\"https:\\\/\\\/oroverde.gob.ar\\\/portal\\\/bendicion-del-pesebre-encendido-del-arbol-y-paseo-navideno\\\/#primaryimage\"},\"thumbnailUrl\":\"https:\\\/\\\/oroverde.gob.ar\\\/portal\\\/wp-content\\\/uploads\\\/2025\\\/12\\\/317c5861-a66c-460a-bd9a-a2dfcc39601c.jpeg\",\"datePublished\":\"2025-12-05T15:14:01+00:00\",\"dateModified\":\"2025-12-05T15:38:50+00:00\",\"breadcrumb\":{\"@id\":\"https:\\\/\\\/oroverde.gob.ar\\\/portal\\\/bendicion-del-pesebre-encendido-del-arbol-y-paseo-navideno\\\/#breadcrumb\"},\"inLanguage\":\"es\",\"potentialAction\":[{\"@type\":\"ReadAction\",\"target\":[\"https:\\\/\\\/oroverde.gob.ar\\\/portal\\\/bendicion-del-pesebre-encendido-del-arbol-y-paseo-navideno\\\/\"]}]},{\"@type\":\"ImageObject\",\"inLanguage\":\"es\",\"@id\":\"https:\\\/\\\/oroverde.gob.ar\\\/portal\\\/bendicion-del-pesebre-encendido-del-arbol-y-paseo-navideno\\\/#primaryimage\",\"url\":\"https:\\\/\\\/oroverde.gob.ar\\\/portal\\\/wp-content\\\/uploads\\\/2025\\\/12\\\/317c5861-a66c-460a-bd9a-a2dfcc39601c.jpeg\",\"contentUrl\":\"https:\\\/\\\/oroverde.gob.ar\\\/portal\\\/wp-content\\\/uploads\\\/2025\\\/12\\\/317c5861-a66c-460a-bd9a-a2dfcc39601c.jpeg\",\"width\":1600,\"height\":1067},{\"@type\":\"BreadcrumbList\",\"@id\":\"https:\\\/\\\/oroverde.gob.ar\\\/portal\\\/bendicion-del-pesebre-encendido-del-arbol-y-paseo-navideno\\\/#breadcrumb\",\"itemListElement\":[{\"@type\":\"ListItem\",\"position\":1,\"name\":\"Portada\",\"item\":\"https:\\\/\\\/oroverde.gob.ar\\\/portal\\\/\"},{\"@type\":\"ListItem\",\"position\":2,\"name\":\"Bendici\u00f3n del pesebre, encendido del \u00e1rbol y Paseo navide\u00f1o\"}]},{\"@type\":\"WebSite\",\"@id\":\"https:\\\/\\\/oroverde.gob.ar\\\/portal\\\/#website\",\"url\":\"https:\\\/\\\/oroverde.gob.ar\\\/portal\\\/\",\"name\":\"Municipio de Oro Verde\",\"description\":\"Web Oficial\",\"publisher\":{\"@id\":\"https:\\\/\\\/oroverde.gob.ar\\\/portal\\\/#organization\"},\"potentialAction\":[{\"@type\":\"SearchAction\",\"target\":{\"@type\":\"EntryPoint\",\"urlTemplate\":\"https:\\\/\\\/oroverde.gob.ar\\\/portal\\\/?s={search_term_string}\"},\"query-input\":{\"@type\":\"PropertyValueSpecification\",\"valueRequired\":true,\"valueName\":\"search_term_string\"}}],\"inLanguage\":\"es\"},{\"@type\":\"Organization\",\"@id\":\"https:\\\/\\\/oroverde.gob.ar\\\/portal\\\/#organization\",\"name\":\"Municipio de Oro Verde\",\"url\":\"https:\\\/\\\/oroverde.gob.ar\\\/portal\\\/\",\"logo\":{\"@type\":\"ImageObject\",\"inLanguage\":\"es\",\"@id\":\"https:\\\/\\\/oroverde.gob.ar\\\/portal\\\/#\\\/schema\\\/logo\\\/image\\\/\",\"url\":\"https:\\\/\\\/oroverde.gob.ar\\\/portal\\\/wp-content\\\/uploads\\\/2024\\\/06\\\/cropped-cropped-logo-1.png\",\"contentUrl\":\"https:\\\/\\\/oroverde.gob.ar\\\/portal\\\/wp-content\\\/uploads\\\/2024\\\/06\\\/cropped-cropped-logo-1.png\",\"width\":1776,\"height\":738,\"caption\":\"Municipio de Oro Verde\"},\"image\":{\"@id\":\"https:\\\/\\\/oroverde.gob.ar\\\/portal\\\/#\\\/schema\\\/logo\\\/image\\\/\"}},{\"@type\":\"Person\",\"@id\":\"https:\\\/\\\/oroverde.gob.ar\\\/portal\\\/#\\\/schema\\\/person\\\/b975e0cbcd43b7dcf9c64511ec84f10f\",\"name\":\"Soledad\",\"image\":{\"@type\":\"ImageObject\",\"inLanguage\":\"es\",\"@id\":\"https:\\\/\\\/secure.gravatar.com\\\/avatar\\\/b2f5b6cda565395f31dc94c95932b9b3fbe6275bad58a1579843d3d1607d4a66?s=96&d=mm&r=g\",\"url\":\"https:\\\/\\\/secure.gravatar.com\\\/avatar\\\/b2f5b6cda565395f31dc94c95932b9b3fbe6275bad58a1579843d3d1607d4a66?s=96&d=mm&r=g\",\"contentUrl\":\"https:\\\/\\\/secure.gravatar.com\\\/avatar\\\/b2f5b6cda565395f31dc94c95932b9b3fbe6275bad58a1579843d3d1607d4a66?s=96&d=mm&r=g\",\"caption\":\"Soledad\"},\"url\":\"https:\\\/\\\/oroverde.gob.ar\\\/portal\\\/author\\\/soledad\\\/\"}]}<\/script>\n<!-- \/ Yoast SEO plugin. -->","yoast_head_json":{"title":"Bendici\u00f3n del pesebre, encendido del \u00e1rbol y Paseo navide\u00f1o - Municipio de Oro Verde","robots":{"index":"index","follow":"follow","max-snippet":"max-snippet:-1","max-image-preview":"max-image-preview:large","max-video-preview":"max-video-preview:-1"},"canonical":"https:\/\/oroverde.gob.ar\/portal\/bendicion-del-pesebre-encendido-del-arbol-y-paseo-navideno\/","og_locale":"es_ES","og_type":"article","og_title":"Bendici\u00f3n del pesebre, encendido del \u00e1rbol y Paseo navide\u00f1o - Municipio de Oro Verde","og_description":"Las fiestas ya se acercan y el pr\u00f3ximo lunes 8 de diciembre a las 21 hs se realizar\u00e1 la bendici\u00f3n del pesebre, el encendido del \u00e1rbol y el Paseo navide\u00f1o sustentable que contar\u00e1 con adornos festivos hechos por integrantes del grupo Manos Creativas. &hellip;","og_url":"https:\/\/oroverde.gob.ar\/portal\/bendicion-del-pesebre-encendido-del-arbol-y-paseo-navideno\/","og_site_name":"Municipio de Oro Verde","article_published_time":"2025-12-05T15:14:01+00:00","article_modified_time":"2025-12-05T15:38:50+00:00","og_image":[{"width":1600,"height":1067,"url":"https:\/\/oroverde.gob.ar\/portal\/wp-content\/uploads\/2025\/12\/317c5861-a66c-460a-bd9a-a2dfcc39601c.jpeg","type":"image\/jpeg"}],"author":"Soledad","twitter_card":"summary_large_image","twitter_misc":{"Escrito por":"Soledad","Tiempo de lectura":"1 minuto"},"schema":{"@context":"https:\/\/schema.org","@graph":[{"@type":"Article","@id":"https:\/\/oroverde.gob.ar\/portal\/bendicion-del-pesebre-encendido-del-arbol-y-paseo-navideno\/#article","isPartOf":{"@id":"https:\/\/oroverde.gob.ar\/portal\/bendicion-del-pesebre-encendido-del-arbol-y-paseo-navideno\/"},"author":{"name":"Soledad","@id":"https:\/\/oroverde.gob.ar\/portal\/#\/schema\/person\/b975e0cbcd43b7dcf9c64511ec84f10f"},"headline":"Bendici\u00f3n del pesebre, encendido del \u00e1rbol y Paseo navide\u00f1o","datePublished":"2025-12-05T15:14:01+00:00","dateModified":"2025-12-05T15:38:50+00:00","mainEntityOfPage":{"@id":"https:\/\/oroverde.gob.ar\/portal\/bendicion-del-pesebre-encendido-del-arbol-y-paseo-navideno\/"},"wordCount":96,"publisher":{"@id":"https:\/\/oroverde.gob.ar\/portal\/#organization"},"image":{"@id":"https:\/\/oroverde.gob.ar\/portal\/bendicion-del-pesebre-encendido-del-arbol-y-paseo-navideno\/#primaryimage"},"thumbnailUrl":"https:\/\/oroverde.gob.ar\/portal\/wp-content\/uploads\/2025\/12\/317c5861-a66c-460a-bd9a-a2dfcc39601c.jpeg","articleSection":["Municipio"],"inLanguage":"es"},{"@type":"WebPage","@id":"https:\/\/oroverde.gob.ar\/portal\/bendicion-del-pesebre-encendido-del-arbol-y-paseo-navideno\/","url":"https:\/\/oroverde.gob.ar\/portal\/bendicion-del-pesebre-encendido-del-arbol-y-paseo-navideno\/","name":"Bendici\u00f3n del pesebre, encendido del \u00e1rbol y Paseo navide\u00f1o - Municipio de Oro Verde","isPartOf":{"@id":"https:\/\/oroverde.gob.ar\/portal\/#website"},"primaryImageOfPage":{"@id":"https:\/\/oroverde.gob.ar\/portal\/bendicion-del-pesebre-encendido-del-arbol-y-paseo-navideno\/#primaryimage"},"image":{"@id":"https:\/\/oroverde.gob.ar\/portal\/bendicion-del-pesebre-encendido-del-arbol-y-paseo-navideno\/#primaryimage"},"thumbnailUrl":"https:\/\/oroverde.gob.ar\/portal\/wp-content\/uploads\/2025\/12\/317c5861-a66c-460a-bd9a-a2dfcc39601c.jpeg","datePublished":"2025-12-05T15:14:01+00:00","dateModified":"2025-12-05T15:38:50+00:00","breadcrumb":{"@id":"https:\/\/oroverde.gob.ar\/portal\/bendicion-del-pesebre-encendido-del-arbol-y-paseo-navideno\/#breadcrumb"},"inLanguage":"es","potentialAction":[{"@type":"ReadAction","target":["https:\/\/oroverde.gob.ar\/portal\/bendicion-del-pesebre-encendido-del-arbol-y-paseo-navideno\/"]}]},{"@type":"ImageObject","inLanguage":"es","@id":"https:\/\/oroverde.gob.ar\/portal\/bendicion-del-pesebre-encendido-del-arbol-y-paseo-navideno\/#primaryimage","url":"https:\/\/oroverde.gob.ar\/portal\/wp-content\/uploads\/2025\/12\/317c5861-a66c-460a-bd9a-a2dfcc39601c.jpeg","contentUrl":"https:\/\/oroverde.gob.ar\/portal\/wp-content\/uploads\/2025\/12\/317c5861-a66c-460a-bd9a-a2dfcc39601c.jpeg","width":1600,"height":1067},{"@type":"BreadcrumbList","@id":"https:\/\/oroverde.gob.ar\/portal\/bendicion-del-pesebre-encendido-del-arbol-y-paseo-navideno\/#breadcrumb","itemListElement":[{"@type":"ListItem","position":1,"name":"Portada","item":"https:\/\/oroverde.gob.ar\/portal\/"},{"@type":"ListItem","position":2,"name":"Bendici\u00f3n del pesebre, encendido del \u00e1rbol y Paseo navide\u00f1o"}]},{"@type":"WebSite","@id":"https:\/\/oroverde.gob.ar\/portal\/#website","url":"https:\/\/oroverde.gob.ar\/portal\/","name":"Municipio de Oro Verde","description":"Web Oficial","publisher":{"@id":"https:\/\/oroverde.gob.ar\/portal\/#organization"},"potentialAction":[{"@type":"SearchAction","target":{"@type":"EntryPoint","urlTemplate":"https:\/\/oroverde.gob.ar\/portal\/?s={search_term_string}"},"query-input":{"@type":"PropertyValueSpecification","valueRequired":true,"valueName":"search_term_string"}}],"inLanguage":"es"},{"@type":"Organization","@id":"https:\/\/oroverde.gob.ar\/portal\/#organization","name":"Municipio de Oro Verde","url":"https:\/\/oroverde.gob.ar\/portal\/","logo":{"@type":"ImageObject","inLanguage":"es","@id":"https:\/\/oroverde.gob.ar\/portal\/#\/schema\/logo\/image\/","url":"https:\/\/oroverde.gob.ar\/portal\/wp-content\/uploads\/2024\/06\/cropped-cropped-logo-1.png","contentUrl":"https:\/\/oroverde.gob.ar\/portal\/wp-content\/uploads\/2024\/06\/cropped-cropped-logo-1.png","width":1776,"height":738,"caption":"Municipio de Oro Verde"},"image":{"@id":"https:\/\/oroverde.gob.ar\/portal\/#\/schema\/logo\/image\/"}},{"@type":"Person","@id":"https:\/\/oroverde.gob.ar\/portal\/#\/schema\/person\/b975e0cbcd43b7dcf9c64511ec84f10f","name":"Soledad","image":{"@type":"ImageObject","inLanguage":"es","@id":"https:\/\/secure.gravatar.com\/avatar\/b2f5b6cda565395f31dc94c95932b9b3fbe6275bad58a1579843d3d1607d4a66?s=96&d=mm&r=g","url":"https:\/\/secure.gravatar.com\/avatar\/b2f5b6cda565395f31dc94c95932b9b3fbe6275bad58a1579843d3d1607d4a66?s=96&d=mm&r=g","contentUrl":"https:\/\/secure.gravatar.com\/avatar\/b2f5b6cda565395f31dc94c95932b9b3fbe6275bad58a1579843d3d1607d4a66?s=96&d=mm&r=g","caption":"Soledad"},"url":"https:\/\/oroverde.gob.ar\/portal\/author\/soledad\/"}]}},"_links":{"self":[{"href":"https:\/\/oroverde.gob.ar\/portal\/wp-json\/wp\/v2\/posts\/7455","targetHints":{"allow":["GET"]}}],"collection":[{"href":"https:\/\/oroverde.gob.ar\/portal\/wp-json\/wp\/v2\/posts"}],"about":[{"href":"https:\/\/oroverde.gob.ar\/portal\/wp-json\/wp\/v2\/types\/post"}],"author":[{"embeddable":true,"href":"https:\/\/oroverde.gob.ar\/portal\/wp-json\/wp\/v2\/users\/3"}],"replies":[{"embeddable":true,"href":"https:\/\/oroverde.gob.ar\/portal\/wp-json\/wp\/v2\/comments?post=7455"}],"version-history":[{"count":1,"href":"https:\/\/oroverde.gob.ar\/portal\/wp-json\/wp\/v2\/posts\/7455\/revisions"}],"predecessor-version":[{"id":7457,"href":"https:\/\/oroverde.gob.ar\/portal\/wp-json\/wp\/v2\/posts\/7455\/revisions\/7457"}],"wp:featuredmedia":[{"embeddable":true,"href":"https:\/\/oroverde.gob.ar\/portal\/wp-json\/wp\/v2\/media\/7456"}],"wp:attachment":[{"href":"https:\/\/oroverde.gob.ar\/portal\/wp-json\/wp\/v2\/media?parent=7455"}],"wp:term":[{"taxonomy":"category","embeddable":true,"href":"https:\/\/oroverde.gob.ar\/portal\/wp-json\/wp\/v2\/categories?post=7455"},{"taxonomy":"post_tag","embeddable":true,"href":"https:\/\/oroverde.gob.ar\/portal\/wp-json\/wp\/v2\/tags?post=7455"}],"curies":[{"name":"wp","href":"https:\/\/api.w.org\/{rel}","templated":true}]}}