{"id":7464,"date":"2025-12-03T12:18:38","date_gmt":"2025-12-03T15:18:38","guid":{"rendered":"https:\/\/oroverde.gob.ar\/portal\/?p=7464"},"modified":"2025-12-03T12:18:38","modified_gmt":"2025-12-03T15:18:38","slug":"inauguramos-oficialmente-la-temporada-2025-2025-del-complejo-municipal-de-piletas","status":"publish","type":"post","link":"https:\/\/oroverde.gob.ar\/portal\/inauguramos-oficialmente-la-temporada-2025-2025-del-complejo-municipal-de-piletas\/","title":{"rendered":"Inauguramos oficialmente la temporada 2025-2025 del Complejo Municipal de Piletas"},"content":{"rendered":"<div class=\"xdj266r x14z9mp xat24cr x1lziwak x1vvkbs x126k92a\">\n<div dir=\"auto\">Esta inauguraci\u00f3n oficial consta de dos propuestas que se realizar\u00e1n este domingo 7 de diciembre, la edici\u00f3n 2025 de Oro Verde Trail y la presentaci\u00f3n de la banda Pont a Bailar.<\/div>\n<\/div>\n<div class=\"x14z9mp xat24cr x1lziwak x1vvkbs xtlvy1s x126k92a\">\n<div dir=\"auto\">La s\u00e9ptima edici\u00f3n de Oro Verde Trail Run se vivir\u00e1 en nuestra ciudad este domingo en el Complejo Municipal de Piletas (Los Tordos y Los Sauces), como lugar de salida y llegada.<\/div>\n<\/div>\n<div class=\"x14z9mp xat24cr x1lziwak x1vvkbs xtlvy1s x126k92a\">\n<div dir=\"auto\">Las distancias son de 30 k (6hs), 21 k (6:30 hs) y 10 k (7 hs) competitivos y de 10 k ( 7 hs)para trekking recreativo.<\/div>\n<\/div>\n<div class=\"x14z9mp xat24cr x1lziwak x1vvkbs xtlvy1s x126k92a\">\n<div dir=\"auto\">Toda la informaci\u00f3n sobre este evento deportivo con su reglamento, inscripciones, contactos y formas de pago en <span class=\"html-span xdj266r x14z9mp xat24cr x1lziwak xexx8yu xyri2b x18d9i69 x1c1uobl x1hl2dhg x16tdsg8 x1vvkbs\"><a class=\"x1i10hfl xjbqb8w x1ejq31n x18oe1m7 x1sy0etr xstzfhl x972fbf x10w94by x1qhh985 x14e42zd x9f619 x1ypdohk xt0psk2 x3ct3a4 xdj266r x14z9mp xat24cr x1lziwak xexx8yu xyri2b x18d9i69 x1c1uobl x16tdsg8 x1hl2dhg xggy1nq x1a2a7pz xkrqix3 x1sur9pj x1fey0fg x1s688f\" tabindex=\"0\" role=\"link\" href=\"https:\/\/www.cronofrancolini.com.ar\/trailoroverde.html?fbclid=IwZXh0bgNhZW0CMTAAYnJpZBExZ1N4MFNBMWtKd1E2bXo5Z3NydGMGYXBwX2lkEDIyMjAzOTE3ODgyMDA4OTIAAR6AbeSxrXnonJpvGaQB1b3BBNu-z62FWRVsLwqAn4c8AMxpPOOYxmB4p0JYlA_aem_hdBbMEI4jlnPPNSteQSK3Q\" target=\"_blank\" rel=\"nofollow noopener noreferrer\">https:\/\/www.cronofrancolini.com.ar\/trailoroverde.html<\/a><\/span><\/div>\n<\/div>\n<div class=\"x14z9mp xat24cr x1lziwak x1vvkbs xtlvy1s x126k92a\">\n<div dir=\"auto\">Para continuar disfrutando de la tarde en el Complejo a las 18:30 Pont a Bailar llegar\u00e1 con toda la buena m\u00fasica como bienvenida a esta apertura oficial de este lugar recreativo.<\/div>\n<\/div>\n","protected":false},"excerpt":{"rendered":"<p>Esta inauguraci\u00f3n oficial consta de dos propuestas que se realizar\u00e1n este domingo 7 de diciembre, la edici\u00f3n 2025 de Oro Verde Trail y la presentaci\u00f3n de la banda Pont a Bailar. La s\u00e9ptima edici\u00f3n de Oro Verde Trail Run se vivir\u00e1 en nuestra &hellip;<\/p>\n","protected":false},"author":3,"featured_media":7465,"comment_status":"closed","ping_status":"closed","sticky":false,"template":"","format":"standard","meta":{"footnotes":""},"categories":[1],"tags":[],"class_list":["post-7464","post","type-post","status-publish","format-standard","has-post-thumbnail","hentry","category-municipio"],"yoast_head":"<!-- This site is optimized with the Yoast SEO plugin v27.5 - https:\/\/yoast.com\/product\/yoast-seo-wordpress\/ -->\n<title>Inauguramos oficialmente la temporada 2025-2025 del Complejo Municipal de Piletas - Municipio de Oro Verde<\/title>\n<meta name=\"robots\" content=\"index, follow, max-snippet:-1, max-image-preview:large, max-video-preview:-1\" \/>\n<link rel=\"canonical\" href=\"https:\/\/oroverde.gob.ar\/portal\/inauguramos-oficialmente-la-temporada-2025-2025-del-complejo-municipal-de-piletas\/\" \/>\n<meta property=\"og:locale\" content=\"es_ES\" \/>\n<meta property=\"og:type\" content=\"article\" \/>\n<meta property=\"og:title\" content=\"Inauguramos oficialmente la temporada 2025-2025 del Complejo Municipal de Piletas - Municipio de Oro Verde\" \/>\n<meta property=\"og:description\" content=\"Esta inauguraci\u00f3n oficial consta de dos propuestas que se realizar\u00e1n este domingo 7 de diciembre, la edici\u00f3n 2025 de Oro Verde Trail y la presentaci\u00f3n de la banda Pont a Bailar. La s\u00e9ptima edici\u00f3n de Oro Verde Trail Run se vivir\u00e1 en nuestra &hellip;\" \/>\n<meta property=\"og:url\" content=\"https:\/\/oroverde.gob.ar\/portal\/inauguramos-oficialmente-la-temporada-2025-2025-del-complejo-municipal-de-piletas\/\" \/>\n<meta property=\"og:site_name\" content=\"Municipio de Oro Verde\" \/>\n<meta property=\"article:published_time\" content=\"2025-12-03T15:18:38+00:00\" \/>\n<meta property=\"og:image\" content=\"https:\/\/oroverde.gob.ar\/portal\/wp-content\/uploads\/2025\/12\/483484233_944890634482585_1796659435246689165_n.jpg\" \/>\n\t<meta property=\"og:image:width\" content=\"2048\" \/>\n\t<meta property=\"og:image:height\" content=\"1367\" \/>\n\t<meta property=\"og:image:type\" content=\"image\/jpeg\" \/>\n<meta name=\"author\" content=\"Soledad\" \/>\n<meta name=\"twitter:card\" content=\"summary_large_image\" \/>\n<meta name=\"twitter:label1\" content=\"Escrito por\" \/>\n\t<meta name=\"twitter:data1\" content=\"Soledad\" \/>\n\t<meta name=\"twitter:label2\" content=\"Tiempo de lectura\" \/>\n\t<meta name=\"twitter:data2\" content=\"1 minuto\" \/>\n<script type=\"application\/ld+json\" class=\"yoast-schema-graph\">{\"@context\":\"https:\\\/\\\/schema.org\",\"@graph\":[{\"@type\":\"Article\",\"@id\":\"https:\\\/\\\/oroverde.gob.ar\\\/portal\\\/inauguramos-oficialmente-la-temporada-2025-2025-del-complejo-municipal-de-piletas\\\/#article\",\"isPartOf\":{\"@id\":\"https:\\\/\\\/oroverde.gob.ar\\\/portal\\\/inauguramos-oficialmente-la-temporada-2025-2025-del-complejo-municipal-de-piletas\\\/\"},\"author\":{\"name\":\"Soledad\",\"@id\":\"https:\\\/\\\/oroverde.gob.ar\\\/portal\\\/#\\\/schema\\\/person\\\/b975e0cbcd43b7dcf9c64511ec84f10f\"},\"headline\":\"Inauguramos oficialmente la temporada 2025-2025 del Complejo Municipal de Piletas\",\"datePublished\":\"2025-12-03T15:18:38+00:00\",\"mainEntityOfPage\":{\"@id\":\"https:\\\/\\\/oroverde.gob.ar\\\/portal\\\/inauguramos-oficialmente-la-temporada-2025-2025-del-complejo-municipal-de-piletas\\\/\"},\"wordCount\":152,\"publisher\":{\"@id\":\"https:\\\/\\\/oroverde.gob.ar\\\/portal\\\/#organization\"},\"image\":{\"@id\":\"https:\\\/\\\/oroverde.gob.ar\\\/portal\\\/inauguramos-oficialmente-la-temporada-2025-2025-del-complejo-municipal-de-piletas\\\/#primaryimage\"},\"thumbnailUrl\":\"https:\\\/\\\/oroverde.gob.ar\\\/portal\\\/wp-content\\\/uploads\\\/2025\\\/12\\\/483484233_944890634482585_1796659435246689165_n.jpg\",\"articleSection\":[\"Municipio\"],\"inLanguage\":\"es\"},{\"@type\":\"WebPage\",\"@id\":\"https:\\\/\\\/oroverde.gob.ar\\\/portal\\\/inauguramos-oficialmente-la-temporada-2025-2025-del-complejo-municipal-de-piletas\\\/\",\"url\":\"https:\\\/\\\/oroverde.gob.ar\\\/portal\\\/inauguramos-oficialmente-la-temporada-2025-2025-del-complejo-municipal-de-piletas\\\/\",\"name\":\"Inauguramos oficialmente la temporada 2025-2025 del Complejo Municipal de Piletas - Municipio de Oro Verde\",\"isPartOf\":{\"@id\":\"https:\\\/\\\/oroverde.gob.ar\\\/portal\\\/#website\"},\"primaryImageOfPage\":{\"@id\":\"https:\\\/\\\/oroverde.gob.ar\\\/portal\\\/inauguramos-oficialmente-la-temporada-2025-2025-del-complejo-municipal-de-piletas\\\/#primaryimage\"},\"image\":{\"@id\":\"https:\\\/\\\/oroverde.gob.ar\\\/portal\\\/inauguramos-oficialmente-la-temporada-2025-2025-del-complejo-municipal-de-piletas\\\/#primaryimage\"},\"thumbnailUrl\":\"https:\\\/\\\/oroverde.gob.ar\\\/portal\\\/wp-content\\\/uploads\\\/2025\\\/12\\\/483484233_944890634482585_1796659435246689165_n.jpg\",\"datePublished\":\"2025-12-03T15:18:38+00:00\",\"breadcrumb\":{\"@id\":\"https:\\\/\\\/oroverde.gob.ar\\\/portal\\\/inauguramos-oficialmente-la-temporada-2025-2025-del-complejo-municipal-de-piletas\\\/#breadcrumb\"},\"inLanguage\":\"es\",\"potentialAction\":[{\"@type\":\"ReadAction\",\"target\":[\"https:\\\/\\\/oroverde.gob.ar\\\/portal\\\/inauguramos-oficialmente-la-temporada-2025-2025-del-complejo-municipal-de-piletas\\\/\"]}]},{\"@type\":\"ImageObject\",\"inLanguage\":\"es\",\"@id\":\"https:\\\/\\\/oroverde.gob.ar\\\/portal\\\/inauguramos-oficialmente-la-temporada-2025-2025-del-complejo-municipal-de-piletas\\\/#primaryimage\",\"url\":\"https:\\\/\\\/oroverde.gob.ar\\\/portal\\\/wp-content\\\/uploads\\\/2025\\\/12\\\/483484233_944890634482585_1796659435246689165_n.jpg\",\"contentUrl\":\"https:\\\/\\\/oroverde.gob.ar\\\/portal\\\/wp-content\\\/uploads\\\/2025\\\/12\\\/483484233_944890634482585_1796659435246689165_n.jpg\",\"width\":2048,\"height\":1367},{\"@type\":\"BreadcrumbList\",\"@id\":\"https:\\\/\\\/oroverde.gob.ar\\\/portal\\\/inauguramos-oficialmente-la-temporada-2025-2025-del-complejo-municipal-de-piletas\\\/#breadcrumb\",\"itemListElement\":[{\"@type\":\"ListItem\",\"position\":1,\"name\":\"Portada\",\"item\":\"https:\\\/\\\/oroverde.gob.ar\\\/portal\\\/\"},{\"@type\":\"ListItem\",\"position\":2,\"name\":\"Inauguramos oficialmente la temporada 2025-2025 del Complejo Municipal de Piletas\"}]},{\"@type\":\"WebSite\",\"@id\":\"https:\\\/\\\/oroverde.gob.ar\\\/portal\\\/#website\",\"url\":\"https:\\\/\\\/oroverde.gob.ar\\\/portal\\\/\",\"name\":\"Municipio de Oro Verde\",\"description\":\"Web Oficial\",\"publisher\":{\"@id\":\"https:\\\/\\\/oroverde.gob.ar\\\/portal\\\/#organization\"},\"potentialAction\":[{\"@type\":\"SearchAction\",\"target\":{\"@type\":\"EntryPoint\",\"urlTemplate\":\"https:\\\/\\\/oroverde.gob.ar\\\/portal\\\/?s={search_term_string}\"},\"query-input\":{\"@type\":\"PropertyValueSpecification\",\"valueRequired\":true,\"valueName\":\"search_term_string\"}}],\"inLanguage\":\"es\"},{\"@type\":\"Organization\",\"@id\":\"https:\\\/\\\/oroverde.gob.ar\\\/portal\\\/#organization\",\"name\":\"Municipio de Oro Verde\",\"url\":\"https:\\\/\\\/oroverde.gob.ar\\\/portal\\\/\",\"logo\":{\"@type\":\"ImageObject\",\"inLanguage\":\"es\",\"@id\":\"https:\\\/\\\/oroverde.gob.ar\\\/portal\\\/#\\\/schema\\\/logo\\\/image\\\/\",\"url\":\"https:\\\/\\\/oroverde.gob.ar\\\/portal\\\/wp-content\\\/uploads\\\/2024\\\/06\\\/cropped-cropped-logo-1.png\",\"contentUrl\":\"https:\\\/\\\/oroverde.gob.ar\\\/portal\\\/wp-content\\\/uploads\\\/2024\\\/06\\\/cropped-cropped-logo-1.png\",\"width\":1776,\"height\":738,\"caption\":\"Municipio de Oro Verde\"},\"image\":{\"@id\":\"https:\\\/\\\/oroverde.gob.ar\\\/portal\\\/#\\\/schema\\\/logo\\\/image\\\/\"}},{\"@type\":\"Person\",\"@id\":\"https:\\\/\\\/oroverde.gob.ar\\\/portal\\\/#\\\/schema\\\/person\\\/b975e0cbcd43b7dcf9c64511ec84f10f\",\"name\":\"Soledad\",\"image\":{\"@type\":\"ImageObject\",\"inLanguage\":\"es\",\"@id\":\"https:\\\/\\\/secure.gravatar.com\\\/avatar\\\/b2f5b6cda565395f31dc94c95932b9b3fbe6275bad58a1579843d3d1607d4a66?s=96&d=mm&r=g\",\"url\":\"https:\\\/\\\/secure.gravatar.com\\\/avatar\\\/b2f5b6cda565395f31dc94c95932b9b3fbe6275bad58a1579843d3d1607d4a66?s=96&d=mm&r=g\",\"contentUrl\":\"https:\\\/\\\/secure.gravatar.com\\\/avatar\\\/b2f5b6cda565395f31dc94c95932b9b3fbe6275bad58a1579843d3d1607d4a66?s=96&d=mm&r=g\",\"caption\":\"Soledad\"},\"url\":\"https:\\\/\\\/oroverde.gob.ar\\\/portal\\\/author\\\/soledad\\\/\"}]}<\/script>\n<!-- \/ Yoast SEO plugin. -->","yoast_head_json":{"title":"Inauguramos oficialmente la temporada 2025-2025 del Complejo Municipal de Piletas - Municipio de Oro Verde","robots":{"index":"index","follow":"follow","max-snippet":"max-snippet:-1","max-image-preview":"max-image-preview:large","max-video-preview":"max-video-preview:-1"},"canonical":"https:\/\/oroverde.gob.ar\/portal\/inauguramos-oficialmente-la-temporada-2025-2025-del-complejo-municipal-de-piletas\/","og_locale":"es_ES","og_type":"article","og_title":"Inauguramos oficialmente la temporada 2025-2025 del Complejo Municipal de Piletas - Municipio de Oro Verde","og_description":"Esta inauguraci\u00f3n oficial consta de dos propuestas que se realizar\u00e1n este domingo 7 de diciembre, la edici\u00f3n 2025 de Oro Verde Trail y la presentaci\u00f3n de la banda Pont a Bailar. La s\u00e9ptima edici\u00f3n de Oro Verde Trail Run se vivir\u00e1 en nuestra &hellip;","og_url":"https:\/\/oroverde.gob.ar\/portal\/inauguramos-oficialmente-la-temporada-2025-2025-del-complejo-municipal-de-piletas\/","og_site_name":"Municipio de Oro Verde","article_published_time":"2025-12-03T15:18:38+00:00","og_image":[{"width":2048,"height":1367,"url":"https:\/\/oroverde.gob.ar\/portal\/wp-content\/uploads\/2025\/12\/483484233_944890634482585_1796659435246689165_n.jpg","type":"image\/jpeg"}],"author":"Soledad","twitter_card":"summary_large_image","twitter_misc":{"Escrito por":"Soledad","Tiempo de lectura":"1 minuto"},"schema":{"@context":"https:\/\/schema.org","@graph":[{"@type":"Article","@id":"https:\/\/oroverde.gob.ar\/portal\/inauguramos-oficialmente-la-temporada-2025-2025-del-complejo-municipal-de-piletas\/#article","isPartOf":{"@id":"https:\/\/oroverde.gob.ar\/portal\/inauguramos-oficialmente-la-temporada-2025-2025-del-complejo-municipal-de-piletas\/"},"author":{"name":"Soledad","@id":"https:\/\/oroverde.gob.ar\/portal\/#\/schema\/person\/b975e0cbcd43b7dcf9c64511ec84f10f"},"headline":"Inauguramos oficialmente la temporada 2025-2025 del Complejo Municipal de Piletas","datePublished":"2025-12-03T15:18:38+00:00","mainEntityOfPage":{"@id":"https:\/\/oroverde.gob.ar\/portal\/inauguramos-oficialmente-la-temporada-2025-2025-del-complejo-municipal-de-piletas\/"},"wordCount":152,"publisher":{"@id":"https:\/\/oroverde.gob.ar\/portal\/#organization"},"image":{"@id":"https:\/\/oroverde.gob.ar\/portal\/inauguramos-oficialmente-la-temporada-2025-2025-del-complejo-municipal-de-piletas\/#primaryimage"},"thumbnailUrl":"https:\/\/oroverde.gob.ar\/portal\/wp-content\/uploads\/2025\/12\/483484233_944890634482585_1796659435246689165_n.jpg","articleSection":["Municipio"],"inLanguage":"es"},{"@type":"WebPage","@id":"https:\/\/oroverde.gob.ar\/portal\/inauguramos-oficialmente-la-temporada-2025-2025-del-complejo-municipal-de-piletas\/","url":"https:\/\/oroverde.gob.ar\/portal\/inauguramos-oficialmente-la-temporada-2025-2025-del-complejo-municipal-de-piletas\/","name":"Inauguramos oficialmente la temporada 2025-2025 del Complejo Municipal de Piletas - Municipio de Oro Verde","isPartOf":{"@id":"https:\/\/oroverde.gob.ar\/portal\/#website"},"primaryImageOfPage":{"@id":"https:\/\/oroverde.gob.ar\/portal\/inauguramos-oficialmente-la-temporada-2025-2025-del-complejo-municipal-de-piletas\/#primaryimage"},"image":{"@id":"https:\/\/oroverde.gob.ar\/portal\/inauguramos-oficialmente-la-temporada-2025-2025-del-complejo-municipal-de-piletas\/#primaryimage"},"thumbnailUrl":"https:\/\/oroverde.gob.ar\/portal\/wp-content\/uploads\/2025\/12\/483484233_944890634482585_1796659435246689165_n.jpg","datePublished":"2025-12-03T15:18:38+00:00","breadcrumb":{"@id":"https:\/\/oroverde.gob.ar\/portal\/inauguramos-oficialmente-la-temporada-2025-2025-del-complejo-municipal-de-piletas\/#breadcrumb"},"inLanguage":"es","potentialAction":[{"@type":"ReadAction","target":["https:\/\/oroverde.gob.ar\/portal\/inauguramos-oficialmente-la-temporada-2025-2025-del-complejo-municipal-de-piletas\/"]}]},{"@type":"ImageObject","inLanguage":"es","@id":"https:\/\/oroverde.gob.ar\/portal\/inauguramos-oficialmente-la-temporada-2025-2025-del-complejo-municipal-de-piletas\/#primaryimage","url":"https:\/\/oroverde.gob.ar\/portal\/wp-content\/uploads\/2025\/12\/483484233_944890634482585_1796659435246689165_n.jpg","contentUrl":"https:\/\/oroverde.gob.ar\/portal\/wp-content\/uploads\/2025\/12\/483484233_944890634482585_1796659435246689165_n.jpg","width":2048,"height":1367},{"@type":"BreadcrumbList","@id":"https:\/\/oroverde.gob.ar\/portal\/inauguramos-oficialmente-la-temporada-2025-2025-del-complejo-municipal-de-piletas\/#breadcrumb","itemListElement":[{"@type":"ListItem","position":1,"name":"Portada","item":"https:\/\/oroverde.gob.ar\/portal\/"},{"@type":"ListItem","position":2,"name":"Inauguramos oficialmente la temporada 2025-2025 del Complejo Municipal de Piletas"}]},{"@type":"WebSite","@id":"https:\/\/oroverde.gob.ar\/portal\/#website","url":"https:\/\/oroverde.gob.ar\/portal\/","name":"Municipio de Oro Verde","description":"Web Oficial","publisher":{"@id":"https:\/\/oroverde.gob.ar\/portal\/#organization"},"potentialAction":[{"@type":"SearchAction","target":{"@type":"EntryPoint","urlTemplate":"https:\/\/oroverde.gob.ar\/portal\/?s={search_term_string}"},"query-input":{"@type":"PropertyValueSpecification","valueRequired":true,"valueName":"search_term_string"}}],"inLanguage":"es"},{"@type":"Organization","@id":"https:\/\/oroverde.gob.ar\/portal\/#organization","name":"Municipio de Oro Verde","url":"https:\/\/oroverde.gob.ar\/portal\/","logo":{"@type":"ImageObject","inLanguage":"es","@id":"https:\/\/oroverde.gob.ar\/portal\/#\/schema\/logo\/image\/","url":"https:\/\/oroverde.gob.ar\/portal\/wp-content\/uploads\/2024\/06\/cropped-cropped-logo-1.png","contentUrl":"https:\/\/oroverde.gob.ar\/portal\/wp-content\/uploads\/2024\/06\/cropped-cropped-logo-1.png","width":1776,"height":738,"caption":"Municipio de Oro Verde"},"image":{"@id":"https:\/\/oroverde.gob.ar\/portal\/#\/schema\/logo\/image\/"}},{"@type":"Person","@id":"https:\/\/oroverde.gob.ar\/portal\/#\/schema\/person\/b975e0cbcd43b7dcf9c64511ec84f10f","name":"Soledad","image":{"@type":"ImageObject","inLanguage":"es","@id":"https:\/\/secure.gravatar.com\/avatar\/b2f5b6cda565395f31dc94c95932b9b3fbe6275bad58a1579843d3d1607d4a66?s=96&d=mm&r=g","url":"https:\/\/secure.gravatar.com\/avatar\/b2f5b6cda565395f31dc94c95932b9b3fbe6275bad58a1579843d3d1607d4a66?s=96&d=mm&r=g","contentUrl":"https:\/\/secure.gravatar.com\/avatar\/b2f5b6cda565395f31dc94c95932b9b3fbe6275bad58a1579843d3d1607d4a66?s=96&d=mm&r=g","caption":"Soledad"},"url":"https:\/\/oroverde.gob.ar\/portal\/author\/soledad\/"}]}},"_links":{"self":[{"href":"https:\/\/oroverde.gob.ar\/portal\/wp-json\/wp\/v2\/posts\/7464","targetHints":{"allow":["GET"]}}],"collection":[{"href":"https:\/\/oroverde.gob.ar\/portal\/wp-json\/wp\/v2\/posts"}],"about":[{"href":"https:\/\/oroverde.gob.ar\/portal\/wp-json\/wp\/v2\/types\/post"}],"author":[{"embeddable":true,"href":"https:\/\/oroverde.gob.ar\/portal\/wp-json\/wp\/v2\/users\/3"}],"replies":[{"embeddable":true,"href":"https:\/\/oroverde.gob.ar\/portal\/wp-json\/wp\/v2\/comments?post=7464"}],"version-history":[{"count":1,"href":"https:\/\/oroverde.gob.ar\/portal\/wp-json\/wp\/v2\/posts\/7464\/revisions"}],"predecessor-version":[{"id":7466,"href":"https:\/\/oroverde.gob.ar\/portal\/wp-json\/wp\/v2\/posts\/7464\/revisions\/7466"}],"wp:featuredmedia":[{"embeddable":true,"href":"https:\/\/oroverde.gob.ar\/portal\/wp-json\/wp\/v2\/media\/7465"}],"wp:attachment":[{"href":"https:\/\/oroverde.gob.ar\/portal\/wp-json\/wp\/v2\/media?parent=7464"}],"wp:term":[{"taxonomy":"category","embeddable":true,"href":"https:\/\/oroverde.gob.ar\/portal\/wp-json\/wp\/v2\/categories?post=7464"},{"taxonomy":"post_tag","embeddable":true,"href":"https:\/\/oroverde.gob.ar\/portal\/wp-json\/wp\/v2\/tags?post=7464"}],"curies":[{"name":"wp","href":"https:\/\/api.w.org\/{rel}","templated":true}]}}