{"id":7470,"date":"2025-12-04T11:59:57","date_gmt":"2025-12-04T14:59:57","guid":{"rendered":"https:\/\/oroverde.gob.ar\/portal\/?p=7470"},"modified":"2025-12-04T11:59:57","modified_gmt":"2025-12-04T14:59:57","slug":"el-martes-9-de-diciembre-estudiantes-haran-un-relevamiento-para-la-deteccion-temprana-de-diferentes-tipos-de-cancer-en-oro-verde","status":"publish","type":"post","link":"https:\/\/oroverde.gob.ar\/portal\/el-martes-9-de-diciembre-estudiantes-haran-un-relevamiento-para-la-deteccion-temprana-de-diferentes-tipos-de-cancer-en-oro-verde\/","title":{"rendered":"El martes 9 de diciembre estudiantes har\u00e1n un relevamiento para la detecci\u00f3n temprana de diferentes tipos de c\u00e1ncer en Oro Verde"},"content":{"rendered":"<div class=\"xdj266r x14z9mp xat24cr x1lziwak x1vvkbs x126k92a\">\n<div dir=\"auto\">Desde el Municipio queremos informar a la comunidad que habr\u00e1 estudiantes haciendo un relevamiento casa por casa como parte de las acciones de extensi\u00f3n universitaria del ciclo 2025. El proyecto se denomina \u00abRelevamiento sobre la detecci\u00f3n temprana de distintos tipos de c\u00e1ncer en la poblaci\u00f3n de Oro Verde\u00bb. Tiene como objetivo realizar un sondeo en la comunidad para conocer el acceso a la detecci\u00f3n temprana (tamizaje) de diversos tipos de c\u00e1ncer (mama, c\u00e9rvix, pr\u00f3stata, colon y recto).<\/div>\n<\/div>\n<div class=\"x14z9mp xat24cr x1lziwak x1vvkbs xtlvy1s x126k92a\">\n<div dir=\"auto\"><\/div>\n<div dir=\"auto\">El martes 9 de diciembre se llevar\u00e1 a cabo una prueba piloto en la zona circunscripta entre Ruta Provincial N\u00b0 11 y Avenida Los Cisnes, y las calles Los Omb\u00faes y El Tr\u00e9bol.<\/div>\n<\/div>\n<div class=\"x14z9mp xat24cr x1lziwak x1vvkbs xtlvy1s x126k92a\">\n<div dir=\"auto\">La informaci\u00f3n recolectada contribuir\u00e1 a las estad\u00edsticas provinciales y nacionales, ayudando al Instituto Provincial del C\u00e1ncer a dise\u00f1ar estrategias sanitarias adecuadas para la regi\u00f3n.<\/div>\n<div dir=\"auto\"><\/div>\n<\/div>\n<div class=\"x14z9mp xat24cr x1lziwak x1vvkbs xtlvy1s x126k92a\">\n<div dir=\"auto\">Esta acci\u00f3n representa un esfuerzo de trabajo colaborativo\/participativo, fortaleciendo los v\u00ednculos entre la universidad y la comunidad. La actividad se desarrollar\u00e1 en colaboraci\u00f3n directa entre estudiantes de Bioingenier\u00eda de la UNER (de la FIUNER) y estudiantes de Enfermer\u00eda de la UADER (de la Facultad de Ciencias de la Vida y la Salud), quienes se est\u00e1n formando como profesionales clave para el \u00e1mbito sanitario.<\/div>\n<\/div>\n","protected":false},"excerpt":{"rendered":"<p>Desde el Municipio queremos informar a la comunidad que habr\u00e1 estudiantes haciendo un relevamiento casa por casa como parte de las acciones de extensi\u00f3n universitaria del ciclo 2025. El proyecto se denomina \u00abRelevamiento sobre la detecci\u00f3n temprana de distintos tipos de c\u00e1ncer en &hellip;<\/p>\n","protected":false},"author":3,"featured_media":7471,"comment_status":"closed","ping_status":"closed","sticky":false,"template":"","format":"standard","meta":{"footnotes":""},"categories":[20],"tags":[],"class_list":["post-7470","post","type-post","status-publish","format-standard","has-post-thumbnail","hentry","category-locales"],"yoast_head":"<!-- This site is optimized with the Yoast SEO plugin v27.5 - https:\/\/yoast.com\/product\/yoast-seo-wordpress\/ -->\n<title>El martes 9 de diciembre estudiantes har\u00e1n un relevamiento para la detecci\u00f3n temprana de diferentes tipos de c\u00e1ncer en Oro Verde - Municipio de Oro Verde<\/title>\n<meta name=\"robots\" content=\"index, follow, max-snippet:-1, max-image-preview:large, max-video-preview:-1\" \/>\n<link rel=\"canonical\" href=\"https:\/\/oroverde.gob.ar\/portal\/el-martes-9-de-diciembre-estudiantes-haran-un-relevamiento-para-la-deteccion-temprana-de-diferentes-tipos-de-cancer-en-oro-verde\/\" \/>\n<meta property=\"og:locale\" content=\"es_ES\" \/>\n<meta property=\"og:type\" content=\"article\" \/>\n<meta property=\"og:title\" content=\"El martes 9 de diciembre estudiantes har\u00e1n un relevamiento para la detecci\u00f3n temprana de diferentes tipos de c\u00e1ncer en Oro Verde - Municipio de Oro Verde\" \/>\n<meta property=\"og:description\" content=\"Desde el Municipio queremos informar a la comunidad que habr\u00e1 estudiantes haciendo un relevamiento casa por casa como parte de las acciones de extensi\u00f3n universitaria del ciclo 2025. El proyecto se denomina \u00abRelevamiento sobre la detecci\u00f3n temprana de distintos tipos de c\u00e1ncer en &hellip;\" \/>\n<meta property=\"og:url\" content=\"https:\/\/oroverde.gob.ar\/portal\/el-martes-9-de-diciembre-estudiantes-haran-un-relevamiento-para-la-deteccion-temprana-de-diferentes-tipos-de-cancer-en-oro-verde\/\" \/>\n<meta property=\"og:site_name\" content=\"Municipio de Oro Verde\" \/>\n<meta property=\"article:published_time\" content=\"2025-12-04T14:59:57+00:00\" \/>\n<meta property=\"og:image\" content=\"https:\/\/oroverde.gob.ar\/portal\/wp-content\/uploads\/2025\/12\/hand-5816640_1280.jpg\" \/>\n\t<meta property=\"og:image:width\" content=\"1280\" \/>\n\t<meta property=\"og:image:height\" content=\"853\" \/>\n\t<meta property=\"og:image:type\" content=\"image\/jpeg\" \/>\n<meta name=\"author\" content=\"Soledad\" \/>\n<meta name=\"twitter:card\" content=\"summary_large_image\" \/>\n<meta name=\"twitter:label1\" content=\"Escrito por\" \/>\n\t<meta name=\"twitter:data1\" content=\"Soledad\" \/>\n\t<meta name=\"twitter:label2\" content=\"Tiempo de lectura\" \/>\n\t<meta name=\"twitter:data2\" content=\"2 minutos\" \/>\n<script type=\"application\/ld+json\" class=\"yoast-schema-graph\">{\"@context\":\"https:\\\/\\\/schema.org\",\"@graph\":[{\"@type\":\"Article\",\"@id\":\"https:\\\/\\\/oroverde.gob.ar\\\/portal\\\/el-martes-9-de-diciembre-estudiantes-haran-un-relevamiento-para-la-deteccion-temprana-de-diferentes-tipos-de-cancer-en-oro-verde\\\/#article\",\"isPartOf\":{\"@id\":\"https:\\\/\\\/oroverde.gob.ar\\\/portal\\\/el-martes-9-de-diciembre-estudiantes-haran-un-relevamiento-para-la-deteccion-temprana-de-diferentes-tipos-de-cancer-en-oro-verde\\\/\"},\"author\":{\"name\":\"Soledad\",\"@id\":\"https:\\\/\\\/oroverde.gob.ar\\\/portal\\\/#\\\/schema\\\/person\\\/b975e0cbcd43b7dcf9c64511ec84f10f\"},\"headline\":\"El martes 9 de diciembre estudiantes har\u00e1n un relevamiento para la detecci\u00f3n temprana de diferentes tipos de c\u00e1ncer en Oro Verde\",\"datePublished\":\"2025-12-04T14:59:57+00:00\",\"mainEntityOfPage\":{\"@id\":\"https:\\\/\\\/oroverde.gob.ar\\\/portal\\\/el-martes-9-de-diciembre-estudiantes-haran-un-relevamiento-para-la-deteccion-temprana-de-diferentes-tipos-de-cancer-en-oro-verde\\\/\"},\"wordCount\":239,\"publisher\":{\"@id\":\"https:\\\/\\\/oroverde.gob.ar\\\/portal\\\/#organization\"},\"image\":{\"@id\":\"https:\\\/\\\/oroverde.gob.ar\\\/portal\\\/el-martes-9-de-diciembre-estudiantes-haran-un-relevamiento-para-la-deteccion-temprana-de-diferentes-tipos-de-cancer-en-oro-verde\\\/#primaryimage\"},\"thumbnailUrl\":\"https:\\\/\\\/oroverde.gob.ar\\\/portal\\\/wp-content\\\/uploads\\\/2025\\\/12\\\/hand-5816640_1280.jpg\",\"articleSection\":[\"Locales\"],\"inLanguage\":\"es\"},{\"@type\":\"WebPage\",\"@id\":\"https:\\\/\\\/oroverde.gob.ar\\\/portal\\\/el-martes-9-de-diciembre-estudiantes-haran-un-relevamiento-para-la-deteccion-temprana-de-diferentes-tipos-de-cancer-en-oro-verde\\\/\",\"url\":\"https:\\\/\\\/oroverde.gob.ar\\\/portal\\\/el-martes-9-de-diciembre-estudiantes-haran-un-relevamiento-para-la-deteccion-temprana-de-diferentes-tipos-de-cancer-en-oro-verde\\\/\",\"name\":\"El martes 9 de diciembre estudiantes har\u00e1n un relevamiento para la detecci\u00f3n temprana de diferentes tipos de c\u00e1ncer en Oro Verde - Municipio de Oro Verde\",\"isPartOf\":{\"@id\":\"https:\\\/\\\/oroverde.gob.ar\\\/portal\\\/#website\"},\"primaryImageOfPage\":{\"@id\":\"https:\\\/\\\/oroverde.gob.ar\\\/portal\\\/el-martes-9-de-diciembre-estudiantes-haran-un-relevamiento-para-la-deteccion-temprana-de-diferentes-tipos-de-cancer-en-oro-verde\\\/#primaryimage\"},\"image\":{\"@id\":\"https:\\\/\\\/oroverde.gob.ar\\\/portal\\\/el-martes-9-de-diciembre-estudiantes-haran-un-relevamiento-para-la-deteccion-temprana-de-diferentes-tipos-de-cancer-en-oro-verde\\\/#primaryimage\"},\"thumbnailUrl\":\"https:\\\/\\\/oroverde.gob.ar\\\/portal\\\/wp-content\\\/uploads\\\/2025\\\/12\\\/hand-5816640_1280.jpg\",\"datePublished\":\"2025-12-04T14:59:57+00:00\",\"breadcrumb\":{\"@id\":\"https:\\\/\\\/oroverde.gob.ar\\\/portal\\\/el-martes-9-de-diciembre-estudiantes-haran-un-relevamiento-para-la-deteccion-temprana-de-diferentes-tipos-de-cancer-en-oro-verde\\\/#breadcrumb\"},\"inLanguage\":\"es\",\"potentialAction\":[{\"@type\":\"ReadAction\",\"target\":[\"https:\\\/\\\/oroverde.gob.ar\\\/portal\\\/el-martes-9-de-diciembre-estudiantes-haran-un-relevamiento-para-la-deteccion-temprana-de-diferentes-tipos-de-cancer-en-oro-verde\\\/\"]}]},{\"@type\":\"ImageObject\",\"inLanguage\":\"es\",\"@id\":\"https:\\\/\\\/oroverde.gob.ar\\\/portal\\\/el-martes-9-de-diciembre-estudiantes-haran-un-relevamiento-para-la-deteccion-temprana-de-diferentes-tipos-de-cancer-en-oro-verde\\\/#primaryimage\",\"url\":\"https:\\\/\\\/oroverde.gob.ar\\\/portal\\\/wp-content\\\/uploads\\\/2025\\\/12\\\/hand-5816640_1280.jpg\",\"contentUrl\":\"https:\\\/\\\/oroverde.gob.ar\\\/portal\\\/wp-content\\\/uploads\\\/2025\\\/12\\\/hand-5816640_1280.jpg\",\"width\":1280,\"height\":853},{\"@type\":\"BreadcrumbList\",\"@id\":\"https:\\\/\\\/oroverde.gob.ar\\\/portal\\\/el-martes-9-de-diciembre-estudiantes-haran-un-relevamiento-para-la-deteccion-temprana-de-diferentes-tipos-de-cancer-en-oro-verde\\\/#breadcrumb\",\"itemListElement\":[{\"@type\":\"ListItem\",\"position\":1,\"name\":\"Portada\",\"item\":\"https:\\\/\\\/oroverde.gob.ar\\\/portal\\\/\"},{\"@type\":\"ListItem\",\"position\":2,\"name\":\"El martes 9 de diciembre estudiantes har\u00e1n un relevamiento para la detecci\u00f3n temprana de diferentes tipos de c\u00e1ncer en Oro Verde\"}]},{\"@type\":\"WebSite\",\"@id\":\"https:\\\/\\\/oroverde.gob.ar\\\/portal\\\/#website\",\"url\":\"https:\\\/\\\/oroverde.gob.ar\\\/portal\\\/\",\"name\":\"Municipio de Oro Verde\",\"description\":\"Web Oficial\",\"publisher\":{\"@id\":\"https:\\\/\\\/oroverde.gob.ar\\\/portal\\\/#organization\"},\"potentialAction\":[{\"@type\":\"SearchAction\",\"target\":{\"@type\":\"EntryPoint\",\"urlTemplate\":\"https:\\\/\\\/oroverde.gob.ar\\\/portal\\\/?s={search_term_string}\"},\"query-input\":{\"@type\":\"PropertyValueSpecification\",\"valueRequired\":true,\"valueName\":\"search_term_string\"}}],\"inLanguage\":\"es\"},{\"@type\":\"Organization\",\"@id\":\"https:\\\/\\\/oroverde.gob.ar\\\/portal\\\/#organization\",\"name\":\"Municipio de Oro Verde\",\"url\":\"https:\\\/\\\/oroverde.gob.ar\\\/portal\\\/\",\"logo\":{\"@type\":\"ImageObject\",\"inLanguage\":\"es\",\"@id\":\"https:\\\/\\\/oroverde.gob.ar\\\/portal\\\/#\\\/schema\\\/logo\\\/image\\\/\",\"url\":\"https:\\\/\\\/oroverde.gob.ar\\\/portal\\\/wp-content\\\/uploads\\\/2024\\\/06\\\/cropped-cropped-logo-1.png\",\"contentUrl\":\"https:\\\/\\\/oroverde.gob.ar\\\/portal\\\/wp-content\\\/uploads\\\/2024\\\/06\\\/cropped-cropped-logo-1.png\",\"width\":1776,\"height\":738,\"caption\":\"Municipio de Oro Verde\"},\"image\":{\"@id\":\"https:\\\/\\\/oroverde.gob.ar\\\/portal\\\/#\\\/schema\\\/logo\\\/image\\\/\"}},{\"@type\":\"Person\",\"@id\":\"https:\\\/\\\/oroverde.gob.ar\\\/portal\\\/#\\\/schema\\\/person\\\/b975e0cbcd43b7dcf9c64511ec84f10f\",\"name\":\"Soledad\",\"image\":{\"@type\":\"ImageObject\",\"inLanguage\":\"es\",\"@id\":\"https:\\\/\\\/secure.gravatar.com\\\/avatar\\\/b2f5b6cda565395f31dc94c95932b9b3fbe6275bad58a1579843d3d1607d4a66?s=96&d=mm&r=g\",\"url\":\"https:\\\/\\\/secure.gravatar.com\\\/avatar\\\/b2f5b6cda565395f31dc94c95932b9b3fbe6275bad58a1579843d3d1607d4a66?s=96&d=mm&r=g\",\"contentUrl\":\"https:\\\/\\\/secure.gravatar.com\\\/avatar\\\/b2f5b6cda565395f31dc94c95932b9b3fbe6275bad58a1579843d3d1607d4a66?s=96&d=mm&r=g\",\"caption\":\"Soledad\"},\"url\":\"https:\\\/\\\/oroverde.gob.ar\\\/portal\\\/author\\\/soledad\\\/\"}]}<\/script>\n<!-- \/ Yoast SEO plugin. -->","yoast_head_json":{"title":"El martes 9 de diciembre estudiantes har\u00e1n un relevamiento para la detecci\u00f3n temprana de diferentes tipos de c\u00e1ncer en Oro Verde - Municipio de Oro Verde","robots":{"index":"index","follow":"follow","max-snippet":"max-snippet:-1","max-image-preview":"max-image-preview:large","max-video-preview":"max-video-preview:-1"},"canonical":"https:\/\/oroverde.gob.ar\/portal\/el-martes-9-de-diciembre-estudiantes-haran-un-relevamiento-para-la-deteccion-temprana-de-diferentes-tipos-de-cancer-en-oro-verde\/","og_locale":"es_ES","og_type":"article","og_title":"El martes 9 de diciembre estudiantes har\u00e1n un relevamiento para la detecci\u00f3n temprana de diferentes tipos de c\u00e1ncer en Oro Verde - Municipio de Oro Verde","og_description":"Desde el Municipio queremos informar a la comunidad que habr\u00e1 estudiantes haciendo un relevamiento casa por casa como parte de las acciones de extensi\u00f3n universitaria del ciclo 2025. El proyecto se denomina \u00abRelevamiento sobre la detecci\u00f3n temprana de distintos tipos de c\u00e1ncer en &hellip;","og_url":"https:\/\/oroverde.gob.ar\/portal\/el-martes-9-de-diciembre-estudiantes-haran-un-relevamiento-para-la-deteccion-temprana-de-diferentes-tipos-de-cancer-en-oro-verde\/","og_site_name":"Municipio de Oro Verde","article_published_time":"2025-12-04T14:59:57+00:00","og_image":[{"width":1280,"height":853,"url":"https:\/\/oroverde.gob.ar\/portal\/wp-content\/uploads\/2025\/12\/hand-5816640_1280.jpg","type":"image\/jpeg"}],"author":"Soledad","twitter_card":"summary_large_image","twitter_misc":{"Escrito por":"Soledad","Tiempo de lectura":"2 minutos"},"schema":{"@context":"https:\/\/schema.org","@graph":[{"@type":"Article","@id":"https:\/\/oroverde.gob.ar\/portal\/el-martes-9-de-diciembre-estudiantes-haran-un-relevamiento-para-la-deteccion-temprana-de-diferentes-tipos-de-cancer-en-oro-verde\/#article","isPartOf":{"@id":"https:\/\/oroverde.gob.ar\/portal\/el-martes-9-de-diciembre-estudiantes-haran-un-relevamiento-para-la-deteccion-temprana-de-diferentes-tipos-de-cancer-en-oro-verde\/"},"author":{"name":"Soledad","@id":"https:\/\/oroverde.gob.ar\/portal\/#\/schema\/person\/b975e0cbcd43b7dcf9c64511ec84f10f"},"headline":"El martes 9 de diciembre estudiantes har\u00e1n un relevamiento para la detecci\u00f3n temprana de diferentes tipos de c\u00e1ncer en Oro Verde","datePublished":"2025-12-04T14:59:57+00:00","mainEntityOfPage":{"@id":"https:\/\/oroverde.gob.ar\/portal\/el-martes-9-de-diciembre-estudiantes-haran-un-relevamiento-para-la-deteccion-temprana-de-diferentes-tipos-de-cancer-en-oro-verde\/"},"wordCount":239,"publisher":{"@id":"https:\/\/oroverde.gob.ar\/portal\/#organization"},"image":{"@id":"https:\/\/oroverde.gob.ar\/portal\/el-martes-9-de-diciembre-estudiantes-haran-un-relevamiento-para-la-deteccion-temprana-de-diferentes-tipos-de-cancer-en-oro-verde\/#primaryimage"},"thumbnailUrl":"https:\/\/oroverde.gob.ar\/portal\/wp-content\/uploads\/2025\/12\/hand-5816640_1280.jpg","articleSection":["Locales"],"inLanguage":"es"},{"@type":"WebPage","@id":"https:\/\/oroverde.gob.ar\/portal\/el-martes-9-de-diciembre-estudiantes-haran-un-relevamiento-para-la-deteccion-temprana-de-diferentes-tipos-de-cancer-en-oro-verde\/","url":"https:\/\/oroverde.gob.ar\/portal\/el-martes-9-de-diciembre-estudiantes-haran-un-relevamiento-para-la-deteccion-temprana-de-diferentes-tipos-de-cancer-en-oro-verde\/","name":"El martes 9 de diciembre estudiantes har\u00e1n un relevamiento para la detecci\u00f3n temprana de diferentes tipos de c\u00e1ncer en Oro Verde - Municipio de Oro Verde","isPartOf":{"@id":"https:\/\/oroverde.gob.ar\/portal\/#website"},"primaryImageOfPage":{"@id":"https:\/\/oroverde.gob.ar\/portal\/el-martes-9-de-diciembre-estudiantes-haran-un-relevamiento-para-la-deteccion-temprana-de-diferentes-tipos-de-cancer-en-oro-verde\/#primaryimage"},"image":{"@id":"https:\/\/oroverde.gob.ar\/portal\/el-martes-9-de-diciembre-estudiantes-haran-un-relevamiento-para-la-deteccion-temprana-de-diferentes-tipos-de-cancer-en-oro-verde\/#primaryimage"},"thumbnailUrl":"https:\/\/oroverde.gob.ar\/portal\/wp-content\/uploads\/2025\/12\/hand-5816640_1280.jpg","datePublished":"2025-12-04T14:59:57+00:00","breadcrumb":{"@id":"https:\/\/oroverde.gob.ar\/portal\/el-martes-9-de-diciembre-estudiantes-haran-un-relevamiento-para-la-deteccion-temprana-de-diferentes-tipos-de-cancer-en-oro-verde\/#breadcrumb"},"inLanguage":"es","potentialAction":[{"@type":"ReadAction","target":["https:\/\/oroverde.gob.ar\/portal\/el-martes-9-de-diciembre-estudiantes-haran-un-relevamiento-para-la-deteccion-temprana-de-diferentes-tipos-de-cancer-en-oro-verde\/"]}]},{"@type":"ImageObject","inLanguage":"es","@id":"https:\/\/oroverde.gob.ar\/portal\/el-martes-9-de-diciembre-estudiantes-haran-un-relevamiento-para-la-deteccion-temprana-de-diferentes-tipos-de-cancer-en-oro-verde\/#primaryimage","url":"https:\/\/oroverde.gob.ar\/portal\/wp-content\/uploads\/2025\/12\/hand-5816640_1280.jpg","contentUrl":"https:\/\/oroverde.gob.ar\/portal\/wp-content\/uploads\/2025\/12\/hand-5816640_1280.jpg","width":1280,"height":853},{"@type":"BreadcrumbList","@id":"https:\/\/oroverde.gob.ar\/portal\/el-martes-9-de-diciembre-estudiantes-haran-un-relevamiento-para-la-deteccion-temprana-de-diferentes-tipos-de-cancer-en-oro-verde\/#breadcrumb","itemListElement":[{"@type":"ListItem","position":1,"name":"Portada","item":"https:\/\/oroverde.gob.ar\/portal\/"},{"@type":"ListItem","position":2,"name":"El martes 9 de diciembre estudiantes har\u00e1n un relevamiento para la detecci\u00f3n temprana de diferentes tipos de c\u00e1ncer en Oro Verde"}]},{"@type":"WebSite","@id":"https:\/\/oroverde.gob.ar\/portal\/#website","url":"https:\/\/oroverde.gob.ar\/portal\/","name":"Municipio de Oro Verde","description":"Web Oficial","publisher":{"@id":"https:\/\/oroverde.gob.ar\/portal\/#organization"},"potentialAction":[{"@type":"SearchAction","target":{"@type":"EntryPoint","urlTemplate":"https:\/\/oroverde.gob.ar\/portal\/?s={search_term_string}"},"query-input":{"@type":"PropertyValueSpecification","valueRequired":true,"valueName":"search_term_string"}}],"inLanguage":"es"},{"@type":"Organization","@id":"https:\/\/oroverde.gob.ar\/portal\/#organization","name":"Municipio de Oro Verde","url":"https:\/\/oroverde.gob.ar\/portal\/","logo":{"@type":"ImageObject","inLanguage":"es","@id":"https:\/\/oroverde.gob.ar\/portal\/#\/schema\/logo\/image\/","url":"https:\/\/oroverde.gob.ar\/portal\/wp-content\/uploads\/2024\/06\/cropped-cropped-logo-1.png","contentUrl":"https:\/\/oroverde.gob.ar\/portal\/wp-content\/uploads\/2024\/06\/cropped-cropped-logo-1.png","width":1776,"height":738,"caption":"Municipio de Oro Verde"},"image":{"@id":"https:\/\/oroverde.gob.ar\/portal\/#\/schema\/logo\/image\/"}},{"@type":"Person","@id":"https:\/\/oroverde.gob.ar\/portal\/#\/schema\/person\/b975e0cbcd43b7dcf9c64511ec84f10f","name":"Soledad","image":{"@type":"ImageObject","inLanguage":"es","@id":"https:\/\/secure.gravatar.com\/avatar\/b2f5b6cda565395f31dc94c95932b9b3fbe6275bad58a1579843d3d1607d4a66?s=96&d=mm&r=g","url":"https:\/\/secure.gravatar.com\/avatar\/b2f5b6cda565395f31dc94c95932b9b3fbe6275bad58a1579843d3d1607d4a66?s=96&d=mm&r=g","contentUrl":"https:\/\/secure.gravatar.com\/avatar\/b2f5b6cda565395f31dc94c95932b9b3fbe6275bad58a1579843d3d1607d4a66?s=96&d=mm&r=g","caption":"Soledad"},"url":"https:\/\/oroverde.gob.ar\/portal\/author\/soledad\/"}]}},"_links":{"self":[{"href":"https:\/\/oroverde.gob.ar\/portal\/wp-json\/wp\/v2\/posts\/7470","targetHints":{"allow":["GET"]}}],"collection":[{"href":"https:\/\/oroverde.gob.ar\/portal\/wp-json\/wp\/v2\/posts"}],"about":[{"href":"https:\/\/oroverde.gob.ar\/portal\/wp-json\/wp\/v2\/types\/post"}],"author":[{"embeddable":true,"href":"https:\/\/oroverde.gob.ar\/portal\/wp-json\/wp\/v2\/users\/3"}],"replies":[{"embeddable":true,"href":"https:\/\/oroverde.gob.ar\/portal\/wp-json\/wp\/v2\/comments?post=7470"}],"version-history":[{"count":1,"href":"https:\/\/oroverde.gob.ar\/portal\/wp-json\/wp\/v2\/posts\/7470\/revisions"}],"predecessor-version":[{"id":7472,"href":"https:\/\/oroverde.gob.ar\/portal\/wp-json\/wp\/v2\/posts\/7470\/revisions\/7472"}],"wp:featuredmedia":[{"embeddable":true,"href":"https:\/\/oroverde.gob.ar\/portal\/wp-json\/wp\/v2\/media\/7471"}],"wp:attachment":[{"href":"https:\/\/oroverde.gob.ar\/portal\/wp-json\/wp\/v2\/media?parent=7470"}],"wp:term":[{"taxonomy":"category","embeddable":true,"href":"https:\/\/oroverde.gob.ar\/portal\/wp-json\/wp\/v2\/categories?post=7470"},{"taxonomy":"post_tag","embeddable":true,"href":"https:\/\/oroverde.gob.ar\/portal\/wp-json\/wp\/v2\/tags?post=7470"}],"curies":[{"name":"wp","href":"https:\/\/api.w.org\/{rel}","templated":true}]}}