{"id":7476,"date":"2025-12-05T12:04:57","date_gmt":"2025-12-05T15:04:57","guid":{"rendered":"https:\/\/oroverde.gob.ar\/portal\/?p=7476"},"modified":"2025-12-05T12:04:57","modified_gmt":"2025-12-05T15:04:57","slug":"finalizaron-el-asfalto-en-av-los-laureles-hasta-los-pirinchos","status":"publish","type":"post","link":"https:\/\/oroverde.gob.ar\/portal\/finalizaron-el-asfalto-en-av-los-laureles-hasta-los-pirinchos\/","title":{"rendered":"Finalizaron el asfalto en Av. Los Laureles hasta Los Pirinchos"},"content":{"rendered":"<div class=\"xdj266r x14z9mp xat24cr x1lziwak x1vvkbs x126k92a\">\n<div dir=\"auto\">Este viernes quedar\u00e1 habilitada al tr\u00e1nsito Av. Los Laureles al final para unir la planta urbana central y la entrada a los barrios Oasis. Se hicieron 400 metros de asfalto, cord\u00f3n cuneta y colocaron 300 tubos de alcantarilla.<\/div>\n<\/div>\n<div class=\"x14z9mp xat24cr x1lziwak x1vvkbs xtlvy1s x126k92a\">\n<div dir=\"auto\">La obra se llev\u00f3 adelante en dos etapas: la primera consisti\u00f3 en la instalaci\u00f3n desag\u00fces pluviales, preparaci\u00f3n y compactaci\u00f3n del suelo realizado con mano de obra y recursos municipales, invirtiendo el Municipio 31.850.000 pesos en materiales. La segunda fue parte de un convenio colaborativo con la empresa Terranova S.R.L.<\/div>\n<\/div>\n<div class=\"x14z9mp xat24cr x1lziwak x1vvkbs xtlvy1s x126k92a\">\n<div dir=\"auto\">Sobre la etapa de asfalto que corresponder\u00eda la mitad al Loteo Sol a Sol, el intendente C\u00e9sar Clement expres\u00f3 \u201cmediante la responsabilidad asumida por esta empresa de la localidad Terranova, pudimos realizar la mitad de la calzada que faltaba. Ellos tuvieron un compromiso colaborativo que nos permite unir la parte urbana central con los barrios Oasis, un tramo tan transitado por los vecinos que era muy esperado por ellos\u00bb.<\/div>\n<\/div>\n<div class=\"x14z9mp xat24cr x1lziwak x1vvkbs xtlvy1s x126k92a\">\n<div dir=\"auto\">Adem\u00e1s, resalt\u00f3 que ya se llam\u00f3 a licitaci\u00f3n para completar el asfalto en caliente de el tramo que quedar\u00eda pendiente en Av. Los Laureles.<\/div>\n<\/div>\n","protected":false},"excerpt":{"rendered":"<p>Este viernes quedar\u00e1 habilitada al tr\u00e1nsito Av. Los Laureles al final para unir la planta urbana central y la entrada a los barrios Oasis. Se hicieron 400 metros de asfalto, cord\u00f3n cuneta y colocaron 300 tubos de alcantarilla. La obra se llev\u00f3 adelante &hellip;<\/p>\n","protected":false},"author":3,"featured_media":7477,"comment_status":"closed","ping_status":"closed","sticky":false,"template":"","format":"standard","meta":{"footnotes":""},"categories":[1],"tags":[],"class_list":["post-7476","post","type-post","status-publish","format-standard","has-post-thumbnail","hentry","category-municipio"],"yoast_head":"<!-- This site is optimized with the Yoast SEO plugin v27.5 - https:\/\/yoast.com\/product\/yoast-seo-wordpress\/ -->\n<title>Finalizaron el asfalto en Av. Los Laureles hasta Los Pirinchos - Municipio de Oro Verde<\/title>\n<meta name=\"robots\" content=\"index, follow, max-snippet:-1, max-image-preview:large, max-video-preview:-1\" \/>\n<link rel=\"canonical\" href=\"https:\/\/oroverde.gob.ar\/portal\/finalizaron-el-asfalto-en-av-los-laureles-hasta-los-pirinchos\/\" \/>\n<meta property=\"og:locale\" content=\"es_ES\" \/>\n<meta property=\"og:type\" content=\"article\" \/>\n<meta property=\"og:title\" content=\"Finalizaron el asfalto en Av. Los Laureles hasta Los Pirinchos - Municipio de Oro Verde\" \/>\n<meta property=\"og:description\" content=\"Este viernes quedar\u00e1 habilitada al tr\u00e1nsito Av. Los Laureles al final para unir la planta urbana central y la entrada a los barrios Oasis. Se hicieron 400 metros de asfalto, cord\u00f3n cuneta y colocaron 300 tubos de alcantarilla. La obra se llev\u00f3 adelante &hellip;\" \/>\n<meta property=\"og:url\" content=\"https:\/\/oroverde.gob.ar\/portal\/finalizaron-el-asfalto-en-av-los-laureles-hasta-los-pirinchos\/\" \/>\n<meta property=\"og:site_name\" content=\"Municipio de Oro Verde\" \/>\n<meta property=\"article:published_time\" content=\"2025-12-05T15:04:57+00:00\" \/>\n<meta property=\"og:image\" content=\"https:\/\/oroverde.gob.ar\/portal\/wp-content\/uploads\/2025\/12\/DSC0591-scaled.jpg\" \/>\n\t<meta property=\"og:image:width\" content=\"2560\" \/>\n\t<meta property=\"og:image:height\" content=\"1708\" \/>\n\t<meta property=\"og:image:type\" content=\"image\/jpeg\" \/>\n<meta name=\"author\" content=\"Soledad\" \/>\n<meta name=\"twitter:card\" content=\"summary_large_image\" \/>\n<meta name=\"twitter:label1\" content=\"Escrito por\" \/>\n\t<meta name=\"twitter:data1\" content=\"Soledad\" \/>\n\t<meta name=\"twitter:label2\" content=\"Tiempo de lectura\" \/>\n\t<meta name=\"twitter:data2\" content=\"2 minutos\" \/>\n<script type=\"application\/ld+json\" class=\"yoast-schema-graph\">{\"@context\":\"https:\\\/\\\/schema.org\",\"@graph\":[{\"@type\":\"Article\",\"@id\":\"https:\\\/\\\/oroverde.gob.ar\\\/portal\\\/finalizaron-el-asfalto-en-av-los-laureles-hasta-los-pirinchos\\\/#article\",\"isPartOf\":{\"@id\":\"https:\\\/\\\/oroverde.gob.ar\\\/portal\\\/finalizaron-el-asfalto-en-av-los-laureles-hasta-los-pirinchos\\\/\"},\"author\":{\"name\":\"Soledad\",\"@id\":\"https:\\\/\\\/oroverde.gob.ar\\\/portal\\\/#\\\/schema\\\/person\\\/b975e0cbcd43b7dcf9c64511ec84f10f\"},\"headline\":\"Finalizaron el asfalto en Av. Los Laureles hasta Los Pirinchos\",\"datePublished\":\"2025-12-05T15:04:57+00:00\",\"mainEntityOfPage\":{\"@id\":\"https:\\\/\\\/oroverde.gob.ar\\\/portal\\\/finalizaron-el-asfalto-en-av-los-laureles-hasta-los-pirinchos\\\/\"},\"wordCount\":200,\"publisher\":{\"@id\":\"https:\\\/\\\/oroverde.gob.ar\\\/portal\\\/#organization\"},\"image\":{\"@id\":\"https:\\\/\\\/oroverde.gob.ar\\\/portal\\\/finalizaron-el-asfalto-en-av-los-laureles-hasta-los-pirinchos\\\/#primaryimage\"},\"thumbnailUrl\":\"https:\\\/\\\/oroverde.gob.ar\\\/portal\\\/wp-content\\\/uploads\\\/2025\\\/12\\\/DSC0591-scaled.jpg\",\"articleSection\":[\"Municipio\"],\"inLanguage\":\"es\"},{\"@type\":\"WebPage\",\"@id\":\"https:\\\/\\\/oroverde.gob.ar\\\/portal\\\/finalizaron-el-asfalto-en-av-los-laureles-hasta-los-pirinchos\\\/\",\"url\":\"https:\\\/\\\/oroverde.gob.ar\\\/portal\\\/finalizaron-el-asfalto-en-av-los-laureles-hasta-los-pirinchos\\\/\",\"name\":\"Finalizaron el asfalto en Av. Los Laureles hasta Los Pirinchos - Municipio de Oro Verde\",\"isPartOf\":{\"@id\":\"https:\\\/\\\/oroverde.gob.ar\\\/portal\\\/#website\"},\"primaryImageOfPage\":{\"@id\":\"https:\\\/\\\/oroverde.gob.ar\\\/portal\\\/finalizaron-el-asfalto-en-av-los-laureles-hasta-los-pirinchos\\\/#primaryimage\"},\"image\":{\"@id\":\"https:\\\/\\\/oroverde.gob.ar\\\/portal\\\/finalizaron-el-asfalto-en-av-los-laureles-hasta-los-pirinchos\\\/#primaryimage\"},\"thumbnailUrl\":\"https:\\\/\\\/oroverde.gob.ar\\\/portal\\\/wp-content\\\/uploads\\\/2025\\\/12\\\/DSC0591-scaled.jpg\",\"datePublished\":\"2025-12-05T15:04:57+00:00\",\"breadcrumb\":{\"@id\":\"https:\\\/\\\/oroverde.gob.ar\\\/portal\\\/finalizaron-el-asfalto-en-av-los-laureles-hasta-los-pirinchos\\\/#breadcrumb\"},\"inLanguage\":\"es\",\"potentialAction\":[{\"@type\":\"ReadAction\",\"target\":[\"https:\\\/\\\/oroverde.gob.ar\\\/portal\\\/finalizaron-el-asfalto-en-av-los-laureles-hasta-los-pirinchos\\\/\"]}]},{\"@type\":\"ImageObject\",\"inLanguage\":\"es\",\"@id\":\"https:\\\/\\\/oroverde.gob.ar\\\/portal\\\/finalizaron-el-asfalto-en-av-los-laureles-hasta-los-pirinchos\\\/#primaryimage\",\"url\":\"https:\\\/\\\/oroverde.gob.ar\\\/portal\\\/wp-content\\\/uploads\\\/2025\\\/12\\\/DSC0591-scaled.jpg\",\"contentUrl\":\"https:\\\/\\\/oroverde.gob.ar\\\/portal\\\/wp-content\\\/uploads\\\/2025\\\/12\\\/DSC0591-scaled.jpg\",\"width\":2560,\"height\":1708},{\"@type\":\"BreadcrumbList\",\"@id\":\"https:\\\/\\\/oroverde.gob.ar\\\/portal\\\/finalizaron-el-asfalto-en-av-los-laureles-hasta-los-pirinchos\\\/#breadcrumb\",\"itemListElement\":[{\"@type\":\"ListItem\",\"position\":1,\"name\":\"Portada\",\"item\":\"https:\\\/\\\/oroverde.gob.ar\\\/portal\\\/\"},{\"@type\":\"ListItem\",\"position\":2,\"name\":\"Finalizaron el asfalto en Av. Los Laureles hasta Los Pirinchos\"}]},{\"@type\":\"WebSite\",\"@id\":\"https:\\\/\\\/oroverde.gob.ar\\\/portal\\\/#website\",\"url\":\"https:\\\/\\\/oroverde.gob.ar\\\/portal\\\/\",\"name\":\"Municipio de Oro Verde\",\"description\":\"Web Oficial\",\"publisher\":{\"@id\":\"https:\\\/\\\/oroverde.gob.ar\\\/portal\\\/#organization\"},\"potentialAction\":[{\"@type\":\"SearchAction\",\"target\":{\"@type\":\"EntryPoint\",\"urlTemplate\":\"https:\\\/\\\/oroverde.gob.ar\\\/portal\\\/?s={search_term_string}\"},\"query-input\":{\"@type\":\"PropertyValueSpecification\",\"valueRequired\":true,\"valueName\":\"search_term_string\"}}],\"inLanguage\":\"es\"},{\"@type\":\"Organization\",\"@id\":\"https:\\\/\\\/oroverde.gob.ar\\\/portal\\\/#organization\",\"name\":\"Municipio de Oro Verde\",\"url\":\"https:\\\/\\\/oroverde.gob.ar\\\/portal\\\/\",\"logo\":{\"@type\":\"ImageObject\",\"inLanguage\":\"es\",\"@id\":\"https:\\\/\\\/oroverde.gob.ar\\\/portal\\\/#\\\/schema\\\/logo\\\/image\\\/\",\"url\":\"https:\\\/\\\/oroverde.gob.ar\\\/portal\\\/wp-content\\\/uploads\\\/2024\\\/06\\\/cropped-cropped-logo-1.png\",\"contentUrl\":\"https:\\\/\\\/oroverde.gob.ar\\\/portal\\\/wp-content\\\/uploads\\\/2024\\\/06\\\/cropped-cropped-logo-1.png\",\"width\":1776,\"height\":738,\"caption\":\"Municipio de Oro Verde\"},\"image\":{\"@id\":\"https:\\\/\\\/oroverde.gob.ar\\\/portal\\\/#\\\/schema\\\/logo\\\/image\\\/\"}},{\"@type\":\"Person\",\"@id\":\"https:\\\/\\\/oroverde.gob.ar\\\/portal\\\/#\\\/schema\\\/person\\\/b975e0cbcd43b7dcf9c64511ec84f10f\",\"name\":\"Soledad\",\"image\":{\"@type\":\"ImageObject\",\"inLanguage\":\"es\",\"@id\":\"https:\\\/\\\/secure.gravatar.com\\\/avatar\\\/b2f5b6cda565395f31dc94c95932b9b3fbe6275bad58a1579843d3d1607d4a66?s=96&d=mm&r=g\",\"url\":\"https:\\\/\\\/secure.gravatar.com\\\/avatar\\\/b2f5b6cda565395f31dc94c95932b9b3fbe6275bad58a1579843d3d1607d4a66?s=96&d=mm&r=g\",\"contentUrl\":\"https:\\\/\\\/secure.gravatar.com\\\/avatar\\\/b2f5b6cda565395f31dc94c95932b9b3fbe6275bad58a1579843d3d1607d4a66?s=96&d=mm&r=g\",\"caption\":\"Soledad\"},\"url\":\"https:\\\/\\\/oroverde.gob.ar\\\/portal\\\/author\\\/soledad\\\/\"}]}<\/script>\n<!-- \/ Yoast SEO plugin. -->","yoast_head_json":{"title":"Finalizaron el asfalto en Av. Los Laureles hasta Los Pirinchos - Municipio de Oro Verde","robots":{"index":"index","follow":"follow","max-snippet":"max-snippet:-1","max-image-preview":"max-image-preview:large","max-video-preview":"max-video-preview:-1"},"canonical":"https:\/\/oroverde.gob.ar\/portal\/finalizaron-el-asfalto-en-av-los-laureles-hasta-los-pirinchos\/","og_locale":"es_ES","og_type":"article","og_title":"Finalizaron el asfalto en Av. Los Laureles hasta Los Pirinchos - Municipio de Oro Verde","og_description":"Este viernes quedar\u00e1 habilitada al tr\u00e1nsito Av. Los Laureles al final para unir la planta urbana central y la entrada a los barrios Oasis. Se hicieron 400 metros de asfalto, cord\u00f3n cuneta y colocaron 300 tubos de alcantarilla. La obra se llev\u00f3 adelante &hellip;","og_url":"https:\/\/oroverde.gob.ar\/portal\/finalizaron-el-asfalto-en-av-los-laureles-hasta-los-pirinchos\/","og_site_name":"Municipio de Oro Verde","article_published_time":"2025-12-05T15:04:57+00:00","og_image":[{"width":2560,"height":1708,"url":"https:\/\/oroverde.gob.ar\/portal\/wp-content\/uploads\/2025\/12\/DSC0591-scaled.jpg","type":"image\/jpeg"}],"author":"Soledad","twitter_card":"summary_large_image","twitter_misc":{"Escrito por":"Soledad","Tiempo de lectura":"2 minutos"},"schema":{"@context":"https:\/\/schema.org","@graph":[{"@type":"Article","@id":"https:\/\/oroverde.gob.ar\/portal\/finalizaron-el-asfalto-en-av-los-laureles-hasta-los-pirinchos\/#article","isPartOf":{"@id":"https:\/\/oroverde.gob.ar\/portal\/finalizaron-el-asfalto-en-av-los-laureles-hasta-los-pirinchos\/"},"author":{"name":"Soledad","@id":"https:\/\/oroverde.gob.ar\/portal\/#\/schema\/person\/b975e0cbcd43b7dcf9c64511ec84f10f"},"headline":"Finalizaron el asfalto en Av. Los Laureles hasta Los Pirinchos","datePublished":"2025-12-05T15:04:57+00:00","mainEntityOfPage":{"@id":"https:\/\/oroverde.gob.ar\/portal\/finalizaron-el-asfalto-en-av-los-laureles-hasta-los-pirinchos\/"},"wordCount":200,"publisher":{"@id":"https:\/\/oroverde.gob.ar\/portal\/#organization"},"image":{"@id":"https:\/\/oroverde.gob.ar\/portal\/finalizaron-el-asfalto-en-av-los-laureles-hasta-los-pirinchos\/#primaryimage"},"thumbnailUrl":"https:\/\/oroverde.gob.ar\/portal\/wp-content\/uploads\/2025\/12\/DSC0591-scaled.jpg","articleSection":["Municipio"],"inLanguage":"es"},{"@type":"WebPage","@id":"https:\/\/oroverde.gob.ar\/portal\/finalizaron-el-asfalto-en-av-los-laureles-hasta-los-pirinchos\/","url":"https:\/\/oroverde.gob.ar\/portal\/finalizaron-el-asfalto-en-av-los-laureles-hasta-los-pirinchos\/","name":"Finalizaron el asfalto en Av. Los Laureles hasta Los Pirinchos - Municipio de Oro Verde","isPartOf":{"@id":"https:\/\/oroverde.gob.ar\/portal\/#website"},"primaryImageOfPage":{"@id":"https:\/\/oroverde.gob.ar\/portal\/finalizaron-el-asfalto-en-av-los-laureles-hasta-los-pirinchos\/#primaryimage"},"image":{"@id":"https:\/\/oroverde.gob.ar\/portal\/finalizaron-el-asfalto-en-av-los-laureles-hasta-los-pirinchos\/#primaryimage"},"thumbnailUrl":"https:\/\/oroverde.gob.ar\/portal\/wp-content\/uploads\/2025\/12\/DSC0591-scaled.jpg","datePublished":"2025-12-05T15:04:57+00:00","breadcrumb":{"@id":"https:\/\/oroverde.gob.ar\/portal\/finalizaron-el-asfalto-en-av-los-laureles-hasta-los-pirinchos\/#breadcrumb"},"inLanguage":"es","potentialAction":[{"@type":"ReadAction","target":["https:\/\/oroverde.gob.ar\/portal\/finalizaron-el-asfalto-en-av-los-laureles-hasta-los-pirinchos\/"]}]},{"@type":"ImageObject","inLanguage":"es","@id":"https:\/\/oroverde.gob.ar\/portal\/finalizaron-el-asfalto-en-av-los-laureles-hasta-los-pirinchos\/#primaryimage","url":"https:\/\/oroverde.gob.ar\/portal\/wp-content\/uploads\/2025\/12\/DSC0591-scaled.jpg","contentUrl":"https:\/\/oroverde.gob.ar\/portal\/wp-content\/uploads\/2025\/12\/DSC0591-scaled.jpg","width":2560,"height":1708},{"@type":"BreadcrumbList","@id":"https:\/\/oroverde.gob.ar\/portal\/finalizaron-el-asfalto-en-av-los-laureles-hasta-los-pirinchos\/#breadcrumb","itemListElement":[{"@type":"ListItem","position":1,"name":"Portada","item":"https:\/\/oroverde.gob.ar\/portal\/"},{"@type":"ListItem","position":2,"name":"Finalizaron el asfalto en Av. Los Laureles hasta Los Pirinchos"}]},{"@type":"WebSite","@id":"https:\/\/oroverde.gob.ar\/portal\/#website","url":"https:\/\/oroverde.gob.ar\/portal\/","name":"Municipio de Oro Verde","description":"Web Oficial","publisher":{"@id":"https:\/\/oroverde.gob.ar\/portal\/#organization"},"potentialAction":[{"@type":"SearchAction","target":{"@type":"EntryPoint","urlTemplate":"https:\/\/oroverde.gob.ar\/portal\/?s={search_term_string}"},"query-input":{"@type":"PropertyValueSpecification","valueRequired":true,"valueName":"search_term_string"}}],"inLanguage":"es"},{"@type":"Organization","@id":"https:\/\/oroverde.gob.ar\/portal\/#organization","name":"Municipio de Oro Verde","url":"https:\/\/oroverde.gob.ar\/portal\/","logo":{"@type":"ImageObject","inLanguage":"es","@id":"https:\/\/oroverde.gob.ar\/portal\/#\/schema\/logo\/image\/","url":"https:\/\/oroverde.gob.ar\/portal\/wp-content\/uploads\/2024\/06\/cropped-cropped-logo-1.png","contentUrl":"https:\/\/oroverde.gob.ar\/portal\/wp-content\/uploads\/2024\/06\/cropped-cropped-logo-1.png","width":1776,"height":738,"caption":"Municipio de Oro Verde"},"image":{"@id":"https:\/\/oroverde.gob.ar\/portal\/#\/schema\/logo\/image\/"}},{"@type":"Person","@id":"https:\/\/oroverde.gob.ar\/portal\/#\/schema\/person\/b975e0cbcd43b7dcf9c64511ec84f10f","name":"Soledad","image":{"@type":"ImageObject","inLanguage":"es","@id":"https:\/\/secure.gravatar.com\/avatar\/b2f5b6cda565395f31dc94c95932b9b3fbe6275bad58a1579843d3d1607d4a66?s=96&d=mm&r=g","url":"https:\/\/secure.gravatar.com\/avatar\/b2f5b6cda565395f31dc94c95932b9b3fbe6275bad58a1579843d3d1607d4a66?s=96&d=mm&r=g","contentUrl":"https:\/\/secure.gravatar.com\/avatar\/b2f5b6cda565395f31dc94c95932b9b3fbe6275bad58a1579843d3d1607d4a66?s=96&d=mm&r=g","caption":"Soledad"},"url":"https:\/\/oroverde.gob.ar\/portal\/author\/soledad\/"}]}},"_links":{"self":[{"href":"https:\/\/oroverde.gob.ar\/portal\/wp-json\/wp\/v2\/posts\/7476","targetHints":{"allow":["GET"]}}],"collection":[{"href":"https:\/\/oroverde.gob.ar\/portal\/wp-json\/wp\/v2\/posts"}],"about":[{"href":"https:\/\/oroverde.gob.ar\/portal\/wp-json\/wp\/v2\/types\/post"}],"author":[{"embeddable":true,"href":"https:\/\/oroverde.gob.ar\/portal\/wp-json\/wp\/v2\/users\/3"}],"replies":[{"embeddable":true,"href":"https:\/\/oroverde.gob.ar\/portal\/wp-json\/wp\/v2\/comments?post=7476"}],"version-history":[{"count":1,"href":"https:\/\/oroverde.gob.ar\/portal\/wp-json\/wp\/v2\/posts\/7476\/revisions"}],"predecessor-version":[{"id":7478,"href":"https:\/\/oroverde.gob.ar\/portal\/wp-json\/wp\/v2\/posts\/7476\/revisions\/7478"}],"wp:featuredmedia":[{"embeddable":true,"href":"https:\/\/oroverde.gob.ar\/portal\/wp-json\/wp\/v2\/media\/7477"}],"wp:attachment":[{"href":"https:\/\/oroverde.gob.ar\/portal\/wp-json\/wp\/v2\/media?parent=7476"}],"wp:term":[{"taxonomy":"category","embeddable":true,"href":"https:\/\/oroverde.gob.ar\/portal\/wp-json\/wp\/v2\/categories?post=7476"},{"taxonomy":"post_tag","embeddable":true,"href":"https:\/\/oroverde.gob.ar\/portal\/wp-json\/wp\/v2\/tags?post=7476"}],"curies":[{"name":"wp","href":"https:\/\/api.w.org\/{rel}","templated":true}]}}