{"id":7521,"date":"2025-12-11T12:59:46","date_gmt":"2025-12-11T15:59:46","guid":{"rendered":"https:\/\/oroverde.gob.ar\/portal\/?p=7521"},"modified":"2025-12-11T12:59:46","modified_gmt":"2025-12-11T15:59:46","slug":"finaliza-este-viernes-la-inscripcion-a-la-colonia-y-se-extiende-el-tiempo-para-llevar-la-documentacion-necesaria","status":"publish","type":"post","link":"https:\/\/oroverde.gob.ar\/portal\/finaliza-este-viernes-la-inscripcion-a-la-colonia-y-se-extiende-el-tiempo-para-llevar-la-documentacion-necesaria\/","title":{"rendered":"Finaliza este viernes la inscripci\u00f3n a la colonia y se extiende el tiempo para llevar la documentaci\u00f3n necesaria"},"content":{"rendered":"<div class=\"xdj266r x14z9mp xat24cr x1lziwak x1vvkbs x126k92a\">\n<div dir=\"auto\"><span class=\"html-span xexx8yu xyri2b x18d9i69 x1c1uobl x1hl2dhg x16tdsg8 x1vvkbs x3nfvp2 x1j61x8r x1fcty0u xdj266r xat24cr xm2jcoa x1mpyi22 xxymvpz xlup9mm x1kky2od\">Es<\/span>te viernes 12 de diciembre cierra la inscripci\u00f3n a la Escuela de Nataci\u00f3n y Vida en la Naturaleza.<\/div>\n<\/div>\n<div class=\"x14z9mp xat24cr x1lziwak x1vvkbs xtlvy1s x126k92a\">\n<div dir=\"auto\">En cuanto a la documentaci\u00f3n (ficha m\u00e9dica y fotocopia del DNI del ni\u00f1o\/a) que se debe entregar en el Complejo de Piletas HAY TIEMPO PARA LLEVARLA. Se recepciona de lunes a viernes de 8 a 12.<\/div>\n<\/div>\n<div class=\"x14z9mp xat24cr x1lziwak x1vvkbs xtlvy1s x126k92a\">\n<div dir=\"auto\">La Colonia de vacaciones municipal est\u00e1 destinada a ni\u00f1os de 4 (cumplidos) a 12 a\u00f1os y funcionar\u00e1 como todas las temporadas, en el Complejo de Piletas municipal ubicado en Las Tacuaritas y Los Sauces. La escuela es exclusivamente para residentes de la localidad y totalmente gratuita. Cuenta con un plantel de profesores y profesoras especializados para llevarla adelante junto al Centro de Educaci\u00f3n F\u00edsica N26 Oro Verde de nuestra localidad.<\/div>\n<\/div>\n<div class=\"x14z9mp xat24cr x1lziwak x1vvkbs xtlvy1s x126k92a\">\n<div dir=\"auto\">Para tener en cuenta:<\/div>\n<\/div>\n<div class=\"x14z9mp xat24cr x1lziwak x1vvkbs xtlvy1s x126k92a\">\n<div dir=\"auto\"><span class=\"html-span xexx8yu xyri2b x18d9i69 x1c1uobl x1hl2dhg x16tdsg8 x1vvkbs x3nfvp2 x1j61x8r x1fcty0u xdj266r xat24cr xm2jcoa x1mpyi22 xxymvpz xlup9mm x1kky2od\">&#8211;<\/span>Quienes no realizaron la inscripci\u00f3n, a\u00fan es posible hacerlo por medio del siguiente link: <span class=\"html-span xdj266r x14z9mp xat24cr x1lziwak xexx8yu xyri2b x18d9i69 x1c1uobl x1hl2dhg x16tdsg8 x1vvkbs\"><a class=\"x1i10hfl xjbqb8w x1ejq31n x18oe1m7 x1sy0etr xstzfhl x972fbf x10w94by x1qhh985 x14e42zd x9f619 x1ypdohk xt0psk2 x3ct3a4 xdj266r x14z9mp xat24cr x1lziwak xexx8yu xyri2b x18d9i69 x1c1uobl x16tdsg8 x1hl2dhg xggy1nq x1a2a7pz xkrqix3 x1sur9pj x1fey0fg x1s688f\" tabindex=\"0\" role=\"link\" href=\"https:\/\/forms.gle\/qejJoF3LJ7jRXztR7?fbclid=IwZXh0bgNhZW0CMTAAYnJpZBExaHZTdjZNaHp1Q1EzelJGOXNydGMGYXBwX2lkEDIyMjAzOTE3ODgyMDA4OTIAAR4elIs2h5fRzN5W8LB8saog9BPyLGHyku2x3sozObbqoDgPnCQfBU3jwh-1DA_aem_brRlDq6awJehGx-Wx07sCA\" target=\"_blank\" rel=\"nofollow noopener noreferrer\">https:\/\/forms.gle\/qejJoF3LJ7jRXztR7<\/a><\/span><\/div>\n<\/div>\n<div class=\"x14z9mp xat24cr x1lziwak x1vvkbs xtlvy1s x126k92a\">\n<div dir=\"auto\"><span class=\"html-span xexx8yu xyri2b x18d9i69 x1c1uobl x1hl2dhg x16tdsg8 x1vvkbs x3nfvp2 x1j61x8r x1fcty0u xdj266r xat24cr xm2jcoa x1mpyi22 xxymvpz xlup9mm x1kky2od\">&#8211;<\/span>Es indispensable completar y entregar la documentaci\u00f3n requerid y acercarla presencialmente al Complejo de Piletas municipal ubicado en Las Tacuaritas y Los Sauces. La ficha m\u00e9dica, que debe llenar un profesional, se puede descargar aqu\u00ed: <span class=\"html-span xdj266r x14z9mp xat24cr x1lziwak xexx8yu xyri2b x18d9i69 x1c1uobl x1hl2dhg x16tdsg8 x1vvkbs\"><a class=\"x1i10hfl xjbqb8w x1ejq31n x18oe1m7 x1sy0etr xstzfhl x972fbf x10w94by x1qhh985 x14e42zd x9f619 x1ypdohk xt0psk2 x3ct3a4 xdj266r x14z9mp xat24cr x1lziwak xexx8yu xyri2b x18d9i69 x1c1uobl x16tdsg8 x1hl2dhg xggy1nq x1a2a7pz xkrqix3 x1sur9pj x1fey0fg x1s688f\" tabindex=\"0\" role=\"link\" href=\"http:\/\/fichamedica.oroverde.gob.ar\/?fbclid=IwZXh0bgNhZW0CMTAAYnJpZBExaHZTdjZNaHp1Q1EzelJGOXNydGMGYXBwX2lkEDIyMjAzOTE3ODgyMDA4OTIAAR50A1AVd15EPht3eBD-F7m_DtqRhWBdYrabdHDY6Dh3o7iInEJqK-swm5Pvhg_aem_N7u6ojE4D1yDI68SEusN1A\" target=\"_blank\" rel=\"nofollow noopener noreferrer\">fichamedica.oroverde.gob.ar<\/a><\/span><\/div>\n<\/div>\n","protected":false},"excerpt":{"rendered":"<p>Este viernes 12 de diciembre cierra la inscripci\u00f3n a la Escuela de Nataci\u00f3n y Vida en la Naturaleza. En cuanto a la documentaci\u00f3n (ficha m\u00e9dica y fotocopia del DNI del ni\u00f1o\/a) que se debe entregar en el Complejo de Piletas HAY TIEMPO PARA &hellip;<\/p>\n","protected":false},"author":3,"featured_media":5156,"comment_status":"closed","ping_status":"closed","sticky":false,"template":"","format":"standard","meta":{"footnotes":""},"categories":[1],"tags":[],"class_list":["post-7521","post","type-post","status-publish","format-standard","has-post-thumbnail","hentry","category-municipio"],"yoast_head":"<!-- This site is optimized with the Yoast SEO plugin v27.5 - https:\/\/yoast.com\/product\/yoast-seo-wordpress\/ -->\n<title>Finaliza este viernes la inscripci\u00f3n a la colonia y se extiende el tiempo para llevar la documentaci\u00f3n necesaria - Municipio de Oro Verde<\/title>\n<meta name=\"robots\" content=\"index, follow, max-snippet:-1, max-image-preview:large, max-video-preview:-1\" \/>\n<link rel=\"canonical\" href=\"https:\/\/oroverde.gob.ar\/portal\/finaliza-este-viernes-la-inscripcion-a-la-colonia-y-se-extiende-el-tiempo-para-llevar-la-documentacion-necesaria\/\" \/>\n<meta property=\"og:locale\" content=\"es_ES\" \/>\n<meta property=\"og:type\" content=\"article\" \/>\n<meta property=\"og:title\" content=\"Finaliza este viernes la inscripci\u00f3n a la colonia y se extiende el tiempo para llevar la documentaci\u00f3n necesaria - Municipio de Oro Verde\" \/>\n<meta property=\"og:description\" content=\"Este viernes 12 de diciembre cierra la inscripci\u00f3n a la Escuela de Nataci\u00f3n y Vida en la Naturaleza. En cuanto a la documentaci\u00f3n (ficha m\u00e9dica y fotocopia del DNI del ni\u00f1o\/a) que se debe entregar en el Complejo de Piletas HAY TIEMPO PARA &hellip;\" \/>\n<meta property=\"og:url\" content=\"https:\/\/oroverde.gob.ar\/portal\/finaliza-este-viernes-la-inscripcion-a-la-colonia-y-se-extiende-el-tiempo-para-llevar-la-documentacion-necesaria\/\" \/>\n<meta property=\"og:site_name\" content=\"Municipio de Oro Verde\" \/>\n<meta property=\"article:published_time\" content=\"2025-12-11T15:59:46+00:00\" \/>\n<meta property=\"og:image\" content=\"https:\/\/oroverde.gob.ar\/portal\/wp-content\/uploads\/2025\/01\/Colonia-Escuela-de-Natacion-675x360-1.png\" \/>\n\t<meta property=\"og:image:width\" content=\"675\" \/>\n\t<meta property=\"og:image:height\" content=\"360\" \/>\n\t<meta property=\"og:image:type\" content=\"image\/png\" \/>\n<meta name=\"author\" content=\"Soledad\" \/>\n<meta name=\"twitter:card\" content=\"summary_large_image\" \/>\n<meta name=\"twitter:label1\" content=\"Escrito por\" \/>\n\t<meta name=\"twitter:data1\" content=\"Soledad\" \/>\n\t<meta name=\"twitter:label2\" content=\"Tiempo de lectura\" \/>\n\t<meta name=\"twitter:data2\" content=\"2 minutos\" \/>\n<script type=\"application\/ld+json\" class=\"yoast-schema-graph\">{\"@context\":\"https:\\\/\\\/schema.org\",\"@graph\":[{\"@type\":\"Article\",\"@id\":\"https:\\\/\\\/oroverde.gob.ar\\\/portal\\\/finaliza-este-viernes-la-inscripcion-a-la-colonia-y-se-extiende-el-tiempo-para-llevar-la-documentacion-necesaria\\\/#article\",\"isPartOf\":{\"@id\":\"https:\\\/\\\/oroverde.gob.ar\\\/portal\\\/finaliza-este-viernes-la-inscripcion-a-la-colonia-y-se-extiende-el-tiempo-para-llevar-la-documentacion-necesaria\\\/\"},\"author\":{\"name\":\"Soledad\",\"@id\":\"https:\\\/\\\/oroverde.gob.ar\\\/portal\\\/#\\\/schema\\\/person\\\/b975e0cbcd43b7dcf9c64511ec84f10f\"},\"headline\":\"Finaliza este viernes la inscripci\u00f3n a la colonia y se extiende el tiempo para llevar la documentaci\u00f3n necesaria\",\"datePublished\":\"2025-12-11T15:59:46+00:00\",\"mainEntityOfPage\":{\"@id\":\"https:\\\/\\\/oroverde.gob.ar\\\/portal\\\/finaliza-este-viernes-la-inscripcion-a-la-colonia-y-se-extiende-el-tiempo-para-llevar-la-documentacion-necesaria\\\/\"},\"wordCount\":216,\"publisher\":{\"@id\":\"https:\\\/\\\/oroverde.gob.ar\\\/portal\\\/#organization\"},\"image\":{\"@id\":\"https:\\\/\\\/oroverde.gob.ar\\\/portal\\\/finaliza-este-viernes-la-inscripcion-a-la-colonia-y-se-extiende-el-tiempo-para-llevar-la-documentacion-necesaria\\\/#primaryimage\"},\"thumbnailUrl\":\"https:\\\/\\\/oroverde.gob.ar\\\/portal\\\/wp-content\\\/uploads\\\/2025\\\/01\\\/Colonia-Escuela-de-Natacion-675x360-1.png\",\"articleSection\":[\"Municipio\"],\"inLanguage\":\"es\"},{\"@type\":\"WebPage\",\"@id\":\"https:\\\/\\\/oroverde.gob.ar\\\/portal\\\/finaliza-este-viernes-la-inscripcion-a-la-colonia-y-se-extiende-el-tiempo-para-llevar-la-documentacion-necesaria\\\/\",\"url\":\"https:\\\/\\\/oroverde.gob.ar\\\/portal\\\/finaliza-este-viernes-la-inscripcion-a-la-colonia-y-se-extiende-el-tiempo-para-llevar-la-documentacion-necesaria\\\/\",\"name\":\"Finaliza este viernes la inscripci\u00f3n a la colonia y se extiende el tiempo para llevar la documentaci\u00f3n necesaria - Municipio de Oro Verde\",\"isPartOf\":{\"@id\":\"https:\\\/\\\/oroverde.gob.ar\\\/portal\\\/#website\"},\"primaryImageOfPage\":{\"@id\":\"https:\\\/\\\/oroverde.gob.ar\\\/portal\\\/finaliza-este-viernes-la-inscripcion-a-la-colonia-y-se-extiende-el-tiempo-para-llevar-la-documentacion-necesaria\\\/#primaryimage\"},\"image\":{\"@id\":\"https:\\\/\\\/oroverde.gob.ar\\\/portal\\\/finaliza-este-viernes-la-inscripcion-a-la-colonia-y-se-extiende-el-tiempo-para-llevar-la-documentacion-necesaria\\\/#primaryimage\"},\"thumbnailUrl\":\"https:\\\/\\\/oroverde.gob.ar\\\/portal\\\/wp-content\\\/uploads\\\/2025\\\/01\\\/Colonia-Escuela-de-Natacion-675x360-1.png\",\"datePublished\":\"2025-12-11T15:59:46+00:00\",\"breadcrumb\":{\"@id\":\"https:\\\/\\\/oroverde.gob.ar\\\/portal\\\/finaliza-este-viernes-la-inscripcion-a-la-colonia-y-se-extiende-el-tiempo-para-llevar-la-documentacion-necesaria\\\/#breadcrumb\"},\"inLanguage\":\"es\",\"potentialAction\":[{\"@type\":\"ReadAction\",\"target\":[\"https:\\\/\\\/oroverde.gob.ar\\\/portal\\\/finaliza-este-viernes-la-inscripcion-a-la-colonia-y-se-extiende-el-tiempo-para-llevar-la-documentacion-necesaria\\\/\"]}]},{\"@type\":\"ImageObject\",\"inLanguage\":\"es\",\"@id\":\"https:\\\/\\\/oroverde.gob.ar\\\/portal\\\/finaliza-este-viernes-la-inscripcion-a-la-colonia-y-se-extiende-el-tiempo-para-llevar-la-documentacion-necesaria\\\/#primaryimage\",\"url\":\"https:\\\/\\\/oroverde.gob.ar\\\/portal\\\/wp-content\\\/uploads\\\/2025\\\/01\\\/Colonia-Escuela-de-Natacion-675x360-1.png\",\"contentUrl\":\"https:\\\/\\\/oroverde.gob.ar\\\/portal\\\/wp-content\\\/uploads\\\/2025\\\/01\\\/Colonia-Escuela-de-Natacion-675x360-1.png\",\"width\":675,\"height\":360},{\"@type\":\"BreadcrumbList\",\"@id\":\"https:\\\/\\\/oroverde.gob.ar\\\/portal\\\/finaliza-este-viernes-la-inscripcion-a-la-colonia-y-se-extiende-el-tiempo-para-llevar-la-documentacion-necesaria\\\/#breadcrumb\",\"itemListElement\":[{\"@type\":\"ListItem\",\"position\":1,\"name\":\"Portada\",\"item\":\"https:\\\/\\\/oroverde.gob.ar\\\/portal\\\/\"},{\"@type\":\"ListItem\",\"position\":2,\"name\":\"Finaliza este viernes la inscripci\u00f3n a la colonia y se extiende el tiempo para llevar la documentaci\u00f3n necesaria\"}]},{\"@type\":\"WebSite\",\"@id\":\"https:\\\/\\\/oroverde.gob.ar\\\/portal\\\/#website\",\"url\":\"https:\\\/\\\/oroverde.gob.ar\\\/portal\\\/\",\"name\":\"Municipio de Oro Verde\",\"description\":\"Web Oficial\",\"publisher\":{\"@id\":\"https:\\\/\\\/oroverde.gob.ar\\\/portal\\\/#organization\"},\"potentialAction\":[{\"@type\":\"SearchAction\",\"target\":{\"@type\":\"EntryPoint\",\"urlTemplate\":\"https:\\\/\\\/oroverde.gob.ar\\\/portal\\\/?s={search_term_string}\"},\"query-input\":{\"@type\":\"PropertyValueSpecification\",\"valueRequired\":true,\"valueName\":\"search_term_string\"}}],\"inLanguage\":\"es\"},{\"@type\":\"Organization\",\"@id\":\"https:\\\/\\\/oroverde.gob.ar\\\/portal\\\/#organization\",\"name\":\"Municipio de Oro Verde\",\"url\":\"https:\\\/\\\/oroverde.gob.ar\\\/portal\\\/\",\"logo\":{\"@type\":\"ImageObject\",\"inLanguage\":\"es\",\"@id\":\"https:\\\/\\\/oroverde.gob.ar\\\/portal\\\/#\\\/schema\\\/logo\\\/image\\\/\",\"url\":\"https:\\\/\\\/oroverde.gob.ar\\\/portal\\\/wp-content\\\/uploads\\\/2024\\\/06\\\/cropped-cropped-logo-1.png\",\"contentUrl\":\"https:\\\/\\\/oroverde.gob.ar\\\/portal\\\/wp-content\\\/uploads\\\/2024\\\/06\\\/cropped-cropped-logo-1.png\",\"width\":1776,\"height\":738,\"caption\":\"Municipio de Oro Verde\"},\"image\":{\"@id\":\"https:\\\/\\\/oroverde.gob.ar\\\/portal\\\/#\\\/schema\\\/logo\\\/image\\\/\"}},{\"@type\":\"Person\",\"@id\":\"https:\\\/\\\/oroverde.gob.ar\\\/portal\\\/#\\\/schema\\\/person\\\/b975e0cbcd43b7dcf9c64511ec84f10f\",\"name\":\"Soledad\",\"image\":{\"@type\":\"ImageObject\",\"inLanguage\":\"es\",\"@id\":\"https:\\\/\\\/secure.gravatar.com\\\/avatar\\\/b2f5b6cda565395f31dc94c95932b9b3fbe6275bad58a1579843d3d1607d4a66?s=96&d=mm&r=g\",\"url\":\"https:\\\/\\\/secure.gravatar.com\\\/avatar\\\/b2f5b6cda565395f31dc94c95932b9b3fbe6275bad58a1579843d3d1607d4a66?s=96&d=mm&r=g\",\"contentUrl\":\"https:\\\/\\\/secure.gravatar.com\\\/avatar\\\/b2f5b6cda565395f31dc94c95932b9b3fbe6275bad58a1579843d3d1607d4a66?s=96&d=mm&r=g\",\"caption\":\"Soledad\"},\"url\":\"https:\\\/\\\/oroverde.gob.ar\\\/portal\\\/author\\\/soledad\\\/\"}]}<\/script>\n<!-- \/ Yoast SEO plugin. -->","yoast_head_json":{"title":"Finaliza este viernes la inscripci\u00f3n a la colonia y se extiende el tiempo para llevar la documentaci\u00f3n necesaria - Municipio de Oro Verde","robots":{"index":"index","follow":"follow","max-snippet":"max-snippet:-1","max-image-preview":"max-image-preview:large","max-video-preview":"max-video-preview:-1"},"canonical":"https:\/\/oroverde.gob.ar\/portal\/finaliza-este-viernes-la-inscripcion-a-la-colonia-y-se-extiende-el-tiempo-para-llevar-la-documentacion-necesaria\/","og_locale":"es_ES","og_type":"article","og_title":"Finaliza este viernes la inscripci\u00f3n a la colonia y se extiende el tiempo para llevar la documentaci\u00f3n necesaria - Municipio de Oro Verde","og_description":"Este viernes 12 de diciembre cierra la inscripci\u00f3n a la Escuela de Nataci\u00f3n y Vida en la Naturaleza. En cuanto a la documentaci\u00f3n (ficha m\u00e9dica y fotocopia del DNI del ni\u00f1o\/a) que se debe entregar en el Complejo de Piletas HAY TIEMPO PARA &hellip;","og_url":"https:\/\/oroverde.gob.ar\/portal\/finaliza-este-viernes-la-inscripcion-a-la-colonia-y-se-extiende-el-tiempo-para-llevar-la-documentacion-necesaria\/","og_site_name":"Municipio de Oro Verde","article_published_time":"2025-12-11T15:59:46+00:00","og_image":[{"width":675,"height":360,"url":"https:\/\/oroverde.gob.ar\/portal\/wp-content\/uploads\/2025\/01\/Colonia-Escuela-de-Natacion-675x360-1.png","type":"image\/png"}],"author":"Soledad","twitter_card":"summary_large_image","twitter_misc":{"Escrito por":"Soledad","Tiempo de lectura":"2 minutos"},"schema":{"@context":"https:\/\/schema.org","@graph":[{"@type":"Article","@id":"https:\/\/oroverde.gob.ar\/portal\/finaliza-este-viernes-la-inscripcion-a-la-colonia-y-se-extiende-el-tiempo-para-llevar-la-documentacion-necesaria\/#article","isPartOf":{"@id":"https:\/\/oroverde.gob.ar\/portal\/finaliza-este-viernes-la-inscripcion-a-la-colonia-y-se-extiende-el-tiempo-para-llevar-la-documentacion-necesaria\/"},"author":{"name":"Soledad","@id":"https:\/\/oroverde.gob.ar\/portal\/#\/schema\/person\/b975e0cbcd43b7dcf9c64511ec84f10f"},"headline":"Finaliza este viernes la inscripci\u00f3n a la colonia y se extiende el tiempo para llevar la documentaci\u00f3n necesaria","datePublished":"2025-12-11T15:59:46+00:00","mainEntityOfPage":{"@id":"https:\/\/oroverde.gob.ar\/portal\/finaliza-este-viernes-la-inscripcion-a-la-colonia-y-se-extiende-el-tiempo-para-llevar-la-documentacion-necesaria\/"},"wordCount":216,"publisher":{"@id":"https:\/\/oroverde.gob.ar\/portal\/#organization"},"image":{"@id":"https:\/\/oroverde.gob.ar\/portal\/finaliza-este-viernes-la-inscripcion-a-la-colonia-y-se-extiende-el-tiempo-para-llevar-la-documentacion-necesaria\/#primaryimage"},"thumbnailUrl":"https:\/\/oroverde.gob.ar\/portal\/wp-content\/uploads\/2025\/01\/Colonia-Escuela-de-Natacion-675x360-1.png","articleSection":["Municipio"],"inLanguage":"es"},{"@type":"WebPage","@id":"https:\/\/oroverde.gob.ar\/portal\/finaliza-este-viernes-la-inscripcion-a-la-colonia-y-se-extiende-el-tiempo-para-llevar-la-documentacion-necesaria\/","url":"https:\/\/oroverde.gob.ar\/portal\/finaliza-este-viernes-la-inscripcion-a-la-colonia-y-se-extiende-el-tiempo-para-llevar-la-documentacion-necesaria\/","name":"Finaliza este viernes la inscripci\u00f3n a la colonia y se extiende el tiempo para llevar la documentaci\u00f3n necesaria - Municipio de Oro Verde","isPartOf":{"@id":"https:\/\/oroverde.gob.ar\/portal\/#website"},"primaryImageOfPage":{"@id":"https:\/\/oroverde.gob.ar\/portal\/finaliza-este-viernes-la-inscripcion-a-la-colonia-y-se-extiende-el-tiempo-para-llevar-la-documentacion-necesaria\/#primaryimage"},"image":{"@id":"https:\/\/oroverde.gob.ar\/portal\/finaliza-este-viernes-la-inscripcion-a-la-colonia-y-se-extiende-el-tiempo-para-llevar-la-documentacion-necesaria\/#primaryimage"},"thumbnailUrl":"https:\/\/oroverde.gob.ar\/portal\/wp-content\/uploads\/2025\/01\/Colonia-Escuela-de-Natacion-675x360-1.png","datePublished":"2025-12-11T15:59:46+00:00","breadcrumb":{"@id":"https:\/\/oroverde.gob.ar\/portal\/finaliza-este-viernes-la-inscripcion-a-la-colonia-y-se-extiende-el-tiempo-para-llevar-la-documentacion-necesaria\/#breadcrumb"},"inLanguage":"es","potentialAction":[{"@type":"ReadAction","target":["https:\/\/oroverde.gob.ar\/portal\/finaliza-este-viernes-la-inscripcion-a-la-colonia-y-se-extiende-el-tiempo-para-llevar-la-documentacion-necesaria\/"]}]},{"@type":"ImageObject","inLanguage":"es","@id":"https:\/\/oroverde.gob.ar\/portal\/finaliza-este-viernes-la-inscripcion-a-la-colonia-y-se-extiende-el-tiempo-para-llevar-la-documentacion-necesaria\/#primaryimage","url":"https:\/\/oroverde.gob.ar\/portal\/wp-content\/uploads\/2025\/01\/Colonia-Escuela-de-Natacion-675x360-1.png","contentUrl":"https:\/\/oroverde.gob.ar\/portal\/wp-content\/uploads\/2025\/01\/Colonia-Escuela-de-Natacion-675x360-1.png","width":675,"height":360},{"@type":"BreadcrumbList","@id":"https:\/\/oroverde.gob.ar\/portal\/finaliza-este-viernes-la-inscripcion-a-la-colonia-y-se-extiende-el-tiempo-para-llevar-la-documentacion-necesaria\/#breadcrumb","itemListElement":[{"@type":"ListItem","position":1,"name":"Portada","item":"https:\/\/oroverde.gob.ar\/portal\/"},{"@type":"ListItem","position":2,"name":"Finaliza este viernes la inscripci\u00f3n a la colonia y se extiende el tiempo para llevar la documentaci\u00f3n necesaria"}]},{"@type":"WebSite","@id":"https:\/\/oroverde.gob.ar\/portal\/#website","url":"https:\/\/oroverde.gob.ar\/portal\/","name":"Municipio de Oro Verde","description":"Web Oficial","publisher":{"@id":"https:\/\/oroverde.gob.ar\/portal\/#organization"},"potentialAction":[{"@type":"SearchAction","target":{"@type":"EntryPoint","urlTemplate":"https:\/\/oroverde.gob.ar\/portal\/?s={search_term_string}"},"query-input":{"@type":"PropertyValueSpecification","valueRequired":true,"valueName":"search_term_string"}}],"inLanguage":"es"},{"@type":"Organization","@id":"https:\/\/oroverde.gob.ar\/portal\/#organization","name":"Municipio de Oro Verde","url":"https:\/\/oroverde.gob.ar\/portal\/","logo":{"@type":"ImageObject","inLanguage":"es","@id":"https:\/\/oroverde.gob.ar\/portal\/#\/schema\/logo\/image\/","url":"https:\/\/oroverde.gob.ar\/portal\/wp-content\/uploads\/2024\/06\/cropped-cropped-logo-1.png","contentUrl":"https:\/\/oroverde.gob.ar\/portal\/wp-content\/uploads\/2024\/06\/cropped-cropped-logo-1.png","width":1776,"height":738,"caption":"Municipio de Oro Verde"},"image":{"@id":"https:\/\/oroverde.gob.ar\/portal\/#\/schema\/logo\/image\/"}},{"@type":"Person","@id":"https:\/\/oroverde.gob.ar\/portal\/#\/schema\/person\/b975e0cbcd43b7dcf9c64511ec84f10f","name":"Soledad","image":{"@type":"ImageObject","inLanguage":"es","@id":"https:\/\/secure.gravatar.com\/avatar\/b2f5b6cda565395f31dc94c95932b9b3fbe6275bad58a1579843d3d1607d4a66?s=96&d=mm&r=g","url":"https:\/\/secure.gravatar.com\/avatar\/b2f5b6cda565395f31dc94c95932b9b3fbe6275bad58a1579843d3d1607d4a66?s=96&d=mm&r=g","contentUrl":"https:\/\/secure.gravatar.com\/avatar\/b2f5b6cda565395f31dc94c95932b9b3fbe6275bad58a1579843d3d1607d4a66?s=96&d=mm&r=g","caption":"Soledad"},"url":"https:\/\/oroverde.gob.ar\/portal\/author\/soledad\/"}]}},"_links":{"self":[{"href":"https:\/\/oroverde.gob.ar\/portal\/wp-json\/wp\/v2\/posts\/7521","targetHints":{"allow":["GET"]}}],"collection":[{"href":"https:\/\/oroverde.gob.ar\/portal\/wp-json\/wp\/v2\/posts"}],"about":[{"href":"https:\/\/oroverde.gob.ar\/portal\/wp-json\/wp\/v2\/types\/post"}],"author":[{"embeddable":true,"href":"https:\/\/oroverde.gob.ar\/portal\/wp-json\/wp\/v2\/users\/3"}],"replies":[{"embeddable":true,"href":"https:\/\/oroverde.gob.ar\/portal\/wp-json\/wp\/v2\/comments?post=7521"}],"version-history":[{"count":2,"href":"https:\/\/oroverde.gob.ar\/portal\/wp-json\/wp\/v2\/posts\/7521\/revisions"}],"predecessor-version":[{"id":7529,"href":"https:\/\/oroverde.gob.ar\/portal\/wp-json\/wp\/v2\/posts\/7521\/revisions\/7529"}],"wp:featuredmedia":[{"embeddable":true,"href":"https:\/\/oroverde.gob.ar\/portal\/wp-json\/wp\/v2\/media\/5156"}],"wp:attachment":[{"href":"https:\/\/oroverde.gob.ar\/portal\/wp-json\/wp\/v2\/media?parent=7521"}],"wp:term":[{"taxonomy":"category","embeddable":true,"href":"https:\/\/oroverde.gob.ar\/portal\/wp-json\/wp\/v2\/categories?post=7521"},{"taxonomy":"post_tag","embeddable":true,"href":"https:\/\/oroverde.gob.ar\/portal\/wp-json\/wp\/v2\/tags?post=7521"}],"curies":[{"name":"wp","href":"https:\/\/api.w.org\/{rel}","templated":true}]}}