{"id":7545,"date":"2025-12-15T13:03:27","date_gmt":"2025-12-15T16:03:27","guid":{"rendered":"https:\/\/oroverde.gob.ar\/portal\/?p=7545"},"modified":"2025-12-15T13:03:27","modified_gmt":"2025-12-15T16:03:27","slug":"oro-verde-presente-en-el-lanzamiento-provincial-de-la-temporada-de-verano","status":"publish","type":"post","link":"https:\/\/oroverde.gob.ar\/portal\/oro-verde-presente-en-el-lanzamiento-provincial-de-la-temporada-de-verano\/","title":{"rendered":"Oro Verde presente en el lanzamiento provincial de la temporada de verano"},"content":{"rendered":"<p>Bajo el lema \u201cCarpinche\u00e1 en Entre R\u00edos\u201d, realizaron esta presentaci\u00f3n que estuvo encabezada por el gobernador Rogelio Frigerio junto al secretario de Turismo Jorge Satto el jueves pasado.<\/p>\n<div class=\"x14z9mp xat24cr x1lziwak x1vvkbs xtlvy1s x126k92a\">\n<div dir=\"auto\">En este lanzamiento oficial, Oro Verde comparti\u00f3 un stand con el Municipio de Valle Mar\u00eda. Estuvo presente el responsable de Deportes, Recreaci\u00f3n y Turismo Marcelo Barreto qui\u00e9n entreg\u00f3 folleter\u00eda y destac\u00f3 los atractivos tur\u00edsticos de nuestra localidad.<\/div>\n<\/div>\n","protected":false},"excerpt":{"rendered":"<p>Bajo el lema \u201cCarpinche\u00e1 en Entre R\u00edos\u201d, realizaron esta presentaci\u00f3n que estuvo encabezada por el gobernador Rogelio Frigerio junto al secretario de Turismo Jorge Satto el jueves pasado. En este lanzamiento oficial, Oro Verde comparti\u00f3 un stand con el Municipio de Valle Mar\u00eda. &hellip;<\/p>\n","protected":false},"author":3,"featured_media":7546,"comment_status":"closed","ping_status":"closed","sticky":false,"template":"","format":"standard","meta":{"footnotes":""},"categories":[1],"tags":[],"class_list":["post-7545","post","type-post","status-publish","format-standard","has-post-thumbnail","hentry","category-municipio"],"yoast_head":"<!-- This site is optimized with the Yoast SEO plugin v27.5 - https:\/\/yoast.com\/product\/yoast-seo-wordpress\/ -->\n<title>Oro Verde presente en el lanzamiento provincial de la temporada de verano - Municipio de Oro Verde<\/title>\n<meta name=\"robots\" content=\"index, follow, max-snippet:-1, max-image-preview:large, max-video-preview:-1\" \/>\n<link rel=\"canonical\" href=\"https:\/\/oroverde.gob.ar\/portal\/oro-verde-presente-en-el-lanzamiento-provincial-de-la-temporada-de-verano\/\" \/>\n<meta property=\"og:locale\" content=\"es_ES\" \/>\n<meta property=\"og:type\" content=\"article\" \/>\n<meta property=\"og:title\" content=\"Oro Verde presente en el lanzamiento provincial de la temporada de verano - Municipio de Oro Verde\" \/>\n<meta property=\"og:description\" content=\"Bajo el lema \u201cCarpinche\u00e1 en Entre R\u00edos\u201d, realizaron esta presentaci\u00f3n que estuvo encabezada por el gobernador Rogelio Frigerio junto al secretario de Turismo Jorge Satto el jueves pasado. En este lanzamiento oficial, Oro Verde comparti\u00f3 un stand con el Municipio de Valle Mar\u00eda. &hellip;\" \/>\n<meta property=\"og:url\" content=\"https:\/\/oroverde.gob.ar\/portal\/oro-verde-presente-en-el-lanzamiento-provincial-de-la-temporada-de-verano\/\" \/>\n<meta property=\"og:site_name\" content=\"Municipio de Oro Verde\" \/>\n<meta property=\"article:published_time\" content=\"2025-12-15T16:03:27+00:00\" \/>\n<meta property=\"og:image\" content=\"https:\/\/oroverde.gob.ar\/portal\/wp-content\/uploads\/2025\/12\/fbfce2e9-2c86-4421-87ed-479cbb5ad1ec.jpeg\" \/>\n\t<meta property=\"og:image:width\" content=\"1175\" \/>\n\t<meta property=\"og:image:height\" content=\"1073\" \/>\n\t<meta property=\"og:image:type\" content=\"image\/jpeg\" \/>\n<meta name=\"author\" content=\"Soledad\" \/>\n<meta name=\"twitter:card\" content=\"summary_large_image\" \/>\n<meta name=\"twitter:label1\" content=\"Escrito por\" \/>\n\t<meta name=\"twitter:data1\" content=\"Soledad\" \/>\n\t<meta name=\"twitter:label2\" content=\"Tiempo de lectura\" \/>\n\t<meta name=\"twitter:data2\" content=\"1 minuto\" \/>\n<script type=\"application\/ld+json\" class=\"yoast-schema-graph\">{\"@context\":\"https:\\\/\\\/schema.org\",\"@graph\":[{\"@type\":\"Article\",\"@id\":\"https:\\\/\\\/oroverde.gob.ar\\\/portal\\\/oro-verde-presente-en-el-lanzamiento-provincial-de-la-temporada-de-verano\\\/#article\",\"isPartOf\":{\"@id\":\"https:\\\/\\\/oroverde.gob.ar\\\/portal\\\/oro-verde-presente-en-el-lanzamiento-provincial-de-la-temporada-de-verano\\\/\"},\"author\":{\"name\":\"Soledad\",\"@id\":\"https:\\\/\\\/oroverde.gob.ar\\\/portal\\\/#\\\/schema\\\/person\\\/b975e0cbcd43b7dcf9c64511ec84f10f\"},\"headline\":\"Oro Verde presente en el lanzamiento provincial de la temporada de verano\",\"datePublished\":\"2025-12-15T16:03:27+00:00\",\"mainEntityOfPage\":{\"@id\":\"https:\\\/\\\/oroverde.gob.ar\\\/portal\\\/oro-verde-presente-en-el-lanzamiento-provincial-de-la-temporada-de-verano\\\/\"},\"wordCount\":84,\"publisher\":{\"@id\":\"https:\\\/\\\/oroverde.gob.ar\\\/portal\\\/#organization\"},\"image\":{\"@id\":\"https:\\\/\\\/oroverde.gob.ar\\\/portal\\\/oro-verde-presente-en-el-lanzamiento-provincial-de-la-temporada-de-verano\\\/#primaryimage\"},\"thumbnailUrl\":\"https:\\\/\\\/oroverde.gob.ar\\\/portal\\\/wp-content\\\/uploads\\\/2025\\\/12\\\/fbfce2e9-2c86-4421-87ed-479cbb5ad1ec.jpeg\",\"articleSection\":[\"Municipio\"],\"inLanguage\":\"es\"},{\"@type\":\"WebPage\",\"@id\":\"https:\\\/\\\/oroverde.gob.ar\\\/portal\\\/oro-verde-presente-en-el-lanzamiento-provincial-de-la-temporada-de-verano\\\/\",\"url\":\"https:\\\/\\\/oroverde.gob.ar\\\/portal\\\/oro-verde-presente-en-el-lanzamiento-provincial-de-la-temporada-de-verano\\\/\",\"name\":\"Oro Verde presente en el lanzamiento provincial de la temporada de verano - Municipio de Oro Verde\",\"isPartOf\":{\"@id\":\"https:\\\/\\\/oroverde.gob.ar\\\/portal\\\/#website\"},\"primaryImageOfPage\":{\"@id\":\"https:\\\/\\\/oroverde.gob.ar\\\/portal\\\/oro-verde-presente-en-el-lanzamiento-provincial-de-la-temporada-de-verano\\\/#primaryimage\"},\"image\":{\"@id\":\"https:\\\/\\\/oroverde.gob.ar\\\/portal\\\/oro-verde-presente-en-el-lanzamiento-provincial-de-la-temporada-de-verano\\\/#primaryimage\"},\"thumbnailUrl\":\"https:\\\/\\\/oroverde.gob.ar\\\/portal\\\/wp-content\\\/uploads\\\/2025\\\/12\\\/fbfce2e9-2c86-4421-87ed-479cbb5ad1ec.jpeg\",\"datePublished\":\"2025-12-15T16:03:27+00:00\",\"breadcrumb\":{\"@id\":\"https:\\\/\\\/oroverde.gob.ar\\\/portal\\\/oro-verde-presente-en-el-lanzamiento-provincial-de-la-temporada-de-verano\\\/#breadcrumb\"},\"inLanguage\":\"es\",\"potentialAction\":[{\"@type\":\"ReadAction\",\"target\":[\"https:\\\/\\\/oroverde.gob.ar\\\/portal\\\/oro-verde-presente-en-el-lanzamiento-provincial-de-la-temporada-de-verano\\\/\"]}]},{\"@type\":\"ImageObject\",\"inLanguage\":\"es\",\"@id\":\"https:\\\/\\\/oroverde.gob.ar\\\/portal\\\/oro-verde-presente-en-el-lanzamiento-provincial-de-la-temporada-de-verano\\\/#primaryimage\",\"url\":\"https:\\\/\\\/oroverde.gob.ar\\\/portal\\\/wp-content\\\/uploads\\\/2025\\\/12\\\/fbfce2e9-2c86-4421-87ed-479cbb5ad1ec.jpeg\",\"contentUrl\":\"https:\\\/\\\/oroverde.gob.ar\\\/portal\\\/wp-content\\\/uploads\\\/2025\\\/12\\\/fbfce2e9-2c86-4421-87ed-479cbb5ad1ec.jpeg\",\"width\":1175,\"height\":1073},{\"@type\":\"BreadcrumbList\",\"@id\":\"https:\\\/\\\/oroverde.gob.ar\\\/portal\\\/oro-verde-presente-en-el-lanzamiento-provincial-de-la-temporada-de-verano\\\/#breadcrumb\",\"itemListElement\":[{\"@type\":\"ListItem\",\"position\":1,\"name\":\"Portada\",\"item\":\"https:\\\/\\\/oroverde.gob.ar\\\/portal\\\/\"},{\"@type\":\"ListItem\",\"position\":2,\"name\":\"Oro Verde presente en el lanzamiento provincial de la temporada de verano\"}]},{\"@type\":\"WebSite\",\"@id\":\"https:\\\/\\\/oroverde.gob.ar\\\/portal\\\/#website\",\"url\":\"https:\\\/\\\/oroverde.gob.ar\\\/portal\\\/\",\"name\":\"Municipio de Oro Verde\",\"description\":\"Web Oficial\",\"publisher\":{\"@id\":\"https:\\\/\\\/oroverde.gob.ar\\\/portal\\\/#organization\"},\"potentialAction\":[{\"@type\":\"SearchAction\",\"target\":{\"@type\":\"EntryPoint\",\"urlTemplate\":\"https:\\\/\\\/oroverde.gob.ar\\\/portal\\\/?s={search_term_string}\"},\"query-input\":{\"@type\":\"PropertyValueSpecification\",\"valueRequired\":true,\"valueName\":\"search_term_string\"}}],\"inLanguage\":\"es\"},{\"@type\":\"Organization\",\"@id\":\"https:\\\/\\\/oroverde.gob.ar\\\/portal\\\/#organization\",\"name\":\"Municipio de Oro Verde\",\"url\":\"https:\\\/\\\/oroverde.gob.ar\\\/portal\\\/\",\"logo\":{\"@type\":\"ImageObject\",\"inLanguage\":\"es\",\"@id\":\"https:\\\/\\\/oroverde.gob.ar\\\/portal\\\/#\\\/schema\\\/logo\\\/image\\\/\",\"url\":\"https:\\\/\\\/oroverde.gob.ar\\\/portal\\\/wp-content\\\/uploads\\\/2024\\\/06\\\/cropped-cropped-logo-1.png\",\"contentUrl\":\"https:\\\/\\\/oroverde.gob.ar\\\/portal\\\/wp-content\\\/uploads\\\/2024\\\/06\\\/cropped-cropped-logo-1.png\",\"width\":1776,\"height\":738,\"caption\":\"Municipio de Oro Verde\"},\"image\":{\"@id\":\"https:\\\/\\\/oroverde.gob.ar\\\/portal\\\/#\\\/schema\\\/logo\\\/image\\\/\"}},{\"@type\":\"Person\",\"@id\":\"https:\\\/\\\/oroverde.gob.ar\\\/portal\\\/#\\\/schema\\\/person\\\/b975e0cbcd43b7dcf9c64511ec84f10f\",\"name\":\"Soledad\",\"image\":{\"@type\":\"ImageObject\",\"inLanguage\":\"es\",\"@id\":\"https:\\\/\\\/secure.gravatar.com\\\/avatar\\\/b2f5b6cda565395f31dc94c95932b9b3fbe6275bad58a1579843d3d1607d4a66?s=96&d=mm&r=g\",\"url\":\"https:\\\/\\\/secure.gravatar.com\\\/avatar\\\/b2f5b6cda565395f31dc94c95932b9b3fbe6275bad58a1579843d3d1607d4a66?s=96&d=mm&r=g\",\"contentUrl\":\"https:\\\/\\\/secure.gravatar.com\\\/avatar\\\/b2f5b6cda565395f31dc94c95932b9b3fbe6275bad58a1579843d3d1607d4a66?s=96&d=mm&r=g\",\"caption\":\"Soledad\"},\"url\":\"https:\\\/\\\/oroverde.gob.ar\\\/portal\\\/author\\\/soledad\\\/\"}]}<\/script>\n<!-- \/ Yoast SEO plugin. -->","yoast_head_json":{"title":"Oro Verde presente en el lanzamiento provincial de la temporada de verano - Municipio de Oro Verde","robots":{"index":"index","follow":"follow","max-snippet":"max-snippet:-1","max-image-preview":"max-image-preview:large","max-video-preview":"max-video-preview:-1"},"canonical":"https:\/\/oroverde.gob.ar\/portal\/oro-verde-presente-en-el-lanzamiento-provincial-de-la-temporada-de-verano\/","og_locale":"es_ES","og_type":"article","og_title":"Oro Verde presente en el lanzamiento provincial de la temporada de verano - Municipio de Oro Verde","og_description":"Bajo el lema \u201cCarpinche\u00e1 en Entre R\u00edos\u201d, realizaron esta presentaci\u00f3n que estuvo encabezada por el gobernador Rogelio Frigerio junto al secretario de Turismo Jorge Satto el jueves pasado. En este lanzamiento oficial, Oro Verde comparti\u00f3 un stand con el Municipio de Valle Mar\u00eda. &hellip;","og_url":"https:\/\/oroverde.gob.ar\/portal\/oro-verde-presente-en-el-lanzamiento-provincial-de-la-temporada-de-verano\/","og_site_name":"Municipio de Oro Verde","article_published_time":"2025-12-15T16:03:27+00:00","og_image":[{"width":1175,"height":1073,"url":"https:\/\/oroverde.gob.ar\/portal\/wp-content\/uploads\/2025\/12\/fbfce2e9-2c86-4421-87ed-479cbb5ad1ec.jpeg","type":"image\/jpeg"}],"author":"Soledad","twitter_card":"summary_large_image","twitter_misc":{"Escrito por":"Soledad","Tiempo de lectura":"1 minuto"},"schema":{"@context":"https:\/\/schema.org","@graph":[{"@type":"Article","@id":"https:\/\/oroverde.gob.ar\/portal\/oro-verde-presente-en-el-lanzamiento-provincial-de-la-temporada-de-verano\/#article","isPartOf":{"@id":"https:\/\/oroverde.gob.ar\/portal\/oro-verde-presente-en-el-lanzamiento-provincial-de-la-temporada-de-verano\/"},"author":{"name":"Soledad","@id":"https:\/\/oroverde.gob.ar\/portal\/#\/schema\/person\/b975e0cbcd43b7dcf9c64511ec84f10f"},"headline":"Oro Verde presente en el lanzamiento provincial de la temporada de verano","datePublished":"2025-12-15T16:03:27+00:00","mainEntityOfPage":{"@id":"https:\/\/oroverde.gob.ar\/portal\/oro-verde-presente-en-el-lanzamiento-provincial-de-la-temporada-de-verano\/"},"wordCount":84,"publisher":{"@id":"https:\/\/oroverde.gob.ar\/portal\/#organization"},"image":{"@id":"https:\/\/oroverde.gob.ar\/portal\/oro-verde-presente-en-el-lanzamiento-provincial-de-la-temporada-de-verano\/#primaryimage"},"thumbnailUrl":"https:\/\/oroverde.gob.ar\/portal\/wp-content\/uploads\/2025\/12\/fbfce2e9-2c86-4421-87ed-479cbb5ad1ec.jpeg","articleSection":["Municipio"],"inLanguage":"es"},{"@type":"WebPage","@id":"https:\/\/oroverde.gob.ar\/portal\/oro-verde-presente-en-el-lanzamiento-provincial-de-la-temporada-de-verano\/","url":"https:\/\/oroverde.gob.ar\/portal\/oro-verde-presente-en-el-lanzamiento-provincial-de-la-temporada-de-verano\/","name":"Oro Verde presente en el lanzamiento provincial de la temporada de verano - Municipio de Oro Verde","isPartOf":{"@id":"https:\/\/oroverde.gob.ar\/portal\/#website"},"primaryImageOfPage":{"@id":"https:\/\/oroverde.gob.ar\/portal\/oro-verde-presente-en-el-lanzamiento-provincial-de-la-temporada-de-verano\/#primaryimage"},"image":{"@id":"https:\/\/oroverde.gob.ar\/portal\/oro-verde-presente-en-el-lanzamiento-provincial-de-la-temporada-de-verano\/#primaryimage"},"thumbnailUrl":"https:\/\/oroverde.gob.ar\/portal\/wp-content\/uploads\/2025\/12\/fbfce2e9-2c86-4421-87ed-479cbb5ad1ec.jpeg","datePublished":"2025-12-15T16:03:27+00:00","breadcrumb":{"@id":"https:\/\/oroverde.gob.ar\/portal\/oro-verde-presente-en-el-lanzamiento-provincial-de-la-temporada-de-verano\/#breadcrumb"},"inLanguage":"es","potentialAction":[{"@type":"ReadAction","target":["https:\/\/oroverde.gob.ar\/portal\/oro-verde-presente-en-el-lanzamiento-provincial-de-la-temporada-de-verano\/"]}]},{"@type":"ImageObject","inLanguage":"es","@id":"https:\/\/oroverde.gob.ar\/portal\/oro-verde-presente-en-el-lanzamiento-provincial-de-la-temporada-de-verano\/#primaryimage","url":"https:\/\/oroverde.gob.ar\/portal\/wp-content\/uploads\/2025\/12\/fbfce2e9-2c86-4421-87ed-479cbb5ad1ec.jpeg","contentUrl":"https:\/\/oroverde.gob.ar\/portal\/wp-content\/uploads\/2025\/12\/fbfce2e9-2c86-4421-87ed-479cbb5ad1ec.jpeg","width":1175,"height":1073},{"@type":"BreadcrumbList","@id":"https:\/\/oroverde.gob.ar\/portal\/oro-verde-presente-en-el-lanzamiento-provincial-de-la-temporada-de-verano\/#breadcrumb","itemListElement":[{"@type":"ListItem","position":1,"name":"Portada","item":"https:\/\/oroverde.gob.ar\/portal\/"},{"@type":"ListItem","position":2,"name":"Oro Verde presente en el lanzamiento provincial de la temporada de verano"}]},{"@type":"WebSite","@id":"https:\/\/oroverde.gob.ar\/portal\/#website","url":"https:\/\/oroverde.gob.ar\/portal\/","name":"Municipio de Oro Verde","description":"Web Oficial","publisher":{"@id":"https:\/\/oroverde.gob.ar\/portal\/#organization"},"potentialAction":[{"@type":"SearchAction","target":{"@type":"EntryPoint","urlTemplate":"https:\/\/oroverde.gob.ar\/portal\/?s={search_term_string}"},"query-input":{"@type":"PropertyValueSpecification","valueRequired":true,"valueName":"search_term_string"}}],"inLanguage":"es"},{"@type":"Organization","@id":"https:\/\/oroverde.gob.ar\/portal\/#organization","name":"Municipio de Oro Verde","url":"https:\/\/oroverde.gob.ar\/portal\/","logo":{"@type":"ImageObject","inLanguage":"es","@id":"https:\/\/oroverde.gob.ar\/portal\/#\/schema\/logo\/image\/","url":"https:\/\/oroverde.gob.ar\/portal\/wp-content\/uploads\/2024\/06\/cropped-cropped-logo-1.png","contentUrl":"https:\/\/oroverde.gob.ar\/portal\/wp-content\/uploads\/2024\/06\/cropped-cropped-logo-1.png","width":1776,"height":738,"caption":"Municipio de Oro Verde"},"image":{"@id":"https:\/\/oroverde.gob.ar\/portal\/#\/schema\/logo\/image\/"}},{"@type":"Person","@id":"https:\/\/oroverde.gob.ar\/portal\/#\/schema\/person\/b975e0cbcd43b7dcf9c64511ec84f10f","name":"Soledad","image":{"@type":"ImageObject","inLanguage":"es","@id":"https:\/\/secure.gravatar.com\/avatar\/b2f5b6cda565395f31dc94c95932b9b3fbe6275bad58a1579843d3d1607d4a66?s=96&d=mm&r=g","url":"https:\/\/secure.gravatar.com\/avatar\/b2f5b6cda565395f31dc94c95932b9b3fbe6275bad58a1579843d3d1607d4a66?s=96&d=mm&r=g","contentUrl":"https:\/\/secure.gravatar.com\/avatar\/b2f5b6cda565395f31dc94c95932b9b3fbe6275bad58a1579843d3d1607d4a66?s=96&d=mm&r=g","caption":"Soledad"},"url":"https:\/\/oroverde.gob.ar\/portal\/author\/soledad\/"}]}},"_links":{"self":[{"href":"https:\/\/oroverde.gob.ar\/portal\/wp-json\/wp\/v2\/posts\/7545","targetHints":{"allow":["GET"]}}],"collection":[{"href":"https:\/\/oroverde.gob.ar\/portal\/wp-json\/wp\/v2\/posts"}],"about":[{"href":"https:\/\/oroverde.gob.ar\/portal\/wp-json\/wp\/v2\/types\/post"}],"author":[{"embeddable":true,"href":"https:\/\/oroverde.gob.ar\/portal\/wp-json\/wp\/v2\/users\/3"}],"replies":[{"embeddable":true,"href":"https:\/\/oroverde.gob.ar\/portal\/wp-json\/wp\/v2\/comments?post=7545"}],"version-history":[{"count":1,"href":"https:\/\/oroverde.gob.ar\/portal\/wp-json\/wp\/v2\/posts\/7545\/revisions"}],"predecessor-version":[{"id":7547,"href":"https:\/\/oroverde.gob.ar\/portal\/wp-json\/wp\/v2\/posts\/7545\/revisions\/7547"}],"wp:featuredmedia":[{"embeddable":true,"href":"https:\/\/oroverde.gob.ar\/portal\/wp-json\/wp\/v2\/media\/7546"}],"wp:attachment":[{"href":"https:\/\/oroverde.gob.ar\/portal\/wp-json\/wp\/v2\/media?parent=7545"}],"wp:term":[{"taxonomy":"category","embeddable":true,"href":"https:\/\/oroverde.gob.ar\/portal\/wp-json\/wp\/v2\/categories?post=7545"},{"taxonomy":"post_tag","embeddable":true,"href":"https:\/\/oroverde.gob.ar\/portal\/wp-json\/wp\/v2\/tags?post=7545"}],"curies":[{"name":"wp","href":"https:\/\/api.w.org\/{rel}","templated":true}]}}