{"id":7567,"date":"2025-12-18T13:10:21","date_gmt":"2025-12-18T16:10:21","guid":{"rendered":"https:\/\/oroverde.gob.ar\/portal\/?p=7567"},"modified":"2025-12-18T13:10:21","modified_gmt":"2025-12-18T16:10:21","slug":"comienza-el-proximo-lunes-la-colonia-de-vacaciones-en-el-complejo-municipal-de-piletas","status":"publish","type":"post","link":"https:\/\/oroverde.gob.ar\/portal\/comienza-el-proximo-lunes-la-colonia-de-vacaciones-en-el-complejo-municipal-de-piletas\/","title":{"rendered":"Comienza el pr\u00f3ximo lunes la colonia de vacaciones en el Complejo Municipal de Piletas"},"content":{"rendered":"<div class=\"xdj266r x14z9mp xat24cr x1lziwak x1vvkbs x126k92a\">\n<div dir=\"auto\">La reuni\u00f3n informativa para padres ser\u00e1 ese mismo lunes 22 de diciembre a las 9 hs para el grupo de 6 a 12 a\u00f1os y el martes 23 de diciembre para el grupo de 4 y 5 a\u00f1os en el mismo horario.<\/div>\n<\/div>\n<div class=\"x14z9mp xat24cr x1lziwak x1vvkbs xtlvy1s x126k92a\">\n<div dir=\"auto\">Los padres y responsables deben acercar al Complejo fotocopia de DNI del ni\u00f1o\/a y la FICHA M\u00c9DICA COMPLETA por un profesional m\u00e9dico de lunes a viernes de 8 a 12.<\/div>\n<\/div>\n<div class=\"x14z9mp xat24cr x1lziwak x1vvkbs xtlvy1s x126k92a\">\n<div dir=\"auto\">De no presentarlo, los ni\u00f1os podr\u00e1n iniciar la colonia s\u00f3lo cuando regularice la documentaci\u00f3n.<\/div>\n<\/div>\n<div class=\"x14z9mp xat24cr x1lziwak x1vvkbs xtlvy1s x126k92a\">\n<div dir=\"auto\">Trabajar\u00e1n normalmente los d\u00edas 24 y 31 de diciembre.<\/div>\n<\/div>\n<div class=\"x14z9mp xat24cr x1lziwak x1vvkbs xtlvy1s x126k92a\">\n<div dir=\"auto\">Comienzo de actividades:<\/div>\n<\/div>\n<div class=\"x14z9mp xat24cr x1lziwak x1vvkbs xtlvy1s x126k92a\">\n<div dir=\"auto\">-Lunes 22 de diciembre: ni\u00f1os\/as de 6 a 12 a\u00f1os.<\/div>\n<\/div>\n<div class=\"x14z9mp xat24cr x1lziwak x1vvkbs xtlvy1s x126k92a\">\n<div dir=\"auto\"><span class=\"html-span xexx8yu xyri2b x18d9i69 x1c1uobl x1hl2dhg x16tdsg8 x1vvkbs x3nfvp2 x1j61x8r x1fcty0u xdj266r xat24cr xm2jcoa x1mpyi22 xxymvpz xlup9mm x1kky2od\">&#8211;<\/span>Martes 23 de diciembre: ni\u00f1os\/as de 4 y 5 a\u00f1os.<\/div>\n<\/div>\n<div class=\"x14z9mp xat24cr x1lziwak x1vvkbs xtlvy1s x126k92a\">\n<div dir=\"auto\">-D\u00edas de cada grupo:<\/div>\n<\/div>\n<div class=\"x14z9mp xat24cr x1lziwak x1vvkbs xtlvy1s x126k92a\">\n<div dir=\"auto\"><span class=\"html-span xexx8yu xyri2b x18d9i69 x1c1uobl x1hl2dhg x16tdsg8 x1vvkbs x3nfvp2 x1j61x8r x1fcty0u xdj266r xat24cr xm2jcoa x1mpyi22 xxymvpz xlup9mm x1kky2od\">&#8211;<\/span>4 y 5 a\u00f1os: martes, jueves y viernes de 9 a 12 hs<\/div>\n<\/div>\n<div class=\"x14z9mp xat24cr x1lziwak x1vvkbs xtlvy1s x126k92a\">\n<div dir=\"auto\">-6 y 7 a\u00f1os: lunes, mi\u00e9rcoles y viernes de 9 a 12 hs<\/div>\n<\/div>\n<div class=\"x14z9mp xat24cr x1lziwak x1vvkbs xtlvy1s x126k92a\">\n<div dir=\"auto\"><span class=\"html-span xexx8yu xyri2b x18d9i69 x1c1uobl x1hl2dhg x16tdsg8 x1vvkbs x3nfvp2 x1j61x8r x1fcty0u xdj266r xat24cr xm2jcoa x1mpyi22 xxymvpz xlup9mm x1kky2od\">&#8211;<\/span>8 y 9 a\u00f1os: lunes, martes y jueves de 9 a 12 hs<\/div>\n<\/div>\n<div class=\"x14z9mp xat24cr x1lziwak x1vvkbs xtlvy1s x126k92a\">\n<div dir=\"auto\">10, 11 y 12 a\u00f1os: lunes, mi\u00e9rcoles y viernes de 9 a12 hs<\/div>\n<\/div>\n<div class=\"x14z9mp xat24cr x1lziwak x1vvkbs xtlvy1s x126k92a\">\n<div dir=\"auto\">La Colonia de Vacaciones es un espacio seguro, inclusivo y educativo que acompa\u00f1a a las familias durante el receso estival y promueve h\u00e1bitos saludables, el juego y la convivencia.<\/div>\n<\/div>\n<div class=\"x14z9mp xat24cr x1lziwak x1vvkbs xtlvy1s x126k92a\">\n<div dir=\"auto\">-Los ni\u00f1os deben asistir con ropa para actividad f\u00edsica: remera, pantal\u00f3n corto, medias, zapatillas, gorro para protegerse del sol y protector solar PUESTO.<\/div>\n<\/div>\n<div class=\"x14z9mp xat24cr x1lziwak x1vvkbs xtlvy1s x126k92a\">\n<div dir=\"auto\">Adem\u00e1s, para la actividad en la pileta: malla, ojotas y toalla. Tambi\u00e9n una bebida y algo para la merienda.<\/div>\n<\/div>\n","protected":false},"excerpt":{"rendered":"<p>La reuni\u00f3n informativa para padres ser\u00e1 ese mismo lunes 22 de diciembre a las 9 hs para el grupo de 6 a 12 a\u00f1os y el martes 23 de diciembre para el grupo de 4 y 5 a\u00f1os en el mismo horario. Los &hellip;<\/p>\n","protected":false},"author":3,"featured_media":5156,"comment_status":"closed","ping_status":"closed","sticky":false,"template":"","format":"standard","meta":{"footnotes":""},"categories":[1],"tags":[],"class_list":["post-7567","post","type-post","status-publish","format-standard","has-post-thumbnail","hentry","category-municipio"],"yoast_head":"<!-- This site is optimized with the Yoast SEO plugin v27.5 - https:\/\/yoast.com\/product\/yoast-seo-wordpress\/ -->\n<title>Comienza el pr\u00f3ximo lunes la colonia de vacaciones en el Complejo Municipal de Piletas - Municipio de Oro Verde<\/title>\n<meta name=\"robots\" content=\"index, follow, max-snippet:-1, max-image-preview:large, max-video-preview:-1\" \/>\n<link rel=\"canonical\" href=\"https:\/\/oroverde.gob.ar\/portal\/comienza-el-proximo-lunes-la-colonia-de-vacaciones-en-el-complejo-municipal-de-piletas\/\" \/>\n<meta property=\"og:locale\" content=\"es_ES\" \/>\n<meta property=\"og:type\" content=\"article\" \/>\n<meta property=\"og:title\" content=\"Comienza el pr\u00f3ximo lunes la colonia de vacaciones en el Complejo Municipal de Piletas - Municipio de Oro Verde\" \/>\n<meta property=\"og:description\" content=\"La reuni\u00f3n informativa para padres ser\u00e1 ese mismo lunes 22 de diciembre a las 9 hs para el grupo de 6 a 12 a\u00f1os y el martes 23 de diciembre para el grupo de 4 y 5 a\u00f1os en el mismo horario. Los &hellip;\" \/>\n<meta property=\"og:url\" content=\"https:\/\/oroverde.gob.ar\/portal\/comienza-el-proximo-lunes-la-colonia-de-vacaciones-en-el-complejo-municipal-de-piletas\/\" \/>\n<meta property=\"og:site_name\" content=\"Municipio de Oro Verde\" \/>\n<meta property=\"article:published_time\" content=\"2025-12-18T16:10:21+00:00\" \/>\n<meta property=\"og:image\" content=\"https:\/\/oroverde.gob.ar\/portal\/wp-content\/uploads\/2025\/01\/Colonia-Escuela-de-Natacion-675x360-1.png\" \/>\n\t<meta property=\"og:image:width\" content=\"675\" \/>\n\t<meta property=\"og:image:height\" content=\"360\" \/>\n\t<meta property=\"og:image:type\" content=\"image\/png\" \/>\n<meta name=\"author\" content=\"Soledad\" \/>\n<meta name=\"twitter:card\" content=\"summary_large_image\" \/>\n<meta name=\"twitter:label1\" content=\"Escrito por\" \/>\n\t<meta name=\"twitter:data1\" content=\"Soledad\" \/>\n\t<meta name=\"twitter:label2\" content=\"Tiempo de lectura\" \/>\n\t<meta name=\"twitter:data2\" content=\"2 minutos\" \/>\n<script type=\"application\/ld+json\" class=\"yoast-schema-graph\">{\"@context\":\"https:\\\/\\\/schema.org\",\"@graph\":[{\"@type\":\"Article\",\"@id\":\"https:\\\/\\\/oroverde.gob.ar\\\/portal\\\/comienza-el-proximo-lunes-la-colonia-de-vacaciones-en-el-complejo-municipal-de-piletas\\\/#article\",\"isPartOf\":{\"@id\":\"https:\\\/\\\/oroverde.gob.ar\\\/portal\\\/comienza-el-proximo-lunes-la-colonia-de-vacaciones-en-el-complejo-municipal-de-piletas\\\/\"},\"author\":{\"name\":\"Soledad\",\"@id\":\"https:\\\/\\\/oroverde.gob.ar\\\/portal\\\/#\\\/schema\\\/person\\\/b975e0cbcd43b7dcf9c64511ec84f10f\"},\"headline\":\"Comienza el pr\u00f3ximo lunes la colonia de vacaciones en el Complejo Municipal de Piletas\",\"datePublished\":\"2025-12-18T16:10:21+00:00\",\"mainEntityOfPage\":{\"@id\":\"https:\\\/\\\/oroverde.gob.ar\\\/portal\\\/comienza-el-proximo-lunes-la-colonia-de-vacaciones-en-el-complejo-municipal-de-piletas\\\/\"},\"wordCount\":263,\"publisher\":{\"@id\":\"https:\\\/\\\/oroverde.gob.ar\\\/portal\\\/#organization\"},\"image\":{\"@id\":\"https:\\\/\\\/oroverde.gob.ar\\\/portal\\\/comienza-el-proximo-lunes-la-colonia-de-vacaciones-en-el-complejo-municipal-de-piletas\\\/#primaryimage\"},\"thumbnailUrl\":\"https:\\\/\\\/oroverde.gob.ar\\\/portal\\\/wp-content\\\/uploads\\\/2025\\\/01\\\/Colonia-Escuela-de-Natacion-675x360-1.png\",\"articleSection\":[\"Municipio\"],\"inLanguage\":\"es\"},{\"@type\":\"WebPage\",\"@id\":\"https:\\\/\\\/oroverde.gob.ar\\\/portal\\\/comienza-el-proximo-lunes-la-colonia-de-vacaciones-en-el-complejo-municipal-de-piletas\\\/\",\"url\":\"https:\\\/\\\/oroverde.gob.ar\\\/portal\\\/comienza-el-proximo-lunes-la-colonia-de-vacaciones-en-el-complejo-municipal-de-piletas\\\/\",\"name\":\"Comienza el pr\u00f3ximo lunes la colonia de vacaciones en el Complejo Municipal de Piletas - Municipio de Oro Verde\",\"isPartOf\":{\"@id\":\"https:\\\/\\\/oroverde.gob.ar\\\/portal\\\/#website\"},\"primaryImageOfPage\":{\"@id\":\"https:\\\/\\\/oroverde.gob.ar\\\/portal\\\/comienza-el-proximo-lunes-la-colonia-de-vacaciones-en-el-complejo-municipal-de-piletas\\\/#primaryimage\"},\"image\":{\"@id\":\"https:\\\/\\\/oroverde.gob.ar\\\/portal\\\/comienza-el-proximo-lunes-la-colonia-de-vacaciones-en-el-complejo-municipal-de-piletas\\\/#primaryimage\"},\"thumbnailUrl\":\"https:\\\/\\\/oroverde.gob.ar\\\/portal\\\/wp-content\\\/uploads\\\/2025\\\/01\\\/Colonia-Escuela-de-Natacion-675x360-1.png\",\"datePublished\":\"2025-12-18T16:10:21+00:00\",\"breadcrumb\":{\"@id\":\"https:\\\/\\\/oroverde.gob.ar\\\/portal\\\/comienza-el-proximo-lunes-la-colonia-de-vacaciones-en-el-complejo-municipal-de-piletas\\\/#breadcrumb\"},\"inLanguage\":\"es\",\"potentialAction\":[{\"@type\":\"ReadAction\",\"target\":[\"https:\\\/\\\/oroverde.gob.ar\\\/portal\\\/comienza-el-proximo-lunes-la-colonia-de-vacaciones-en-el-complejo-municipal-de-piletas\\\/\"]}]},{\"@type\":\"ImageObject\",\"inLanguage\":\"es\",\"@id\":\"https:\\\/\\\/oroverde.gob.ar\\\/portal\\\/comienza-el-proximo-lunes-la-colonia-de-vacaciones-en-el-complejo-municipal-de-piletas\\\/#primaryimage\",\"url\":\"https:\\\/\\\/oroverde.gob.ar\\\/portal\\\/wp-content\\\/uploads\\\/2025\\\/01\\\/Colonia-Escuela-de-Natacion-675x360-1.png\",\"contentUrl\":\"https:\\\/\\\/oroverde.gob.ar\\\/portal\\\/wp-content\\\/uploads\\\/2025\\\/01\\\/Colonia-Escuela-de-Natacion-675x360-1.png\",\"width\":675,\"height\":360},{\"@type\":\"BreadcrumbList\",\"@id\":\"https:\\\/\\\/oroverde.gob.ar\\\/portal\\\/comienza-el-proximo-lunes-la-colonia-de-vacaciones-en-el-complejo-municipal-de-piletas\\\/#breadcrumb\",\"itemListElement\":[{\"@type\":\"ListItem\",\"position\":1,\"name\":\"Portada\",\"item\":\"https:\\\/\\\/oroverde.gob.ar\\\/portal\\\/\"},{\"@type\":\"ListItem\",\"position\":2,\"name\":\"Comienza el pr\u00f3ximo lunes la colonia de vacaciones en el Complejo Municipal de Piletas\"}]},{\"@type\":\"WebSite\",\"@id\":\"https:\\\/\\\/oroverde.gob.ar\\\/portal\\\/#website\",\"url\":\"https:\\\/\\\/oroverde.gob.ar\\\/portal\\\/\",\"name\":\"Municipio de Oro Verde\",\"description\":\"Web Oficial\",\"publisher\":{\"@id\":\"https:\\\/\\\/oroverde.gob.ar\\\/portal\\\/#organization\"},\"potentialAction\":[{\"@type\":\"SearchAction\",\"target\":{\"@type\":\"EntryPoint\",\"urlTemplate\":\"https:\\\/\\\/oroverde.gob.ar\\\/portal\\\/?s={search_term_string}\"},\"query-input\":{\"@type\":\"PropertyValueSpecification\",\"valueRequired\":true,\"valueName\":\"search_term_string\"}}],\"inLanguage\":\"es\"},{\"@type\":\"Organization\",\"@id\":\"https:\\\/\\\/oroverde.gob.ar\\\/portal\\\/#organization\",\"name\":\"Municipio de Oro Verde\",\"url\":\"https:\\\/\\\/oroverde.gob.ar\\\/portal\\\/\",\"logo\":{\"@type\":\"ImageObject\",\"inLanguage\":\"es\",\"@id\":\"https:\\\/\\\/oroverde.gob.ar\\\/portal\\\/#\\\/schema\\\/logo\\\/image\\\/\",\"url\":\"https:\\\/\\\/oroverde.gob.ar\\\/portal\\\/wp-content\\\/uploads\\\/2024\\\/06\\\/cropped-cropped-logo-1.png\",\"contentUrl\":\"https:\\\/\\\/oroverde.gob.ar\\\/portal\\\/wp-content\\\/uploads\\\/2024\\\/06\\\/cropped-cropped-logo-1.png\",\"width\":1776,\"height\":738,\"caption\":\"Municipio de Oro Verde\"},\"image\":{\"@id\":\"https:\\\/\\\/oroverde.gob.ar\\\/portal\\\/#\\\/schema\\\/logo\\\/image\\\/\"}},{\"@type\":\"Person\",\"@id\":\"https:\\\/\\\/oroverde.gob.ar\\\/portal\\\/#\\\/schema\\\/person\\\/b975e0cbcd43b7dcf9c64511ec84f10f\",\"name\":\"Soledad\",\"image\":{\"@type\":\"ImageObject\",\"inLanguage\":\"es\",\"@id\":\"https:\\\/\\\/secure.gravatar.com\\\/avatar\\\/b2f5b6cda565395f31dc94c95932b9b3fbe6275bad58a1579843d3d1607d4a66?s=96&d=mm&r=g\",\"url\":\"https:\\\/\\\/secure.gravatar.com\\\/avatar\\\/b2f5b6cda565395f31dc94c95932b9b3fbe6275bad58a1579843d3d1607d4a66?s=96&d=mm&r=g\",\"contentUrl\":\"https:\\\/\\\/secure.gravatar.com\\\/avatar\\\/b2f5b6cda565395f31dc94c95932b9b3fbe6275bad58a1579843d3d1607d4a66?s=96&d=mm&r=g\",\"caption\":\"Soledad\"},\"url\":\"https:\\\/\\\/oroverde.gob.ar\\\/portal\\\/author\\\/soledad\\\/\"}]}<\/script>\n<!-- \/ Yoast SEO plugin. -->","yoast_head_json":{"title":"Comienza el pr\u00f3ximo lunes la colonia de vacaciones en el Complejo Municipal de Piletas - Municipio de Oro Verde","robots":{"index":"index","follow":"follow","max-snippet":"max-snippet:-1","max-image-preview":"max-image-preview:large","max-video-preview":"max-video-preview:-1"},"canonical":"https:\/\/oroverde.gob.ar\/portal\/comienza-el-proximo-lunes-la-colonia-de-vacaciones-en-el-complejo-municipal-de-piletas\/","og_locale":"es_ES","og_type":"article","og_title":"Comienza el pr\u00f3ximo lunes la colonia de vacaciones en el Complejo Municipal de Piletas - Municipio de Oro Verde","og_description":"La reuni\u00f3n informativa para padres ser\u00e1 ese mismo lunes 22 de diciembre a las 9 hs para el grupo de 6 a 12 a\u00f1os y el martes 23 de diciembre para el grupo de 4 y 5 a\u00f1os en el mismo horario. Los &hellip;","og_url":"https:\/\/oroverde.gob.ar\/portal\/comienza-el-proximo-lunes-la-colonia-de-vacaciones-en-el-complejo-municipal-de-piletas\/","og_site_name":"Municipio de Oro Verde","article_published_time":"2025-12-18T16:10:21+00:00","og_image":[{"width":675,"height":360,"url":"https:\/\/oroverde.gob.ar\/portal\/wp-content\/uploads\/2025\/01\/Colonia-Escuela-de-Natacion-675x360-1.png","type":"image\/png"}],"author":"Soledad","twitter_card":"summary_large_image","twitter_misc":{"Escrito por":"Soledad","Tiempo de lectura":"2 minutos"},"schema":{"@context":"https:\/\/schema.org","@graph":[{"@type":"Article","@id":"https:\/\/oroverde.gob.ar\/portal\/comienza-el-proximo-lunes-la-colonia-de-vacaciones-en-el-complejo-municipal-de-piletas\/#article","isPartOf":{"@id":"https:\/\/oroverde.gob.ar\/portal\/comienza-el-proximo-lunes-la-colonia-de-vacaciones-en-el-complejo-municipal-de-piletas\/"},"author":{"name":"Soledad","@id":"https:\/\/oroverde.gob.ar\/portal\/#\/schema\/person\/b975e0cbcd43b7dcf9c64511ec84f10f"},"headline":"Comienza el pr\u00f3ximo lunes la colonia de vacaciones en el Complejo Municipal de Piletas","datePublished":"2025-12-18T16:10:21+00:00","mainEntityOfPage":{"@id":"https:\/\/oroverde.gob.ar\/portal\/comienza-el-proximo-lunes-la-colonia-de-vacaciones-en-el-complejo-municipal-de-piletas\/"},"wordCount":263,"publisher":{"@id":"https:\/\/oroverde.gob.ar\/portal\/#organization"},"image":{"@id":"https:\/\/oroverde.gob.ar\/portal\/comienza-el-proximo-lunes-la-colonia-de-vacaciones-en-el-complejo-municipal-de-piletas\/#primaryimage"},"thumbnailUrl":"https:\/\/oroverde.gob.ar\/portal\/wp-content\/uploads\/2025\/01\/Colonia-Escuela-de-Natacion-675x360-1.png","articleSection":["Municipio"],"inLanguage":"es"},{"@type":"WebPage","@id":"https:\/\/oroverde.gob.ar\/portal\/comienza-el-proximo-lunes-la-colonia-de-vacaciones-en-el-complejo-municipal-de-piletas\/","url":"https:\/\/oroverde.gob.ar\/portal\/comienza-el-proximo-lunes-la-colonia-de-vacaciones-en-el-complejo-municipal-de-piletas\/","name":"Comienza el pr\u00f3ximo lunes la colonia de vacaciones en el Complejo Municipal de Piletas - Municipio de Oro Verde","isPartOf":{"@id":"https:\/\/oroverde.gob.ar\/portal\/#website"},"primaryImageOfPage":{"@id":"https:\/\/oroverde.gob.ar\/portal\/comienza-el-proximo-lunes-la-colonia-de-vacaciones-en-el-complejo-municipal-de-piletas\/#primaryimage"},"image":{"@id":"https:\/\/oroverde.gob.ar\/portal\/comienza-el-proximo-lunes-la-colonia-de-vacaciones-en-el-complejo-municipal-de-piletas\/#primaryimage"},"thumbnailUrl":"https:\/\/oroverde.gob.ar\/portal\/wp-content\/uploads\/2025\/01\/Colonia-Escuela-de-Natacion-675x360-1.png","datePublished":"2025-12-18T16:10:21+00:00","breadcrumb":{"@id":"https:\/\/oroverde.gob.ar\/portal\/comienza-el-proximo-lunes-la-colonia-de-vacaciones-en-el-complejo-municipal-de-piletas\/#breadcrumb"},"inLanguage":"es","potentialAction":[{"@type":"ReadAction","target":["https:\/\/oroverde.gob.ar\/portal\/comienza-el-proximo-lunes-la-colonia-de-vacaciones-en-el-complejo-municipal-de-piletas\/"]}]},{"@type":"ImageObject","inLanguage":"es","@id":"https:\/\/oroverde.gob.ar\/portal\/comienza-el-proximo-lunes-la-colonia-de-vacaciones-en-el-complejo-municipal-de-piletas\/#primaryimage","url":"https:\/\/oroverde.gob.ar\/portal\/wp-content\/uploads\/2025\/01\/Colonia-Escuela-de-Natacion-675x360-1.png","contentUrl":"https:\/\/oroverde.gob.ar\/portal\/wp-content\/uploads\/2025\/01\/Colonia-Escuela-de-Natacion-675x360-1.png","width":675,"height":360},{"@type":"BreadcrumbList","@id":"https:\/\/oroverde.gob.ar\/portal\/comienza-el-proximo-lunes-la-colonia-de-vacaciones-en-el-complejo-municipal-de-piletas\/#breadcrumb","itemListElement":[{"@type":"ListItem","position":1,"name":"Portada","item":"https:\/\/oroverde.gob.ar\/portal\/"},{"@type":"ListItem","position":2,"name":"Comienza el pr\u00f3ximo lunes la colonia de vacaciones en el Complejo Municipal de Piletas"}]},{"@type":"WebSite","@id":"https:\/\/oroverde.gob.ar\/portal\/#website","url":"https:\/\/oroverde.gob.ar\/portal\/","name":"Municipio de Oro Verde","description":"Web Oficial","publisher":{"@id":"https:\/\/oroverde.gob.ar\/portal\/#organization"},"potentialAction":[{"@type":"SearchAction","target":{"@type":"EntryPoint","urlTemplate":"https:\/\/oroverde.gob.ar\/portal\/?s={search_term_string}"},"query-input":{"@type":"PropertyValueSpecification","valueRequired":true,"valueName":"search_term_string"}}],"inLanguage":"es"},{"@type":"Organization","@id":"https:\/\/oroverde.gob.ar\/portal\/#organization","name":"Municipio de Oro Verde","url":"https:\/\/oroverde.gob.ar\/portal\/","logo":{"@type":"ImageObject","inLanguage":"es","@id":"https:\/\/oroverde.gob.ar\/portal\/#\/schema\/logo\/image\/","url":"https:\/\/oroverde.gob.ar\/portal\/wp-content\/uploads\/2024\/06\/cropped-cropped-logo-1.png","contentUrl":"https:\/\/oroverde.gob.ar\/portal\/wp-content\/uploads\/2024\/06\/cropped-cropped-logo-1.png","width":1776,"height":738,"caption":"Municipio de Oro Verde"},"image":{"@id":"https:\/\/oroverde.gob.ar\/portal\/#\/schema\/logo\/image\/"}},{"@type":"Person","@id":"https:\/\/oroverde.gob.ar\/portal\/#\/schema\/person\/b975e0cbcd43b7dcf9c64511ec84f10f","name":"Soledad","image":{"@type":"ImageObject","inLanguage":"es","@id":"https:\/\/secure.gravatar.com\/avatar\/b2f5b6cda565395f31dc94c95932b9b3fbe6275bad58a1579843d3d1607d4a66?s=96&d=mm&r=g","url":"https:\/\/secure.gravatar.com\/avatar\/b2f5b6cda565395f31dc94c95932b9b3fbe6275bad58a1579843d3d1607d4a66?s=96&d=mm&r=g","contentUrl":"https:\/\/secure.gravatar.com\/avatar\/b2f5b6cda565395f31dc94c95932b9b3fbe6275bad58a1579843d3d1607d4a66?s=96&d=mm&r=g","caption":"Soledad"},"url":"https:\/\/oroverde.gob.ar\/portal\/author\/soledad\/"}]}},"_links":{"self":[{"href":"https:\/\/oroverde.gob.ar\/portal\/wp-json\/wp\/v2\/posts\/7567","targetHints":{"allow":["GET"]}}],"collection":[{"href":"https:\/\/oroverde.gob.ar\/portal\/wp-json\/wp\/v2\/posts"}],"about":[{"href":"https:\/\/oroverde.gob.ar\/portal\/wp-json\/wp\/v2\/types\/post"}],"author":[{"embeddable":true,"href":"https:\/\/oroverde.gob.ar\/portal\/wp-json\/wp\/v2\/users\/3"}],"replies":[{"embeddable":true,"href":"https:\/\/oroverde.gob.ar\/portal\/wp-json\/wp\/v2\/comments?post=7567"}],"version-history":[{"count":2,"href":"https:\/\/oroverde.gob.ar\/portal\/wp-json\/wp\/v2\/posts\/7567\/revisions"}],"predecessor-version":[{"id":7572,"href":"https:\/\/oroverde.gob.ar\/portal\/wp-json\/wp\/v2\/posts\/7567\/revisions\/7572"}],"wp:featuredmedia":[{"embeddable":true,"href":"https:\/\/oroverde.gob.ar\/portal\/wp-json\/wp\/v2\/media\/5156"}],"wp:attachment":[{"href":"https:\/\/oroverde.gob.ar\/portal\/wp-json\/wp\/v2\/media?parent=7567"}],"wp:term":[{"taxonomy":"category","embeddable":true,"href":"https:\/\/oroverde.gob.ar\/portal\/wp-json\/wp\/v2\/categories?post=7567"},{"taxonomy":"post_tag","embeddable":true,"href":"https:\/\/oroverde.gob.ar\/portal\/wp-json\/wp\/v2\/tags?post=7567"}],"curies":[{"name":"wp","href":"https:\/\/api.w.org\/{rel}","templated":true}]}}