{"id":7617,"date":"2025-12-29T12:38:30","date_gmt":"2025-12-29T15:38:30","guid":{"rendered":"https:\/\/oroverde.gob.ar\/portal\/?p=7617"},"modified":"2025-12-29T12:38:30","modified_gmt":"2025-12-29T15:38:30","slug":"recupero-de-vehiculos-sustraidos-el-intendente-se-reunio-con-el-jefe-de-la-comisaria","status":"publish","type":"post","link":"https:\/\/oroverde.gob.ar\/portal\/recupero-de-vehiculos-sustraidos-el-intendente-se-reunio-con-el-jefe-de-la-comisaria\/","title":{"rendered":"Recupero de veh\u00edculos sustra\u00eddos: el intendente se reuni\u00f3 con el Jefe de la Comisar\u00eda"},"content":{"rendered":"<div class=\"xdj266r x14z9mp xat24cr x1lziwak x1vvkbs x126k92a\">\n<div dir=\"auto\">El intendente C\u00e9sar Clement recibi\u00f3 esta ma\u00f1ana al Jefe de la Comisar\u00eda local Gerardo D\u00edaz, a quien manifest\u00f3 su preocupaci\u00f3n por los hechos delictivos sucedidos en los \u00faltimos d\u00edas. Las tres motos sustra\u00eddas fueron recuperadas por los efectivos policiales. Adem\u00e1s, comenzar\u00e1n en los pr\u00f3ximos d\u00edas nuevos operativos Barrio Seguro.<\/div>\n<\/div>\n<div class=\"x14z9mp xat24cr x1lziwak x1vvkbs xtlvy1s x126k92a\">\n<div dir=\"auto\">\u00abLa seguridad es un problema que preocupa al Municipio y nos ocupa, porque todos queremos estar tranquilos en el lugar donde vivimos con nuestras familias. Acordamos reforzar los patrullajes y tambi\u00e9n vamos a contar en los pr\u00f3ximos d\u00edas con los operativos de barrio seguro, que son intensivos y de diferentes fuerzas\u00bb, explic\u00f3 acerca del encuentro el intendente Clement.<\/div>\n<\/div>\n","protected":false},"excerpt":{"rendered":"<p>El intendente C\u00e9sar Clement recibi\u00f3 esta ma\u00f1ana al Jefe de la Comisar\u00eda local Gerardo D\u00edaz, a quien manifest\u00f3 su preocupaci\u00f3n por los hechos delictivos sucedidos en los \u00faltimos d\u00edas. Las tres motos sustra\u00eddas fueron recuperadas por los efectivos policiales. Adem\u00e1s, comenzar\u00e1n en los &hellip;<\/p>\n","protected":false},"author":3,"featured_media":7618,"comment_status":"closed","ping_status":"closed","sticky":false,"template":"","format":"standard","meta":{"footnotes":""},"categories":[1],"tags":[],"class_list":["post-7617","post","type-post","status-publish","format-standard","has-post-thumbnail","hentry","category-municipio"],"yoast_head":"<!-- This site is optimized with the Yoast SEO plugin v27.5 - https:\/\/yoast.com\/product\/yoast-seo-wordpress\/ -->\n<title>Recupero de veh\u00edculos sustra\u00eddos: el intendente se reuni\u00f3 con el Jefe de la Comisar\u00eda - Municipio de Oro Verde<\/title>\n<meta name=\"robots\" content=\"index, follow, max-snippet:-1, max-image-preview:large, max-video-preview:-1\" \/>\n<link rel=\"canonical\" href=\"https:\/\/oroverde.gob.ar\/portal\/recupero-de-vehiculos-sustraidos-el-intendente-se-reunio-con-el-jefe-de-la-comisaria\/\" \/>\n<meta property=\"og:locale\" content=\"es_ES\" \/>\n<meta property=\"og:type\" content=\"article\" \/>\n<meta property=\"og:title\" content=\"Recupero de veh\u00edculos sustra\u00eddos: el intendente se reuni\u00f3 con el Jefe de la Comisar\u00eda - Municipio de Oro Verde\" \/>\n<meta property=\"og:description\" content=\"El intendente C\u00e9sar Clement recibi\u00f3 esta ma\u00f1ana al Jefe de la Comisar\u00eda local Gerardo D\u00edaz, a quien manifest\u00f3 su preocupaci\u00f3n por los hechos delictivos sucedidos en los \u00faltimos d\u00edas. Las tres motos sustra\u00eddas fueron recuperadas por los efectivos policiales. Adem\u00e1s, comenzar\u00e1n en los &hellip;\" \/>\n<meta property=\"og:url\" content=\"https:\/\/oroverde.gob.ar\/portal\/recupero-de-vehiculos-sustraidos-el-intendente-se-reunio-con-el-jefe-de-la-comisaria\/\" \/>\n<meta property=\"og:site_name\" content=\"Municipio de Oro Verde\" \/>\n<meta property=\"article:published_time\" content=\"2025-12-29T15:38:30+00:00\" \/>\n<meta property=\"og:image\" content=\"https:\/\/oroverde.gob.ar\/portal\/wp-content\/uploads\/2025\/12\/reunion-comisario.jpg\" \/>\n\t<meta property=\"og:image:width\" content=\"2048\" \/>\n\t<meta property=\"og:image:height\" content=\"1480\" \/>\n\t<meta property=\"og:image:type\" content=\"image\/jpeg\" \/>\n<meta name=\"author\" content=\"Soledad\" \/>\n<meta name=\"twitter:card\" content=\"summary_large_image\" \/>\n<meta name=\"twitter:label1\" content=\"Escrito por\" \/>\n\t<meta name=\"twitter:data1\" content=\"Soledad\" \/>\n\t<meta name=\"twitter:label2\" content=\"Tiempo de lectura\" \/>\n\t<meta name=\"twitter:data2\" content=\"1 minuto\" \/>\n<script type=\"application\/ld+json\" class=\"yoast-schema-graph\">{\"@context\":\"https:\\\/\\\/schema.org\",\"@graph\":[{\"@type\":\"Article\",\"@id\":\"https:\\\/\\\/oroverde.gob.ar\\\/portal\\\/recupero-de-vehiculos-sustraidos-el-intendente-se-reunio-con-el-jefe-de-la-comisaria\\\/#article\",\"isPartOf\":{\"@id\":\"https:\\\/\\\/oroverde.gob.ar\\\/portal\\\/recupero-de-vehiculos-sustraidos-el-intendente-se-reunio-con-el-jefe-de-la-comisaria\\\/\"},\"author\":{\"name\":\"Soledad\",\"@id\":\"https:\\\/\\\/oroverde.gob.ar\\\/portal\\\/#\\\/schema\\\/person\\\/b975e0cbcd43b7dcf9c64511ec84f10f\"},\"headline\":\"Recupero de veh\u00edculos sustra\u00eddos: el intendente se reuni\u00f3 con el Jefe de la Comisar\u00eda\",\"datePublished\":\"2025-12-29T15:38:30+00:00\",\"mainEntityOfPage\":{\"@id\":\"https:\\\/\\\/oroverde.gob.ar\\\/portal\\\/recupero-de-vehiculos-sustraidos-el-intendente-se-reunio-con-el-jefe-de-la-comisaria\\\/\"},\"wordCount\":138,\"publisher\":{\"@id\":\"https:\\\/\\\/oroverde.gob.ar\\\/portal\\\/#organization\"},\"image\":{\"@id\":\"https:\\\/\\\/oroverde.gob.ar\\\/portal\\\/recupero-de-vehiculos-sustraidos-el-intendente-se-reunio-con-el-jefe-de-la-comisaria\\\/#primaryimage\"},\"thumbnailUrl\":\"https:\\\/\\\/oroverde.gob.ar\\\/portal\\\/wp-content\\\/uploads\\\/2025\\\/12\\\/reunion-comisario.jpg\",\"articleSection\":[\"Municipio\"],\"inLanguage\":\"es\"},{\"@type\":\"WebPage\",\"@id\":\"https:\\\/\\\/oroverde.gob.ar\\\/portal\\\/recupero-de-vehiculos-sustraidos-el-intendente-se-reunio-con-el-jefe-de-la-comisaria\\\/\",\"url\":\"https:\\\/\\\/oroverde.gob.ar\\\/portal\\\/recupero-de-vehiculos-sustraidos-el-intendente-se-reunio-con-el-jefe-de-la-comisaria\\\/\",\"name\":\"Recupero de veh\u00edculos sustra\u00eddos: el intendente se reuni\u00f3 con el Jefe de la Comisar\u00eda - Municipio de Oro Verde\",\"isPartOf\":{\"@id\":\"https:\\\/\\\/oroverde.gob.ar\\\/portal\\\/#website\"},\"primaryImageOfPage\":{\"@id\":\"https:\\\/\\\/oroverde.gob.ar\\\/portal\\\/recupero-de-vehiculos-sustraidos-el-intendente-se-reunio-con-el-jefe-de-la-comisaria\\\/#primaryimage\"},\"image\":{\"@id\":\"https:\\\/\\\/oroverde.gob.ar\\\/portal\\\/recupero-de-vehiculos-sustraidos-el-intendente-se-reunio-con-el-jefe-de-la-comisaria\\\/#primaryimage\"},\"thumbnailUrl\":\"https:\\\/\\\/oroverde.gob.ar\\\/portal\\\/wp-content\\\/uploads\\\/2025\\\/12\\\/reunion-comisario.jpg\",\"datePublished\":\"2025-12-29T15:38:30+00:00\",\"breadcrumb\":{\"@id\":\"https:\\\/\\\/oroverde.gob.ar\\\/portal\\\/recupero-de-vehiculos-sustraidos-el-intendente-se-reunio-con-el-jefe-de-la-comisaria\\\/#breadcrumb\"},\"inLanguage\":\"es\",\"potentialAction\":[{\"@type\":\"ReadAction\",\"target\":[\"https:\\\/\\\/oroverde.gob.ar\\\/portal\\\/recupero-de-vehiculos-sustraidos-el-intendente-se-reunio-con-el-jefe-de-la-comisaria\\\/\"]}]},{\"@type\":\"ImageObject\",\"inLanguage\":\"es\",\"@id\":\"https:\\\/\\\/oroverde.gob.ar\\\/portal\\\/recupero-de-vehiculos-sustraidos-el-intendente-se-reunio-con-el-jefe-de-la-comisaria\\\/#primaryimage\",\"url\":\"https:\\\/\\\/oroverde.gob.ar\\\/portal\\\/wp-content\\\/uploads\\\/2025\\\/12\\\/reunion-comisario.jpg\",\"contentUrl\":\"https:\\\/\\\/oroverde.gob.ar\\\/portal\\\/wp-content\\\/uploads\\\/2025\\\/12\\\/reunion-comisario.jpg\",\"width\":2048,\"height\":1480},{\"@type\":\"BreadcrumbList\",\"@id\":\"https:\\\/\\\/oroverde.gob.ar\\\/portal\\\/recupero-de-vehiculos-sustraidos-el-intendente-se-reunio-con-el-jefe-de-la-comisaria\\\/#breadcrumb\",\"itemListElement\":[{\"@type\":\"ListItem\",\"position\":1,\"name\":\"Portada\",\"item\":\"https:\\\/\\\/oroverde.gob.ar\\\/portal\\\/\"},{\"@type\":\"ListItem\",\"position\":2,\"name\":\"Recupero de veh\u00edculos sustra\u00eddos: el intendente se reuni\u00f3 con el Jefe de la Comisar\u00eda\"}]},{\"@type\":\"WebSite\",\"@id\":\"https:\\\/\\\/oroverde.gob.ar\\\/portal\\\/#website\",\"url\":\"https:\\\/\\\/oroverde.gob.ar\\\/portal\\\/\",\"name\":\"Municipio de Oro Verde\",\"description\":\"Web Oficial\",\"publisher\":{\"@id\":\"https:\\\/\\\/oroverde.gob.ar\\\/portal\\\/#organization\"},\"potentialAction\":[{\"@type\":\"SearchAction\",\"target\":{\"@type\":\"EntryPoint\",\"urlTemplate\":\"https:\\\/\\\/oroverde.gob.ar\\\/portal\\\/?s={search_term_string}\"},\"query-input\":{\"@type\":\"PropertyValueSpecification\",\"valueRequired\":true,\"valueName\":\"search_term_string\"}}],\"inLanguage\":\"es\"},{\"@type\":\"Organization\",\"@id\":\"https:\\\/\\\/oroverde.gob.ar\\\/portal\\\/#organization\",\"name\":\"Municipio de Oro Verde\",\"url\":\"https:\\\/\\\/oroverde.gob.ar\\\/portal\\\/\",\"logo\":{\"@type\":\"ImageObject\",\"inLanguage\":\"es\",\"@id\":\"https:\\\/\\\/oroverde.gob.ar\\\/portal\\\/#\\\/schema\\\/logo\\\/image\\\/\",\"url\":\"https:\\\/\\\/oroverde.gob.ar\\\/portal\\\/wp-content\\\/uploads\\\/2024\\\/06\\\/cropped-cropped-logo-1.png\",\"contentUrl\":\"https:\\\/\\\/oroverde.gob.ar\\\/portal\\\/wp-content\\\/uploads\\\/2024\\\/06\\\/cropped-cropped-logo-1.png\",\"width\":1776,\"height\":738,\"caption\":\"Municipio de Oro Verde\"},\"image\":{\"@id\":\"https:\\\/\\\/oroverde.gob.ar\\\/portal\\\/#\\\/schema\\\/logo\\\/image\\\/\"}},{\"@type\":\"Person\",\"@id\":\"https:\\\/\\\/oroverde.gob.ar\\\/portal\\\/#\\\/schema\\\/person\\\/b975e0cbcd43b7dcf9c64511ec84f10f\",\"name\":\"Soledad\",\"image\":{\"@type\":\"ImageObject\",\"inLanguage\":\"es\",\"@id\":\"https:\\\/\\\/secure.gravatar.com\\\/avatar\\\/b2f5b6cda565395f31dc94c95932b9b3fbe6275bad58a1579843d3d1607d4a66?s=96&d=mm&r=g\",\"url\":\"https:\\\/\\\/secure.gravatar.com\\\/avatar\\\/b2f5b6cda565395f31dc94c95932b9b3fbe6275bad58a1579843d3d1607d4a66?s=96&d=mm&r=g\",\"contentUrl\":\"https:\\\/\\\/secure.gravatar.com\\\/avatar\\\/b2f5b6cda565395f31dc94c95932b9b3fbe6275bad58a1579843d3d1607d4a66?s=96&d=mm&r=g\",\"caption\":\"Soledad\"},\"url\":\"https:\\\/\\\/oroverde.gob.ar\\\/portal\\\/author\\\/soledad\\\/\"}]}<\/script>\n<!-- \/ Yoast SEO plugin. -->","yoast_head_json":{"title":"Recupero de veh\u00edculos sustra\u00eddos: el intendente se reuni\u00f3 con el Jefe de la Comisar\u00eda - Municipio de Oro Verde","robots":{"index":"index","follow":"follow","max-snippet":"max-snippet:-1","max-image-preview":"max-image-preview:large","max-video-preview":"max-video-preview:-1"},"canonical":"https:\/\/oroverde.gob.ar\/portal\/recupero-de-vehiculos-sustraidos-el-intendente-se-reunio-con-el-jefe-de-la-comisaria\/","og_locale":"es_ES","og_type":"article","og_title":"Recupero de veh\u00edculos sustra\u00eddos: el intendente se reuni\u00f3 con el Jefe de la Comisar\u00eda - Municipio de Oro Verde","og_description":"El intendente C\u00e9sar Clement recibi\u00f3 esta ma\u00f1ana al Jefe de la Comisar\u00eda local Gerardo D\u00edaz, a quien manifest\u00f3 su preocupaci\u00f3n por los hechos delictivos sucedidos en los \u00faltimos d\u00edas. Las tres motos sustra\u00eddas fueron recuperadas por los efectivos policiales. Adem\u00e1s, comenzar\u00e1n en los &hellip;","og_url":"https:\/\/oroverde.gob.ar\/portal\/recupero-de-vehiculos-sustraidos-el-intendente-se-reunio-con-el-jefe-de-la-comisaria\/","og_site_name":"Municipio de Oro Verde","article_published_time":"2025-12-29T15:38:30+00:00","og_image":[{"width":2048,"height":1480,"url":"https:\/\/oroverde.gob.ar\/portal\/wp-content\/uploads\/2025\/12\/reunion-comisario.jpg","type":"image\/jpeg"}],"author":"Soledad","twitter_card":"summary_large_image","twitter_misc":{"Escrito por":"Soledad","Tiempo de lectura":"1 minuto"},"schema":{"@context":"https:\/\/schema.org","@graph":[{"@type":"Article","@id":"https:\/\/oroverde.gob.ar\/portal\/recupero-de-vehiculos-sustraidos-el-intendente-se-reunio-con-el-jefe-de-la-comisaria\/#article","isPartOf":{"@id":"https:\/\/oroverde.gob.ar\/portal\/recupero-de-vehiculos-sustraidos-el-intendente-se-reunio-con-el-jefe-de-la-comisaria\/"},"author":{"name":"Soledad","@id":"https:\/\/oroverde.gob.ar\/portal\/#\/schema\/person\/b975e0cbcd43b7dcf9c64511ec84f10f"},"headline":"Recupero de veh\u00edculos sustra\u00eddos: el intendente se reuni\u00f3 con el Jefe de la Comisar\u00eda","datePublished":"2025-12-29T15:38:30+00:00","mainEntityOfPage":{"@id":"https:\/\/oroverde.gob.ar\/portal\/recupero-de-vehiculos-sustraidos-el-intendente-se-reunio-con-el-jefe-de-la-comisaria\/"},"wordCount":138,"publisher":{"@id":"https:\/\/oroverde.gob.ar\/portal\/#organization"},"image":{"@id":"https:\/\/oroverde.gob.ar\/portal\/recupero-de-vehiculos-sustraidos-el-intendente-se-reunio-con-el-jefe-de-la-comisaria\/#primaryimage"},"thumbnailUrl":"https:\/\/oroverde.gob.ar\/portal\/wp-content\/uploads\/2025\/12\/reunion-comisario.jpg","articleSection":["Municipio"],"inLanguage":"es"},{"@type":"WebPage","@id":"https:\/\/oroverde.gob.ar\/portal\/recupero-de-vehiculos-sustraidos-el-intendente-se-reunio-con-el-jefe-de-la-comisaria\/","url":"https:\/\/oroverde.gob.ar\/portal\/recupero-de-vehiculos-sustraidos-el-intendente-se-reunio-con-el-jefe-de-la-comisaria\/","name":"Recupero de veh\u00edculos sustra\u00eddos: el intendente se reuni\u00f3 con el Jefe de la Comisar\u00eda - Municipio de Oro Verde","isPartOf":{"@id":"https:\/\/oroverde.gob.ar\/portal\/#website"},"primaryImageOfPage":{"@id":"https:\/\/oroverde.gob.ar\/portal\/recupero-de-vehiculos-sustraidos-el-intendente-se-reunio-con-el-jefe-de-la-comisaria\/#primaryimage"},"image":{"@id":"https:\/\/oroverde.gob.ar\/portal\/recupero-de-vehiculos-sustraidos-el-intendente-se-reunio-con-el-jefe-de-la-comisaria\/#primaryimage"},"thumbnailUrl":"https:\/\/oroverde.gob.ar\/portal\/wp-content\/uploads\/2025\/12\/reunion-comisario.jpg","datePublished":"2025-12-29T15:38:30+00:00","breadcrumb":{"@id":"https:\/\/oroverde.gob.ar\/portal\/recupero-de-vehiculos-sustraidos-el-intendente-se-reunio-con-el-jefe-de-la-comisaria\/#breadcrumb"},"inLanguage":"es","potentialAction":[{"@type":"ReadAction","target":["https:\/\/oroverde.gob.ar\/portal\/recupero-de-vehiculos-sustraidos-el-intendente-se-reunio-con-el-jefe-de-la-comisaria\/"]}]},{"@type":"ImageObject","inLanguage":"es","@id":"https:\/\/oroverde.gob.ar\/portal\/recupero-de-vehiculos-sustraidos-el-intendente-se-reunio-con-el-jefe-de-la-comisaria\/#primaryimage","url":"https:\/\/oroverde.gob.ar\/portal\/wp-content\/uploads\/2025\/12\/reunion-comisario.jpg","contentUrl":"https:\/\/oroverde.gob.ar\/portal\/wp-content\/uploads\/2025\/12\/reunion-comisario.jpg","width":2048,"height":1480},{"@type":"BreadcrumbList","@id":"https:\/\/oroverde.gob.ar\/portal\/recupero-de-vehiculos-sustraidos-el-intendente-se-reunio-con-el-jefe-de-la-comisaria\/#breadcrumb","itemListElement":[{"@type":"ListItem","position":1,"name":"Portada","item":"https:\/\/oroverde.gob.ar\/portal\/"},{"@type":"ListItem","position":2,"name":"Recupero de veh\u00edculos sustra\u00eddos: el intendente se reuni\u00f3 con el Jefe de la Comisar\u00eda"}]},{"@type":"WebSite","@id":"https:\/\/oroverde.gob.ar\/portal\/#website","url":"https:\/\/oroverde.gob.ar\/portal\/","name":"Municipio de Oro Verde","description":"Web Oficial","publisher":{"@id":"https:\/\/oroverde.gob.ar\/portal\/#organization"},"potentialAction":[{"@type":"SearchAction","target":{"@type":"EntryPoint","urlTemplate":"https:\/\/oroverde.gob.ar\/portal\/?s={search_term_string}"},"query-input":{"@type":"PropertyValueSpecification","valueRequired":true,"valueName":"search_term_string"}}],"inLanguage":"es"},{"@type":"Organization","@id":"https:\/\/oroverde.gob.ar\/portal\/#organization","name":"Municipio de Oro Verde","url":"https:\/\/oroverde.gob.ar\/portal\/","logo":{"@type":"ImageObject","inLanguage":"es","@id":"https:\/\/oroverde.gob.ar\/portal\/#\/schema\/logo\/image\/","url":"https:\/\/oroverde.gob.ar\/portal\/wp-content\/uploads\/2024\/06\/cropped-cropped-logo-1.png","contentUrl":"https:\/\/oroverde.gob.ar\/portal\/wp-content\/uploads\/2024\/06\/cropped-cropped-logo-1.png","width":1776,"height":738,"caption":"Municipio de Oro Verde"},"image":{"@id":"https:\/\/oroverde.gob.ar\/portal\/#\/schema\/logo\/image\/"}},{"@type":"Person","@id":"https:\/\/oroverde.gob.ar\/portal\/#\/schema\/person\/b975e0cbcd43b7dcf9c64511ec84f10f","name":"Soledad","image":{"@type":"ImageObject","inLanguage":"es","@id":"https:\/\/secure.gravatar.com\/avatar\/b2f5b6cda565395f31dc94c95932b9b3fbe6275bad58a1579843d3d1607d4a66?s=96&d=mm&r=g","url":"https:\/\/secure.gravatar.com\/avatar\/b2f5b6cda565395f31dc94c95932b9b3fbe6275bad58a1579843d3d1607d4a66?s=96&d=mm&r=g","contentUrl":"https:\/\/secure.gravatar.com\/avatar\/b2f5b6cda565395f31dc94c95932b9b3fbe6275bad58a1579843d3d1607d4a66?s=96&d=mm&r=g","caption":"Soledad"},"url":"https:\/\/oroverde.gob.ar\/portal\/author\/soledad\/"}]}},"_links":{"self":[{"href":"https:\/\/oroverde.gob.ar\/portal\/wp-json\/wp\/v2\/posts\/7617","targetHints":{"allow":["GET"]}}],"collection":[{"href":"https:\/\/oroverde.gob.ar\/portal\/wp-json\/wp\/v2\/posts"}],"about":[{"href":"https:\/\/oroverde.gob.ar\/portal\/wp-json\/wp\/v2\/types\/post"}],"author":[{"embeddable":true,"href":"https:\/\/oroverde.gob.ar\/portal\/wp-json\/wp\/v2\/users\/3"}],"replies":[{"embeddable":true,"href":"https:\/\/oroverde.gob.ar\/portal\/wp-json\/wp\/v2\/comments?post=7617"}],"version-history":[{"count":1,"href":"https:\/\/oroverde.gob.ar\/portal\/wp-json\/wp\/v2\/posts\/7617\/revisions"}],"predecessor-version":[{"id":7619,"href":"https:\/\/oroverde.gob.ar\/portal\/wp-json\/wp\/v2\/posts\/7617\/revisions\/7619"}],"wp:featuredmedia":[{"embeddable":true,"href":"https:\/\/oroverde.gob.ar\/portal\/wp-json\/wp\/v2\/media\/7618"}],"wp:attachment":[{"href":"https:\/\/oroverde.gob.ar\/portal\/wp-json\/wp\/v2\/media?parent=7617"}],"wp:term":[{"taxonomy":"category","embeddable":true,"href":"https:\/\/oroverde.gob.ar\/portal\/wp-json\/wp\/v2\/categories?post=7617"},{"taxonomy":"post_tag","embeddable":true,"href":"https:\/\/oroverde.gob.ar\/portal\/wp-json\/wp\/v2\/tags?post=7617"}],"curies":[{"name":"wp","href":"https:\/\/api.w.org\/{rel}","templated":true}]}}