{"id":7672,"date":"2026-01-09T10:52:15","date_gmt":"2026-01-09T13:52:15","guid":{"rendered":"https:\/\/oroverde.gob.ar\/portal\/?p=7672"},"modified":"2026-01-09T10:52:15","modified_gmt":"2026-01-09T13:52:15","slug":"empezo-el-nuevo-espacio-para-las-infancias-durante-el-verano","status":"publish","type":"post","link":"https:\/\/oroverde.gob.ar\/portal\/empezo-el-nuevo-espacio-para-las-infancias-durante-el-verano\/","title":{"rendered":"Empez\u00f3 el nuevo espacio para las infancias durante el verano"},"content":{"rendered":"<div class=\"x14z9mp xat24cr x1lziwak x1vvkbs xtlvy1s x126k92a\">\n<div dir=\"auto\">Espacio para infancias (3 a 7 a\u00f1os) funciona todos los mi\u00e9rcoles de 17 a 20 hs en el Centro Integrador Comunitario (Av. Los Cha\u00f1ares 397).<\/div>\n<\/div>\n<div class=\"x14z9mp xat24cr x1lziwak x1vvkbs xtlvy1s x126k92a\">\n<div dir=\"auto\">All\u00ed las familias pueden acercarse con sus ni\u00f1os y ni\u00f1os para pasar momentos recreativos y de esparcimiento en estas vacaciones \u00a1A sumarse!<\/div>\n<\/div>\n","protected":false},"excerpt":{"rendered":"<p>Espacio para infancias (3 a 7 a\u00f1os) funciona todos los mi\u00e9rcoles de 17 a 20 hs en el Centro Integrador Comunitario (Av. Los Cha\u00f1ares 397). All\u00ed las familias pueden acercarse con sus ni\u00f1os y ni\u00f1os para pasar momentos recreativos y de esparcimiento en &hellip;<\/p>\n","protected":false},"author":1,"featured_media":7673,"comment_status":"closed","ping_status":"closed","sticky":false,"template":"","format":"standard","meta":{"footnotes":""},"categories":[39],"tags":[],"class_list":["post-7672","post","type-post","status-publish","format-standard","has-post-thumbnail","hentry","category-cultura"],"yoast_head":"<!-- This site is optimized with the Yoast SEO plugin v27.5 - https:\/\/yoast.com\/product\/yoast-seo-wordpress\/ -->\n<title>Empez\u00f3 el nuevo espacio para las infancias durante el verano - Municipio de Oro Verde<\/title>\n<meta name=\"robots\" content=\"index, follow, max-snippet:-1, max-image-preview:large, max-video-preview:-1\" \/>\n<link rel=\"canonical\" href=\"https:\/\/oroverde.gob.ar\/portal\/empezo-el-nuevo-espacio-para-las-infancias-durante-el-verano\/\" \/>\n<meta property=\"og:locale\" content=\"es_ES\" \/>\n<meta property=\"og:type\" content=\"article\" \/>\n<meta property=\"og:title\" content=\"Empez\u00f3 el nuevo espacio para las infancias durante el verano - Municipio de Oro Verde\" \/>\n<meta property=\"og:description\" content=\"Espacio para infancias (3 a 7 a\u00f1os) funciona todos los mi\u00e9rcoles de 17 a 20 hs en el Centro Integrador Comunitario (Av. Los Cha\u00f1ares 397). All\u00ed las familias pueden acercarse con sus ni\u00f1os y ni\u00f1os para pasar momentos recreativos y de esparcimiento en &hellip;\" \/>\n<meta property=\"og:url\" content=\"https:\/\/oroverde.gob.ar\/portal\/empezo-el-nuevo-espacio-para-las-infancias-durante-el-verano\/\" \/>\n<meta property=\"og:site_name\" content=\"Municipio de Oro Verde\" \/>\n<meta property=\"article:published_time\" content=\"2026-01-09T13:52:15+00:00\" \/>\n<meta property=\"og:image\" content=\"https:\/\/oroverde.gob.ar\/portal\/wp-content\/uploads\/2026\/01\/DSC0584-scaled.jpg\" \/>\n\t<meta property=\"og:image:width\" content=\"2560\" \/>\n\t<meta property=\"og:image:height\" content=\"1708\" \/>\n\t<meta property=\"og:image:type\" content=\"image\/jpeg\" \/>\n<meta name=\"author\" content=\"Juan Kamlofsky\" \/>\n<meta name=\"twitter:card\" content=\"summary_large_image\" \/>\n<meta name=\"twitter:label1\" content=\"Escrito por\" \/>\n\t<meta name=\"twitter:data1\" content=\"Juan Kamlofsky\" \/>\n\t<meta name=\"twitter:label2\" content=\"Tiempo de lectura\" \/>\n\t<meta name=\"twitter:data2\" content=\"1 minuto\" \/>\n<script type=\"application\/ld+json\" class=\"yoast-schema-graph\">{\"@context\":\"https:\\\/\\\/schema.org\",\"@graph\":[{\"@type\":\"Article\",\"@id\":\"https:\\\/\\\/oroverde.gob.ar\\\/portal\\\/empezo-el-nuevo-espacio-para-las-infancias-durante-el-verano\\\/#article\",\"isPartOf\":{\"@id\":\"https:\\\/\\\/oroverde.gob.ar\\\/portal\\\/empezo-el-nuevo-espacio-para-las-infancias-durante-el-verano\\\/\"},\"author\":{\"name\":\"Juan Kamlofsky\",\"@id\":\"https:\\\/\\\/oroverde.gob.ar\\\/portal\\\/#\\\/schema\\\/person\\\/c0af151705bf0586409812aed3b3ff3f\"},\"headline\":\"Empez\u00f3 el nuevo espacio para las infancias durante el verano\",\"datePublished\":\"2026-01-09T13:52:15+00:00\",\"mainEntityOfPage\":{\"@id\":\"https:\\\/\\\/oroverde.gob.ar\\\/portal\\\/empezo-el-nuevo-espacio-para-las-infancias-durante-el-verano\\\/\"},\"wordCount\":57,\"publisher\":{\"@id\":\"https:\\\/\\\/oroverde.gob.ar\\\/portal\\\/#organization\"},\"image\":{\"@id\":\"https:\\\/\\\/oroverde.gob.ar\\\/portal\\\/empezo-el-nuevo-espacio-para-las-infancias-durante-el-verano\\\/#primaryimage\"},\"thumbnailUrl\":\"https:\\\/\\\/oroverde.gob.ar\\\/portal\\\/wp-content\\\/uploads\\\/2026\\\/01\\\/DSC0584-scaled.jpg\",\"articleSection\":[\"Cultura\"],\"inLanguage\":\"es\"},{\"@type\":\"WebPage\",\"@id\":\"https:\\\/\\\/oroverde.gob.ar\\\/portal\\\/empezo-el-nuevo-espacio-para-las-infancias-durante-el-verano\\\/\",\"url\":\"https:\\\/\\\/oroverde.gob.ar\\\/portal\\\/empezo-el-nuevo-espacio-para-las-infancias-durante-el-verano\\\/\",\"name\":\"Empez\u00f3 el nuevo espacio para las infancias durante el verano - Municipio de Oro Verde\",\"isPartOf\":{\"@id\":\"https:\\\/\\\/oroverde.gob.ar\\\/portal\\\/#website\"},\"primaryImageOfPage\":{\"@id\":\"https:\\\/\\\/oroverde.gob.ar\\\/portal\\\/empezo-el-nuevo-espacio-para-las-infancias-durante-el-verano\\\/#primaryimage\"},\"image\":{\"@id\":\"https:\\\/\\\/oroverde.gob.ar\\\/portal\\\/empezo-el-nuevo-espacio-para-las-infancias-durante-el-verano\\\/#primaryimage\"},\"thumbnailUrl\":\"https:\\\/\\\/oroverde.gob.ar\\\/portal\\\/wp-content\\\/uploads\\\/2026\\\/01\\\/DSC0584-scaled.jpg\",\"datePublished\":\"2026-01-09T13:52:15+00:00\",\"breadcrumb\":{\"@id\":\"https:\\\/\\\/oroverde.gob.ar\\\/portal\\\/empezo-el-nuevo-espacio-para-las-infancias-durante-el-verano\\\/#breadcrumb\"},\"inLanguage\":\"es\",\"potentialAction\":[{\"@type\":\"ReadAction\",\"target\":[\"https:\\\/\\\/oroverde.gob.ar\\\/portal\\\/empezo-el-nuevo-espacio-para-las-infancias-durante-el-verano\\\/\"]}]},{\"@type\":\"ImageObject\",\"inLanguage\":\"es\",\"@id\":\"https:\\\/\\\/oroverde.gob.ar\\\/portal\\\/empezo-el-nuevo-espacio-para-las-infancias-durante-el-verano\\\/#primaryimage\",\"url\":\"https:\\\/\\\/oroverde.gob.ar\\\/portal\\\/wp-content\\\/uploads\\\/2026\\\/01\\\/DSC0584-scaled.jpg\",\"contentUrl\":\"https:\\\/\\\/oroverde.gob.ar\\\/portal\\\/wp-content\\\/uploads\\\/2026\\\/01\\\/DSC0584-scaled.jpg\",\"width\":2560,\"height\":1708},{\"@type\":\"BreadcrumbList\",\"@id\":\"https:\\\/\\\/oroverde.gob.ar\\\/portal\\\/empezo-el-nuevo-espacio-para-las-infancias-durante-el-verano\\\/#breadcrumb\",\"itemListElement\":[{\"@type\":\"ListItem\",\"position\":1,\"name\":\"Portada\",\"item\":\"https:\\\/\\\/oroverde.gob.ar\\\/portal\\\/\"},{\"@type\":\"ListItem\",\"position\":2,\"name\":\"Empez\u00f3 el nuevo espacio para las infancias durante el verano\"}]},{\"@type\":\"WebSite\",\"@id\":\"https:\\\/\\\/oroverde.gob.ar\\\/portal\\\/#website\",\"url\":\"https:\\\/\\\/oroverde.gob.ar\\\/portal\\\/\",\"name\":\"Municipio de Oro Verde\",\"description\":\"Web Oficial\",\"publisher\":{\"@id\":\"https:\\\/\\\/oroverde.gob.ar\\\/portal\\\/#organization\"},\"potentialAction\":[{\"@type\":\"SearchAction\",\"target\":{\"@type\":\"EntryPoint\",\"urlTemplate\":\"https:\\\/\\\/oroverde.gob.ar\\\/portal\\\/?s={search_term_string}\"},\"query-input\":{\"@type\":\"PropertyValueSpecification\",\"valueRequired\":true,\"valueName\":\"search_term_string\"}}],\"inLanguage\":\"es\"},{\"@type\":\"Organization\",\"@id\":\"https:\\\/\\\/oroverde.gob.ar\\\/portal\\\/#organization\",\"name\":\"Municipio de Oro Verde\",\"url\":\"https:\\\/\\\/oroverde.gob.ar\\\/portal\\\/\",\"logo\":{\"@type\":\"ImageObject\",\"inLanguage\":\"es\",\"@id\":\"https:\\\/\\\/oroverde.gob.ar\\\/portal\\\/#\\\/schema\\\/logo\\\/image\\\/\",\"url\":\"https:\\\/\\\/oroverde.gob.ar\\\/portal\\\/wp-content\\\/uploads\\\/2024\\\/06\\\/cropped-cropped-logo-1.png\",\"contentUrl\":\"https:\\\/\\\/oroverde.gob.ar\\\/portal\\\/wp-content\\\/uploads\\\/2024\\\/06\\\/cropped-cropped-logo-1.png\",\"width\":1776,\"height\":738,\"caption\":\"Municipio de Oro Verde\"},\"image\":{\"@id\":\"https:\\\/\\\/oroverde.gob.ar\\\/portal\\\/#\\\/schema\\\/logo\\\/image\\\/\"}},{\"@type\":\"Person\",\"@id\":\"https:\\\/\\\/oroverde.gob.ar\\\/portal\\\/#\\\/schema\\\/person\\\/c0af151705bf0586409812aed3b3ff3f\",\"name\":\"Juan Kamlofsky\",\"image\":{\"@type\":\"ImageObject\",\"inLanguage\":\"es\",\"@id\":\"https:\\\/\\\/secure.gravatar.com\\\/avatar\\\/f7a75e6e3a0b3940cade9f67aa62f50782a9cf3974b0deedd0a07c2678e6ad29?s=96&d=mm&r=g\",\"url\":\"https:\\\/\\\/secure.gravatar.com\\\/avatar\\\/f7a75e6e3a0b3940cade9f67aa62f50782a9cf3974b0deedd0a07c2678e6ad29?s=96&d=mm&r=g\",\"contentUrl\":\"https:\\\/\\\/secure.gravatar.com\\\/avatar\\\/f7a75e6e3a0b3940cade9f67aa62f50782a9cf3974b0deedd0a07c2678e6ad29?s=96&d=mm&r=g\",\"caption\":\"Juan Kamlofsky\"},\"sameAs\":[\"https:\\\/\\\/oroverde.gob.ar\\\/portal\"],\"url\":\"https:\\\/\\\/oroverde.gob.ar\\\/portal\\\/author\\\/kamlofskyje\\\/\"}]}<\/script>\n<!-- \/ Yoast SEO plugin. -->","yoast_head_json":{"title":"Empez\u00f3 el nuevo espacio para las infancias durante el verano - Municipio de Oro Verde","robots":{"index":"index","follow":"follow","max-snippet":"max-snippet:-1","max-image-preview":"max-image-preview:large","max-video-preview":"max-video-preview:-1"},"canonical":"https:\/\/oroverde.gob.ar\/portal\/empezo-el-nuevo-espacio-para-las-infancias-durante-el-verano\/","og_locale":"es_ES","og_type":"article","og_title":"Empez\u00f3 el nuevo espacio para las infancias durante el verano - Municipio de Oro Verde","og_description":"Espacio para infancias (3 a 7 a\u00f1os) funciona todos los mi\u00e9rcoles de 17 a 20 hs en el Centro Integrador Comunitario (Av. Los Cha\u00f1ares 397). All\u00ed las familias pueden acercarse con sus ni\u00f1os y ni\u00f1os para pasar momentos recreativos y de esparcimiento en &hellip;","og_url":"https:\/\/oroverde.gob.ar\/portal\/empezo-el-nuevo-espacio-para-las-infancias-durante-el-verano\/","og_site_name":"Municipio de Oro Verde","article_published_time":"2026-01-09T13:52:15+00:00","og_image":[{"width":2560,"height":1708,"url":"https:\/\/oroverde.gob.ar\/portal\/wp-content\/uploads\/2026\/01\/DSC0584-scaled.jpg","type":"image\/jpeg"}],"author":"Juan Kamlofsky","twitter_card":"summary_large_image","twitter_misc":{"Escrito por":"Juan Kamlofsky","Tiempo de lectura":"1 minuto"},"schema":{"@context":"https:\/\/schema.org","@graph":[{"@type":"Article","@id":"https:\/\/oroverde.gob.ar\/portal\/empezo-el-nuevo-espacio-para-las-infancias-durante-el-verano\/#article","isPartOf":{"@id":"https:\/\/oroverde.gob.ar\/portal\/empezo-el-nuevo-espacio-para-las-infancias-durante-el-verano\/"},"author":{"name":"Juan Kamlofsky","@id":"https:\/\/oroverde.gob.ar\/portal\/#\/schema\/person\/c0af151705bf0586409812aed3b3ff3f"},"headline":"Empez\u00f3 el nuevo espacio para las infancias durante el verano","datePublished":"2026-01-09T13:52:15+00:00","mainEntityOfPage":{"@id":"https:\/\/oroverde.gob.ar\/portal\/empezo-el-nuevo-espacio-para-las-infancias-durante-el-verano\/"},"wordCount":57,"publisher":{"@id":"https:\/\/oroverde.gob.ar\/portal\/#organization"},"image":{"@id":"https:\/\/oroverde.gob.ar\/portal\/empezo-el-nuevo-espacio-para-las-infancias-durante-el-verano\/#primaryimage"},"thumbnailUrl":"https:\/\/oroverde.gob.ar\/portal\/wp-content\/uploads\/2026\/01\/DSC0584-scaled.jpg","articleSection":["Cultura"],"inLanguage":"es"},{"@type":"WebPage","@id":"https:\/\/oroverde.gob.ar\/portal\/empezo-el-nuevo-espacio-para-las-infancias-durante-el-verano\/","url":"https:\/\/oroverde.gob.ar\/portal\/empezo-el-nuevo-espacio-para-las-infancias-durante-el-verano\/","name":"Empez\u00f3 el nuevo espacio para las infancias durante el verano - Municipio de Oro Verde","isPartOf":{"@id":"https:\/\/oroverde.gob.ar\/portal\/#website"},"primaryImageOfPage":{"@id":"https:\/\/oroverde.gob.ar\/portal\/empezo-el-nuevo-espacio-para-las-infancias-durante-el-verano\/#primaryimage"},"image":{"@id":"https:\/\/oroverde.gob.ar\/portal\/empezo-el-nuevo-espacio-para-las-infancias-durante-el-verano\/#primaryimage"},"thumbnailUrl":"https:\/\/oroverde.gob.ar\/portal\/wp-content\/uploads\/2026\/01\/DSC0584-scaled.jpg","datePublished":"2026-01-09T13:52:15+00:00","breadcrumb":{"@id":"https:\/\/oroverde.gob.ar\/portal\/empezo-el-nuevo-espacio-para-las-infancias-durante-el-verano\/#breadcrumb"},"inLanguage":"es","potentialAction":[{"@type":"ReadAction","target":["https:\/\/oroverde.gob.ar\/portal\/empezo-el-nuevo-espacio-para-las-infancias-durante-el-verano\/"]}]},{"@type":"ImageObject","inLanguage":"es","@id":"https:\/\/oroverde.gob.ar\/portal\/empezo-el-nuevo-espacio-para-las-infancias-durante-el-verano\/#primaryimage","url":"https:\/\/oroverde.gob.ar\/portal\/wp-content\/uploads\/2026\/01\/DSC0584-scaled.jpg","contentUrl":"https:\/\/oroverde.gob.ar\/portal\/wp-content\/uploads\/2026\/01\/DSC0584-scaled.jpg","width":2560,"height":1708},{"@type":"BreadcrumbList","@id":"https:\/\/oroverde.gob.ar\/portal\/empezo-el-nuevo-espacio-para-las-infancias-durante-el-verano\/#breadcrumb","itemListElement":[{"@type":"ListItem","position":1,"name":"Portada","item":"https:\/\/oroverde.gob.ar\/portal\/"},{"@type":"ListItem","position":2,"name":"Empez\u00f3 el nuevo espacio para las infancias durante el verano"}]},{"@type":"WebSite","@id":"https:\/\/oroverde.gob.ar\/portal\/#website","url":"https:\/\/oroverde.gob.ar\/portal\/","name":"Municipio de Oro Verde","description":"Web Oficial","publisher":{"@id":"https:\/\/oroverde.gob.ar\/portal\/#organization"},"potentialAction":[{"@type":"SearchAction","target":{"@type":"EntryPoint","urlTemplate":"https:\/\/oroverde.gob.ar\/portal\/?s={search_term_string}"},"query-input":{"@type":"PropertyValueSpecification","valueRequired":true,"valueName":"search_term_string"}}],"inLanguage":"es"},{"@type":"Organization","@id":"https:\/\/oroverde.gob.ar\/portal\/#organization","name":"Municipio de Oro Verde","url":"https:\/\/oroverde.gob.ar\/portal\/","logo":{"@type":"ImageObject","inLanguage":"es","@id":"https:\/\/oroverde.gob.ar\/portal\/#\/schema\/logo\/image\/","url":"https:\/\/oroverde.gob.ar\/portal\/wp-content\/uploads\/2024\/06\/cropped-cropped-logo-1.png","contentUrl":"https:\/\/oroverde.gob.ar\/portal\/wp-content\/uploads\/2024\/06\/cropped-cropped-logo-1.png","width":1776,"height":738,"caption":"Municipio de Oro Verde"},"image":{"@id":"https:\/\/oroverde.gob.ar\/portal\/#\/schema\/logo\/image\/"}},{"@type":"Person","@id":"https:\/\/oroverde.gob.ar\/portal\/#\/schema\/person\/c0af151705bf0586409812aed3b3ff3f","name":"Juan Kamlofsky","image":{"@type":"ImageObject","inLanguage":"es","@id":"https:\/\/secure.gravatar.com\/avatar\/f7a75e6e3a0b3940cade9f67aa62f50782a9cf3974b0deedd0a07c2678e6ad29?s=96&d=mm&r=g","url":"https:\/\/secure.gravatar.com\/avatar\/f7a75e6e3a0b3940cade9f67aa62f50782a9cf3974b0deedd0a07c2678e6ad29?s=96&d=mm&r=g","contentUrl":"https:\/\/secure.gravatar.com\/avatar\/f7a75e6e3a0b3940cade9f67aa62f50782a9cf3974b0deedd0a07c2678e6ad29?s=96&d=mm&r=g","caption":"Juan Kamlofsky"},"sameAs":["https:\/\/oroverde.gob.ar\/portal"],"url":"https:\/\/oroverde.gob.ar\/portal\/author\/kamlofskyje\/"}]}},"_links":{"self":[{"href":"https:\/\/oroverde.gob.ar\/portal\/wp-json\/wp\/v2\/posts\/7672","targetHints":{"allow":["GET"]}}],"collection":[{"href":"https:\/\/oroverde.gob.ar\/portal\/wp-json\/wp\/v2\/posts"}],"about":[{"href":"https:\/\/oroverde.gob.ar\/portal\/wp-json\/wp\/v2\/types\/post"}],"author":[{"embeddable":true,"href":"https:\/\/oroverde.gob.ar\/portal\/wp-json\/wp\/v2\/users\/1"}],"replies":[{"embeddable":true,"href":"https:\/\/oroverde.gob.ar\/portal\/wp-json\/wp\/v2\/comments?post=7672"}],"version-history":[{"count":1,"href":"https:\/\/oroverde.gob.ar\/portal\/wp-json\/wp\/v2\/posts\/7672\/revisions"}],"predecessor-version":[{"id":7674,"href":"https:\/\/oroverde.gob.ar\/portal\/wp-json\/wp\/v2\/posts\/7672\/revisions\/7674"}],"wp:featuredmedia":[{"embeddable":true,"href":"https:\/\/oroverde.gob.ar\/portal\/wp-json\/wp\/v2\/media\/7673"}],"wp:attachment":[{"href":"https:\/\/oroverde.gob.ar\/portal\/wp-json\/wp\/v2\/media?parent=7672"}],"wp:term":[{"taxonomy":"category","embeddable":true,"href":"https:\/\/oroverde.gob.ar\/portal\/wp-json\/wp\/v2\/categories?post=7672"},{"taxonomy":"post_tag","embeddable":true,"href":"https:\/\/oroverde.gob.ar\/portal\/wp-json\/wp\/v2\/tags?post=7672"}],"curies":[{"name":"wp","href":"https:\/\/api.w.org\/{rel}","templated":true}]}}