{"id":7681,"date":"2026-01-12T11:55:51","date_gmt":"2026-01-12T14:55:51","guid":{"rendered":"https:\/\/oroverde.gob.ar\/portal\/?p=7681"},"modified":"2026-01-12T11:55:51","modified_gmt":"2026-01-12T14:55:51","slug":"ninos-y-ninas-de-la-colonia-municipal-de-oro-verde-rumbo-al-campamento-anual-en-cerrito","status":"publish","type":"post","link":"https:\/\/oroverde.gob.ar\/portal\/ninos-y-ninas-de-la-colonia-municipal-de-oro-verde-rumbo-al-campamento-anual-en-cerrito\/","title":{"rendered":"Ni\u00f1os y ni\u00f1as de la Colonia Municipal de Oro Verde rumbo al Campamento Anual en Cerrito"},"content":{"rendered":"<div class=\"xdj266r x14z9mp xat24cr x1lziwak x1vvkbs x126k92a\">\n<div dir=\"auto\">M\u00e1s de 400 chicos y chicas asisten a la Escuela de Nataci\u00f3n y Vida en la Naturaleza<\/div>\n<\/div>\n<div class=\"x14z9mp xat24cr x1lziwak x1vvkbs xtlvy1s x126k92a\">\n<div dir=\"auto\">La Escuela de Nataci\u00f3n y Vida en la Naturaleza funciona a pleno durante enero. Es gratuita, para ni\u00f1os y ni\u00f1as desde los 4 a 12 a\u00f1os con residencia en Oro Verde. El proyecto se lleva adelante en un trabajo conjunto entre el Municipio y el Centro de Educaci\u00f3n F\u00edsica N\u00ba 26 Oro Verde.<\/div>\n<\/div>\n<div class=\"x14z9mp xat24cr x1lziwak x1vvkbs xtlvy1s x126k92a\">\n<div dir=\"auto\">En el Complejo de Piletas Municipal realizan actividades recreativas y deportivas m\u00e1s de 400 chicos en esta temporada.<\/div>\n<\/div>\n<div class=\"x14z9mp xat24cr x1lziwak x1vvkbs xtlvy1s x126k92a\">\n<div dir=\"auto\">Entre las actividades principales est\u00e1 la ense\u00f1anza de nataci\u00f3n para que puedan disfrutar con mayor seguridad del agua. A medida que avanza la edad de los ni\u00f1os y ni\u00f1as van desarrollando t\u00e9cnicas m\u00e1s avanzadas.<\/div>\n<\/div>\n<div class=\"x14z9mp xat24cr x1lziwak x1vvkbs xtlvy1s x126k92a\">\n<div dir=\"auto\">La Escuelita de Nataci\u00f3n como todos los a\u00f1os estableci\u00f3 convenios con otros municipios de la zona que no cuentan con este tipo de Complejo. Hoy disfrutan tambi\u00e9n de esta colonia chicos de Aldea Brasilera, Gobernador Etchevehere, Colonia Ensayo y Tezanos Pinto.<\/div>\n<\/div>\n","protected":false},"excerpt":{"rendered":"<p>M\u00e1s de 400 chicos y chicas asisten a la Escuela de Nataci\u00f3n y Vida en la Naturaleza La Escuela de Nataci\u00f3n y Vida en la Naturaleza funciona a pleno durante enero. Es gratuita, para ni\u00f1os y ni\u00f1as desde los 4 a 12 a\u00f1os &hellip;<\/p>\n","protected":false},"author":1,"featured_media":7682,"comment_status":"closed","ping_status":"closed","sticky":false,"template":"","format":"standard","meta":{"footnotes":""},"categories":[28],"tags":[],"class_list":["post-7681","post","type-post","status-publish","format-standard","has-post-thumbnail","hentry","category-deportes"],"yoast_head":"<!-- This site is optimized with the Yoast SEO plugin v27.5 - https:\/\/yoast.com\/product\/yoast-seo-wordpress\/ -->\n<title>Ni\u00f1os y ni\u00f1as de la Colonia Municipal de Oro Verde rumbo al Campamento Anual en Cerrito - Municipio de Oro Verde<\/title>\n<meta name=\"robots\" content=\"index, follow, max-snippet:-1, max-image-preview:large, max-video-preview:-1\" \/>\n<link rel=\"canonical\" href=\"https:\/\/oroverde.gob.ar\/portal\/ninos-y-ninas-de-la-colonia-municipal-de-oro-verde-rumbo-al-campamento-anual-en-cerrito\/\" \/>\n<meta property=\"og:locale\" content=\"es_ES\" \/>\n<meta property=\"og:type\" content=\"article\" \/>\n<meta property=\"og:title\" content=\"Ni\u00f1os y ni\u00f1as de la Colonia Municipal de Oro Verde rumbo al Campamento Anual en Cerrito - Municipio de Oro Verde\" \/>\n<meta property=\"og:description\" content=\"M\u00e1s de 400 chicos y chicas asisten a la Escuela de Nataci\u00f3n y Vida en la Naturaleza La Escuela de Nataci\u00f3n y Vida en la Naturaleza funciona a pleno durante enero. Es gratuita, para ni\u00f1os y ni\u00f1as desde los 4 a 12 a\u00f1os &hellip;\" \/>\n<meta property=\"og:url\" content=\"https:\/\/oroverde.gob.ar\/portal\/ninos-y-ninas-de-la-colonia-municipal-de-oro-verde-rumbo-al-campamento-anual-en-cerrito\/\" \/>\n<meta property=\"og:site_name\" content=\"Municipio de Oro Verde\" \/>\n<meta property=\"article:published_time\" content=\"2026-01-12T14:55:51+00:00\" \/>\n<meta property=\"og:image\" content=\"https:\/\/oroverde.gob.ar\/portal\/wp-content\/uploads\/2026\/01\/DSC0559-scaled.jpg\" \/>\n\t<meta property=\"og:image:width\" content=\"2560\" \/>\n\t<meta property=\"og:image:height\" content=\"1708\" \/>\n\t<meta property=\"og:image:type\" content=\"image\/jpeg\" \/>\n<meta name=\"author\" content=\"Juan Kamlofsky\" \/>\n<meta name=\"twitter:card\" content=\"summary_large_image\" \/>\n<meta name=\"twitter:label1\" content=\"Escrito por\" \/>\n\t<meta name=\"twitter:data1\" content=\"Juan Kamlofsky\" \/>\n\t<meta name=\"twitter:label2\" content=\"Tiempo de lectura\" \/>\n\t<meta name=\"twitter:data2\" content=\"1 minuto\" \/>\n<script type=\"application\/ld+json\" class=\"yoast-schema-graph\">{\"@context\":\"https:\\\/\\\/schema.org\",\"@graph\":[{\"@type\":\"Article\",\"@id\":\"https:\\\/\\\/oroverde.gob.ar\\\/portal\\\/ninos-y-ninas-de-la-colonia-municipal-de-oro-verde-rumbo-al-campamento-anual-en-cerrito\\\/#article\",\"isPartOf\":{\"@id\":\"https:\\\/\\\/oroverde.gob.ar\\\/portal\\\/ninos-y-ninas-de-la-colonia-municipal-de-oro-verde-rumbo-al-campamento-anual-en-cerrito\\\/\"},\"author\":{\"name\":\"Juan Kamlofsky\",\"@id\":\"https:\\\/\\\/oroverde.gob.ar\\\/portal\\\/#\\\/schema\\\/person\\\/c0af151705bf0586409812aed3b3ff3f\"},\"headline\":\"Ni\u00f1os y ni\u00f1as de la Colonia Municipal de Oro Verde rumbo al Campamento Anual en Cerrito\",\"datePublished\":\"2026-01-12T14:55:51+00:00\",\"mainEntityOfPage\":{\"@id\":\"https:\\\/\\\/oroverde.gob.ar\\\/portal\\\/ninos-y-ninas-de-la-colonia-municipal-de-oro-verde-rumbo-al-campamento-anual-en-cerrito\\\/\"},\"wordCount\":194,\"publisher\":{\"@id\":\"https:\\\/\\\/oroverde.gob.ar\\\/portal\\\/#organization\"},\"image\":{\"@id\":\"https:\\\/\\\/oroverde.gob.ar\\\/portal\\\/ninos-y-ninas-de-la-colonia-municipal-de-oro-verde-rumbo-al-campamento-anual-en-cerrito\\\/#primaryimage\"},\"thumbnailUrl\":\"https:\\\/\\\/oroverde.gob.ar\\\/portal\\\/wp-content\\\/uploads\\\/2026\\\/01\\\/DSC0559-scaled.jpg\",\"articleSection\":[\"Deportes\"],\"inLanguage\":\"es\"},{\"@type\":\"WebPage\",\"@id\":\"https:\\\/\\\/oroverde.gob.ar\\\/portal\\\/ninos-y-ninas-de-la-colonia-municipal-de-oro-verde-rumbo-al-campamento-anual-en-cerrito\\\/\",\"url\":\"https:\\\/\\\/oroverde.gob.ar\\\/portal\\\/ninos-y-ninas-de-la-colonia-municipal-de-oro-verde-rumbo-al-campamento-anual-en-cerrito\\\/\",\"name\":\"Ni\u00f1os y ni\u00f1as de la Colonia Municipal de Oro Verde rumbo al Campamento Anual en Cerrito - Municipio de Oro Verde\",\"isPartOf\":{\"@id\":\"https:\\\/\\\/oroverde.gob.ar\\\/portal\\\/#website\"},\"primaryImageOfPage\":{\"@id\":\"https:\\\/\\\/oroverde.gob.ar\\\/portal\\\/ninos-y-ninas-de-la-colonia-municipal-de-oro-verde-rumbo-al-campamento-anual-en-cerrito\\\/#primaryimage\"},\"image\":{\"@id\":\"https:\\\/\\\/oroverde.gob.ar\\\/portal\\\/ninos-y-ninas-de-la-colonia-municipal-de-oro-verde-rumbo-al-campamento-anual-en-cerrito\\\/#primaryimage\"},\"thumbnailUrl\":\"https:\\\/\\\/oroverde.gob.ar\\\/portal\\\/wp-content\\\/uploads\\\/2026\\\/01\\\/DSC0559-scaled.jpg\",\"datePublished\":\"2026-01-12T14:55:51+00:00\",\"breadcrumb\":{\"@id\":\"https:\\\/\\\/oroverde.gob.ar\\\/portal\\\/ninos-y-ninas-de-la-colonia-municipal-de-oro-verde-rumbo-al-campamento-anual-en-cerrito\\\/#breadcrumb\"},\"inLanguage\":\"es\",\"potentialAction\":[{\"@type\":\"ReadAction\",\"target\":[\"https:\\\/\\\/oroverde.gob.ar\\\/portal\\\/ninos-y-ninas-de-la-colonia-municipal-de-oro-verde-rumbo-al-campamento-anual-en-cerrito\\\/\"]}]},{\"@type\":\"ImageObject\",\"inLanguage\":\"es\",\"@id\":\"https:\\\/\\\/oroverde.gob.ar\\\/portal\\\/ninos-y-ninas-de-la-colonia-municipal-de-oro-verde-rumbo-al-campamento-anual-en-cerrito\\\/#primaryimage\",\"url\":\"https:\\\/\\\/oroverde.gob.ar\\\/portal\\\/wp-content\\\/uploads\\\/2026\\\/01\\\/DSC0559-scaled.jpg\",\"contentUrl\":\"https:\\\/\\\/oroverde.gob.ar\\\/portal\\\/wp-content\\\/uploads\\\/2026\\\/01\\\/DSC0559-scaled.jpg\",\"width\":2560,\"height\":1708},{\"@type\":\"BreadcrumbList\",\"@id\":\"https:\\\/\\\/oroverde.gob.ar\\\/portal\\\/ninos-y-ninas-de-la-colonia-municipal-de-oro-verde-rumbo-al-campamento-anual-en-cerrito\\\/#breadcrumb\",\"itemListElement\":[{\"@type\":\"ListItem\",\"position\":1,\"name\":\"Portada\",\"item\":\"https:\\\/\\\/oroverde.gob.ar\\\/portal\\\/\"},{\"@type\":\"ListItem\",\"position\":2,\"name\":\"Ni\u00f1os y ni\u00f1as de la Colonia Municipal de Oro Verde rumbo al Campamento Anual en Cerrito\"}]},{\"@type\":\"WebSite\",\"@id\":\"https:\\\/\\\/oroverde.gob.ar\\\/portal\\\/#website\",\"url\":\"https:\\\/\\\/oroverde.gob.ar\\\/portal\\\/\",\"name\":\"Municipio de Oro Verde\",\"description\":\"Web Oficial\",\"publisher\":{\"@id\":\"https:\\\/\\\/oroverde.gob.ar\\\/portal\\\/#organization\"},\"potentialAction\":[{\"@type\":\"SearchAction\",\"target\":{\"@type\":\"EntryPoint\",\"urlTemplate\":\"https:\\\/\\\/oroverde.gob.ar\\\/portal\\\/?s={search_term_string}\"},\"query-input\":{\"@type\":\"PropertyValueSpecification\",\"valueRequired\":true,\"valueName\":\"search_term_string\"}}],\"inLanguage\":\"es\"},{\"@type\":\"Organization\",\"@id\":\"https:\\\/\\\/oroverde.gob.ar\\\/portal\\\/#organization\",\"name\":\"Municipio de Oro Verde\",\"url\":\"https:\\\/\\\/oroverde.gob.ar\\\/portal\\\/\",\"logo\":{\"@type\":\"ImageObject\",\"inLanguage\":\"es\",\"@id\":\"https:\\\/\\\/oroverde.gob.ar\\\/portal\\\/#\\\/schema\\\/logo\\\/image\\\/\",\"url\":\"https:\\\/\\\/oroverde.gob.ar\\\/portal\\\/wp-content\\\/uploads\\\/2024\\\/06\\\/cropped-cropped-logo-1.png\",\"contentUrl\":\"https:\\\/\\\/oroverde.gob.ar\\\/portal\\\/wp-content\\\/uploads\\\/2024\\\/06\\\/cropped-cropped-logo-1.png\",\"width\":1776,\"height\":738,\"caption\":\"Municipio de Oro Verde\"},\"image\":{\"@id\":\"https:\\\/\\\/oroverde.gob.ar\\\/portal\\\/#\\\/schema\\\/logo\\\/image\\\/\"}},{\"@type\":\"Person\",\"@id\":\"https:\\\/\\\/oroverde.gob.ar\\\/portal\\\/#\\\/schema\\\/person\\\/c0af151705bf0586409812aed3b3ff3f\",\"name\":\"Juan Kamlofsky\",\"image\":{\"@type\":\"ImageObject\",\"inLanguage\":\"es\",\"@id\":\"https:\\\/\\\/secure.gravatar.com\\\/avatar\\\/f7a75e6e3a0b3940cade9f67aa62f50782a9cf3974b0deedd0a07c2678e6ad29?s=96&d=mm&r=g\",\"url\":\"https:\\\/\\\/secure.gravatar.com\\\/avatar\\\/f7a75e6e3a0b3940cade9f67aa62f50782a9cf3974b0deedd0a07c2678e6ad29?s=96&d=mm&r=g\",\"contentUrl\":\"https:\\\/\\\/secure.gravatar.com\\\/avatar\\\/f7a75e6e3a0b3940cade9f67aa62f50782a9cf3974b0deedd0a07c2678e6ad29?s=96&d=mm&r=g\",\"caption\":\"Juan Kamlofsky\"},\"sameAs\":[\"https:\\\/\\\/oroverde.gob.ar\\\/portal\"],\"url\":\"https:\\\/\\\/oroverde.gob.ar\\\/portal\\\/author\\\/kamlofskyje\\\/\"}]}<\/script>\n<!-- \/ Yoast SEO plugin. -->","yoast_head_json":{"title":"Ni\u00f1os y ni\u00f1as de la Colonia Municipal de Oro Verde rumbo al Campamento Anual en Cerrito - Municipio de Oro Verde","robots":{"index":"index","follow":"follow","max-snippet":"max-snippet:-1","max-image-preview":"max-image-preview:large","max-video-preview":"max-video-preview:-1"},"canonical":"https:\/\/oroverde.gob.ar\/portal\/ninos-y-ninas-de-la-colonia-municipal-de-oro-verde-rumbo-al-campamento-anual-en-cerrito\/","og_locale":"es_ES","og_type":"article","og_title":"Ni\u00f1os y ni\u00f1as de la Colonia Municipal de Oro Verde rumbo al Campamento Anual en Cerrito - Municipio de Oro Verde","og_description":"M\u00e1s de 400 chicos y chicas asisten a la Escuela de Nataci\u00f3n y Vida en la Naturaleza La Escuela de Nataci\u00f3n y Vida en la Naturaleza funciona a pleno durante enero. Es gratuita, para ni\u00f1os y ni\u00f1as desde los 4 a 12 a\u00f1os &hellip;","og_url":"https:\/\/oroverde.gob.ar\/portal\/ninos-y-ninas-de-la-colonia-municipal-de-oro-verde-rumbo-al-campamento-anual-en-cerrito\/","og_site_name":"Municipio de Oro Verde","article_published_time":"2026-01-12T14:55:51+00:00","og_image":[{"width":2560,"height":1708,"url":"https:\/\/oroverde.gob.ar\/portal\/wp-content\/uploads\/2026\/01\/DSC0559-scaled.jpg","type":"image\/jpeg"}],"author":"Juan Kamlofsky","twitter_card":"summary_large_image","twitter_misc":{"Escrito por":"Juan Kamlofsky","Tiempo de lectura":"1 minuto"},"schema":{"@context":"https:\/\/schema.org","@graph":[{"@type":"Article","@id":"https:\/\/oroverde.gob.ar\/portal\/ninos-y-ninas-de-la-colonia-municipal-de-oro-verde-rumbo-al-campamento-anual-en-cerrito\/#article","isPartOf":{"@id":"https:\/\/oroverde.gob.ar\/portal\/ninos-y-ninas-de-la-colonia-municipal-de-oro-verde-rumbo-al-campamento-anual-en-cerrito\/"},"author":{"name":"Juan Kamlofsky","@id":"https:\/\/oroverde.gob.ar\/portal\/#\/schema\/person\/c0af151705bf0586409812aed3b3ff3f"},"headline":"Ni\u00f1os y ni\u00f1as de la Colonia Municipal de Oro Verde rumbo al Campamento Anual en Cerrito","datePublished":"2026-01-12T14:55:51+00:00","mainEntityOfPage":{"@id":"https:\/\/oroverde.gob.ar\/portal\/ninos-y-ninas-de-la-colonia-municipal-de-oro-verde-rumbo-al-campamento-anual-en-cerrito\/"},"wordCount":194,"publisher":{"@id":"https:\/\/oroverde.gob.ar\/portal\/#organization"},"image":{"@id":"https:\/\/oroverde.gob.ar\/portal\/ninos-y-ninas-de-la-colonia-municipal-de-oro-verde-rumbo-al-campamento-anual-en-cerrito\/#primaryimage"},"thumbnailUrl":"https:\/\/oroverde.gob.ar\/portal\/wp-content\/uploads\/2026\/01\/DSC0559-scaled.jpg","articleSection":["Deportes"],"inLanguage":"es"},{"@type":"WebPage","@id":"https:\/\/oroverde.gob.ar\/portal\/ninos-y-ninas-de-la-colonia-municipal-de-oro-verde-rumbo-al-campamento-anual-en-cerrito\/","url":"https:\/\/oroverde.gob.ar\/portal\/ninos-y-ninas-de-la-colonia-municipal-de-oro-verde-rumbo-al-campamento-anual-en-cerrito\/","name":"Ni\u00f1os y ni\u00f1as de la Colonia Municipal de Oro Verde rumbo al Campamento Anual en Cerrito - Municipio de Oro Verde","isPartOf":{"@id":"https:\/\/oroverde.gob.ar\/portal\/#website"},"primaryImageOfPage":{"@id":"https:\/\/oroverde.gob.ar\/portal\/ninos-y-ninas-de-la-colonia-municipal-de-oro-verde-rumbo-al-campamento-anual-en-cerrito\/#primaryimage"},"image":{"@id":"https:\/\/oroverde.gob.ar\/portal\/ninos-y-ninas-de-la-colonia-municipal-de-oro-verde-rumbo-al-campamento-anual-en-cerrito\/#primaryimage"},"thumbnailUrl":"https:\/\/oroverde.gob.ar\/portal\/wp-content\/uploads\/2026\/01\/DSC0559-scaled.jpg","datePublished":"2026-01-12T14:55:51+00:00","breadcrumb":{"@id":"https:\/\/oroverde.gob.ar\/portal\/ninos-y-ninas-de-la-colonia-municipal-de-oro-verde-rumbo-al-campamento-anual-en-cerrito\/#breadcrumb"},"inLanguage":"es","potentialAction":[{"@type":"ReadAction","target":["https:\/\/oroverde.gob.ar\/portal\/ninos-y-ninas-de-la-colonia-municipal-de-oro-verde-rumbo-al-campamento-anual-en-cerrito\/"]}]},{"@type":"ImageObject","inLanguage":"es","@id":"https:\/\/oroverde.gob.ar\/portal\/ninos-y-ninas-de-la-colonia-municipal-de-oro-verde-rumbo-al-campamento-anual-en-cerrito\/#primaryimage","url":"https:\/\/oroverde.gob.ar\/portal\/wp-content\/uploads\/2026\/01\/DSC0559-scaled.jpg","contentUrl":"https:\/\/oroverde.gob.ar\/portal\/wp-content\/uploads\/2026\/01\/DSC0559-scaled.jpg","width":2560,"height":1708},{"@type":"BreadcrumbList","@id":"https:\/\/oroverde.gob.ar\/portal\/ninos-y-ninas-de-la-colonia-municipal-de-oro-verde-rumbo-al-campamento-anual-en-cerrito\/#breadcrumb","itemListElement":[{"@type":"ListItem","position":1,"name":"Portada","item":"https:\/\/oroverde.gob.ar\/portal\/"},{"@type":"ListItem","position":2,"name":"Ni\u00f1os y ni\u00f1as de la Colonia Municipal de Oro Verde rumbo al Campamento Anual en Cerrito"}]},{"@type":"WebSite","@id":"https:\/\/oroverde.gob.ar\/portal\/#website","url":"https:\/\/oroverde.gob.ar\/portal\/","name":"Municipio de Oro Verde","description":"Web Oficial","publisher":{"@id":"https:\/\/oroverde.gob.ar\/portal\/#organization"},"potentialAction":[{"@type":"SearchAction","target":{"@type":"EntryPoint","urlTemplate":"https:\/\/oroverde.gob.ar\/portal\/?s={search_term_string}"},"query-input":{"@type":"PropertyValueSpecification","valueRequired":true,"valueName":"search_term_string"}}],"inLanguage":"es"},{"@type":"Organization","@id":"https:\/\/oroverde.gob.ar\/portal\/#organization","name":"Municipio de Oro Verde","url":"https:\/\/oroverde.gob.ar\/portal\/","logo":{"@type":"ImageObject","inLanguage":"es","@id":"https:\/\/oroverde.gob.ar\/portal\/#\/schema\/logo\/image\/","url":"https:\/\/oroverde.gob.ar\/portal\/wp-content\/uploads\/2024\/06\/cropped-cropped-logo-1.png","contentUrl":"https:\/\/oroverde.gob.ar\/portal\/wp-content\/uploads\/2024\/06\/cropped-cropped-logo-1.png","width":1776,"height":738,"caption":"Municipio de Oro Verde"},"image":{"@id":"https:\/\/oroverde.gob.ar\/portal\/#\/schema\/logo\/image\/"}},{"@type":"Person","@id":"https:\/\/oroverde.gob.ar\/portal\/#\/schema\/person\/c0af151705bf0586409812aed3b3ff3f","name":"Juan Kamlofsky","image":{"@type":"ImageObject","inLanguage":"es","@id":"https:\/\/secure.gravatar.com\/avatar\/f7a75e6e3a0b3940cade9f67aa62f50782a9cf3974b0deedd0a07c2678e6ad29?s=96&d=mm&r=g","url":"https:\/\/secure.gravatar.com\/avatar\/f7a75e6e3a0b3940cade9f67aa62f50782a9cf3974b0deedd0a07c2678e6ad29?s=96&d=mm&r=g","contentUrl":"https:\/\/secure.gravatar.com\/avatar\/f7a75e6e3a0b3940cade9f67aa62f50782a9cf3974b0deedd0a07c2678e6ad29?s=96&d=mm&r=g","caption":"Juan Kamlofsky"},"sameAs":["https:\/\/oroverde.gob.ar\/portal"],"url":"https:\/\/oroverde.gob.ar\/portal\/author\/kamlofskyje\/"}]}},"_links":{"self":[{"href":"https:\/\/oroverde.gob.ar\/portal\/wp-json\/wp\/v2\/posts\/7681","targetHints":{"allow":["GET"]}}],"collection":[{"href":"https:\/\/oroverde.gob.ar\/portal\/wp-json\/wp\/v2\/posts"}],"about":[{"href":"https:\/\/oroverde.gob.ar\/portal\/wp-json\/wp\/v2\/types\/post"}],"author":[{"embeddable":true,"href":"https:\/\/oroverde.gob.ar\/portal\/wp-json\/wp\/v2\/users\/1"}],"replies":[{"embeddable":true,"href":"https:\/\/oroverde.gob.ar\/portal\/wp-json\/wp\/v2\/comments?post=7681"}],"version-history":[{"count":1,"href":"https:\/\/oroverde.gob.ar\/portal\/wp-json\/wp\/v2\/posts\/7681\/revisions"}],"predecessor-version":[{"id":7683,"href":"https:\/\/oroverde.gob.ar\/portal\/wp-json\/wp\/v2\/posts\/7681\/revisions\/7683"}],"wp:featuredmedia":[{"embeddable":true,"href":"https:\/\/oroverde.gob.ar\/portal\/wp-json\/wp\/v2\/media\/7682"}],"wp:attachment":[{"href":"https:\/\/oroverde.gob.ar\/portal\/wp-json\/wp\/v2\/media?parent=7681"}],"wp:term":[{"taxonomy":"category","embeddable":true,"href":"https:\/\/oroverde.gob.ar\/portal\/wp-json\/wp\/v2\/categories?post=7681"},{"taxonomy":"post_tag","embeddable":true,"href":"https:\/\/oroverde.gob.ar\/portal\/wp-json\/wp\/v2\/tags?post=7681"}],"curies":[{"name":"wp","href":"https:\/\/api.w.org\/{rel}","templated":true}]}}