{"id":7710,"date":"2026-01-14T09:32:47","date_gmt":"2026-01-14T12:32:47","guid":{"rendered":"https:\/\/oroverde.gob.ar\/portal\/?p=7710"},"modified":"2026-01-14T09:32:47","modified_gmt":"2026-01-14T12:32:47","slug":"campamento-de-la-colonia-municipal-de-vacaciones","status":"publish","type":"post","link":"https:\/\/oroverde.gob.ar\/portal\/campamento-de-la-colonia-municipal-de-vacaciones\/","title":{"rendered":"Campamento de la Colonia Municipal de Vacaciones"},"content":{"rendered":"<div class=\"x14z9mp xat24cr x1lziwak x1vvkbs xtlvy1s x126k92a\">\n<div dir=\"auto\">Compartimos algunas im\u00e1genes del Campamento de la Colonia de Vacaciones Municipal \u201cEscuela de Nataci\u00f3n y Vida en la Naturaleza\u201d, que se llev\u00f3 a cabo desde el lunes hasta el martes 13 de enero en la ciudad de Cerrito.<\/div>\n<\/div>\n<div class=\"x14z9mp xat24cr x1lziwak x1vvkbs xtlvy1s x126k92a\">\n<div dir=\"auto\"><span class=\"html-span xexx8yu xyri2b x18d9i69 x1c1uobl x1hl2dhg x16tdsg8 x1vvkbs x3nfvp2 x1j61x8r x1fcty0u xdj266r xat24cr xm2jcoa x1mpyi22 xxymvpz xlup9mm x1kky2od\"><img decoding=\"async\" class=\"xz74otr x15mokao x1ga7v0g x16uus16 xbiv7yw lazyload\" data-src=\"https:\/\/static.xx.fbcdn.net\/images\/emoji.php\/v9\/t69\/1\/16\/1f3ca.png\" alt=\"\ud83c\udfca\" width=\"16\" height=\"16\" src=\"data:image\/svg+xml;base64,PHN2ZyB3aWR0aD0iMSIgaGVpZ2h0PSIxIiB4bWxucz0iaHR0cDovL3d3dy53My5vcmcvMjAwMC9zdmciPjwvc3ZnPg==\" style=\"--smush-placeholder-width: 16px; --smush-placeholder-aspect-ratio: 16\/16;\" \/><\/span> La actividad fue organizada por el \u00c1rea de Deportes, Recreaci\u00f3n y Turismo del Municipio, y cont\u00f3 con la participaci\u00f3n de 70 chicos y chicas de la colonia, quienes disfrutaron de jornadas de convivencia, juegos, actividades recreativas y contacto con la naturaleza, viviendo una experiencia muy positiva y enriquecedora.<\/div>\n<\/div>\n<div class=\"x14z9mp xat24cr x1lziwak x1vvkbs xtlvy1s x126k92a\">\n<div dir=\"auto\">El campamento se desarroll\u00f3 con el acompa\u00f1amiento y la colaboraci\u00f3n de los profesores de la colonia, cuyo compromiso y dedicaci\u00f3n fueron fundamentales para el desarrollo de cada actividad.<\/div>\n<\/div>\n<div class=\"x14z9mp xat24cr x1lziwak x1vvkbs xtlvy1s x126k92a\">\n<div dir=\"auto\"><span class=\"html-span xexx8yu xyri2b x18d9i69 x1c1uobl x1hl2dhg x16tdsg8 x1vvkbs x3nfvp2 x1j61x8r x1fcty0u xdj266r xat24cr xm2jcoa x1mpyi22 xxymvpz xlup9mm x1kky2od\"><img decoding=\"async\" class=\"xz74otr x15mokao x1ga7v0g x16uus16 xbiv7yw lazyload\" data-src=\"https:\/\/static.xx.fbcdn.net\/images\/emoji.php\/v9\/t6c\/1\/16\/1f4aa.png\" alt=\"\ud83d\udcaa\" width=\"16\" height=\"16\" src=\"data:image\/svg+xml;base64,PHN2ZyB3aWR0aD0iMSIgaGVpZ2h0PSIxIiB4bWxucz0iaHR0cDovL3d3dy53My5vcmcvMjAwMC9zdmciPjwvc3ZnPg==\" style=\"--smush-placeholder-width: 16px; --smush-placeholder-aspect-ratio: 16\/16;\" \/><\/span> Agradecemos especialmente a las familias por la confianza depositada, y destacamos la visita del intendente de la ciudad de Cerrito, Ulises Tomassi, quien comparti\u00f3 una charla con los chicos y el equipo docente, fortaleciendo los lazos entre ambas comunidades.<\/div>\n<\/div>\n<div class=\"x14z9mp xat24cr x1lziwak x1vvkbs xtlvy1s x126k92a\">\n<div dir=\"auto\">Desde el Municipio celebramos estas propuestas que promueven el disfrute, el aprendizaje y el bienestar de nuestros ni\u00f1os y ni\u00f1as.<\/div>\n<\/div>\n","protected":false},"excerpt":{"rendered":"<p>Compartimos algunas im\u00e1genes del Campamento de la Colonia de Vacaciones Municipal \u201cEscuela de Nataci\u00f3n y Vida en la Naturaleza\u201d, que se llev\u00f3 a cabo desde el lunes hasta el martes 13 de enero en la ciudad de Cerrito. La actividad fue organizada por &hellip;<\/p>\n","protected":false},"author":1,"featured_media":7711,"comment_status":"closed","ping_status":"closed","sticky":false,"template":"","format":"standard","meta":{"footnotes":""},"categories":[39],"tags":[],"class_list":["post-7710","post","type-post","status-publish","format-standard","has-post-thumbnail","hentry","category-cultura"],"yoast_head":"<!-- This site is optimized with the Yoast SEO plugin v27.5 - https:\/\/yoast.com\/product\/yoast-seo-wordpress\/ -->\n<title>Campamento de la Colonia Municipal de Vacaciones - Municipio de Oro Verde<\/title>\n<meta name=\"robots\" content=\"index, follow, max-snippet:-1, max-image-preview:large, max-video-preview:-1\" \/>\n<link rel=\"canonical\" href=\"https:\/\/oroverde.gob.ar\/portal\/campamento-de-la-colonia-municipal-de-vacaciones\/\" \/>\n<meta property=\"og:locale\" content=\"es_ES\" \/>\n<meta property=\"og:type\" content=\"article\" \/>\n<meta property=\"og:title\" content=\"Campamento de la Colonia Municipal de Vacaciones - Municipio de Oro Verde\" \/>\n<meta property=\"og:description\" content=\"Compartimos algunas im\u00e1genes del Campamento de la Colonia de Vacaciones Municipal \u201cEscuela de Nataci\u00f3n y Vida en la Naturaleza\u201d, que se llev\u00f3 a cabo desde el lunes hasta el martes 13 de enero en la ciudad de Cerrito. La actividad fue organizada por &hellip;\" \/>\n<meta property=\"og:url\" content=\"https:\/\/oroverde.gob.ar\/portal\/campamento-de-la-colonia-municipal-de-vacaciones\/\" \/>\n<meta property=\"og:site_name\" content=\"Municipio de Oro Verde\" \/>\n<meta property=\"article:published_time\" content=\"2026-01-14T12:32:47+00:00\" \/>\n<meta property=\"og:image\" content=\"https:\/\/oroverde.gob.ar\/portal\/wp-content\/uploads\/2026\/01\/615170457_1181215014183478_859607968450662000_n.jpg\" \/>\n\t<meta property=\"og:image:width\" content=\"1600\" \/>\n\t<meta property=\"og:image:height\" content=\"1200\" \/>\n\t<meta property=\"og:image:type\" content=\"image\/jpeg\" \/>\n<meta name=\"author\" content=\"Juan Kamlofsky\" \/>\n<meta name=\"twitter:card\" content=\"summary_large_image\" \/>\n<meta name=\"twitter:label1\" content=\"Escrito por\" \/>\n\t<meta name=\"twitter:data1\" content=\"Juan Kamlofsky\" \/>\n\t<meta name=\"twitter:label2\" content=\"Tiempo de lectura\" \/>\n\t<meta name=\"twitter:data2\" content=\"2 minutos\" \/>\n<script type=\"application\/ld+json\" class=\"yoast-schema-graph\">{\"@context\":\"https:\\\/\\\/schema.org\",\"@graph\":[{\"@type\":\"Article\",\"@id\":\"https:\\\/\\\/oroverde.gob.ar\\\/portal\\\/campamento-de-la-colonia-municipal-de-vacaciones\\\/#article\",\"isPartOf\":{\"@id\":\"https:\\\/\\\/oroverde.gob.ar\\\/portal\\\/campamento-de-la-colonia-municipal-de-vacaciones\\\/\"},\"author\":{\"name\":\"Juan Kamlofsky\",\"@id\":\"https:\\\/\\\/oroverde.gob.ar\\\/portal\\\/#\\\/schema\\\/person\\\/c0af151705bf0586409812aed3b3ff3f\"},\"headline\":\"Campamento de la Colonia Municipal de Vacaciones\",\"datePublished\":\"2026-01-14T12:32:47+00:00\",\"mainEntityOfPage\":{\"@id\":\"https:\\\/\\\/oroverde.gob.ar\\\/portal\\\/campamento-de-la-colonia-municipal-de-vacaciones\\\/\"},\"wordCount\":187,\"publisher\":{\"@id\":\"https:\\\/\\\/oroverde.gob.ar\\\/portal\\\/#organization\"},\"image\":{\"@id\":\"https:\\\/\\\/oroverde.gob.ar\\\/portal\\\/campamento-de-la-colonia-municipal-de-vacaciones\\\/#primaryimage\"},\"thumbnailUrl\":\"https:\\\/\\\/oroverde.gob.ar\\\/portal\\\/wp-content\\\/uploads\\\/2026\\\/01\\\/615170457_1181215014183478_859607968450662000_n.jpg\",\"articleSection\":[\"Cultura\"],\"inLanguage\":\"es\"},{\"@type\":\"WebPage\",\"@id\":\"https:\\\/\\\/oroverde.gob.ar\\\/portal\\\/campamento-de-la-colonia-municipal-de-vacaciones\\\/\",\"url\":\"https:\\\/\\\/oroverde.gob.ar\\\/portal\\\/campamento-de-la-colonia-municipal-de-vacaciones\\\/\",\"name\":\"Campamento de la Colonia Municipal de Vacaciones - Municipio de Oro Verde\",\"isPartOf\":{\"@id\":\"https:\\\/\\\/oroverde.gob.ar\\\/portal\\\/#website\"},\"primaryImageOfPage\":{\"@id\":\"https:\\\/\\\/oroverde.gob.ar\\\/portal\\\/campamento-de-la-colonia-municipal-de-vacaciones\\\/#primaryimage\"},\"image\":{\"@id\":\"https:\\\/\\\/oroverde.gob.ar\\\/portal\\\/campamento-de-la-colonia-municipal-de-vacaciones\\\/#primaryimage\"},\"thumbnailUrl\":\"https:\\\/\\\/oroverde.gob.ar\\\/portal\\\/wp-content\\\/uploads\\\/2026\\\/01\\\/615170457_1181215014183478_859607968450662000_n.jpg\",\"datePublished\":\"2026-01-14T12:32:47+00:00\",\"breadcrumb\":{\"@id\":\"https:\\\/\\\/oroverde.gob.ar\\\/portal\\\/campamento-de-la-colonia-municipal-de-vacaciones\\\/#breadcrumb\"},\"inLanguage\":\"es\",\"potentialAction\":[{\"@type\":\"ReadAction\",\"target\":[\"https:\\\/\\\/oroverde.gob.ar\\\/portal\\\/campamento-de-la-colonia-municipal-de-vacaciones\\\/\"]}]},{\"@type\":\"ImageObject\",\"inLanguage\":\"es\",\"@id\":\"https:\\\/\\\/oroverde.gob.ar\\\/portal\\\/campamento-de-la-colonia-municipal-de-vacaciones\\\/#primaryimage\",\"url\":\"https:\\\/\\\/oroverde.gob.ar\\\/portal\\\/wp-content\\\/uploads\\\/2026\\\/01\\\/615170457_1181215014183478_859607968450662000_n.jpg\",\"contentUrl\":\"https:\\\/\\\/oroverde.gob.ar\\\/portal\\\/wp-content\\\/uploads\\\/2026\\\/01\\\/615170457_1181215014183478_859607968450662000_n.jpg\",\"width\":1600,\"height\":1200},{\"@type\":\"BreadcrumbList\",\"@id\":\"https:\\\/\\\/oroverde.gob.ar\\\/portal\\\/campamento-de-la-colonia-municipal-de-vacaciones\\\/#breadcrumb\",\"itemListElement\":[{\"@type\":\"ListItem\",\"position\":1,\"name\":\"Portada\",\"item\":\"https:\\\/\\\/oroverde.gob.ar\\\/portal\\\/\"},{\"@type\":\"ListItem\",\"position\":2,\"name\":\"Campamento de la Colonia Municipal de Vacaciones\"}]},{\"@type\":\"WebSite\",\"@id\":\"https:\\\/\\\/oroverde.gob.ar\\\/portal\\\/#website\",\"url\":\"https:\\\/\\\/oroverde.gob.ar\\\/portal\\\/\",\"name\":\"Municipio de Oro Verde\",\"description\":\"Web Oficial\",\"publisher\":{\"@id\":\"https:\\\/\\\/oroverde.gob.ar\\\/portal\\\/#organization\"},\"potentialAction\":[{\"@type\":\"SearchAction\",\"target\":{\"@type\":\"EntryPoint\",\"urlTemplate\":\"https:\\\/\\\/oroverde.gob.ar\\\/portal\\\/?s={search_term_string}\"},\"query-input\":{\"@type\":\"PropertyValueSpecification\",\"valueRequired\":true,\"valueName\":\"search_term_string\"}}],\"inLanguage\":\"es\"},{\"@type\":\"Organization\",\"@id\":\"https:\\\/\\\/oroverde.gob.ar\\\/portal\\\/#organization\",\"name\":\"Municipio de Oro Verde\",\"url\":\"https:\\\/\\\/oroverde.gob.ar\\\/portal\\\/\",\"logo\":{\"@type\":\"ImageObject\",\"inLanguage\":\"es\",\"@id\":\"https:\\\/\\\/oroverde.gob.ar\\\/portal\\\/#\\\/schema\\\/logo\\\/image\\\/\",\"url\":\"https:\\\/\\\/oroverde.gob.ar\\\/portal\\\/wp-content\\\/uploads\\\/2024\\\/06\\\/cropped-cropped-logo-1.png\",\"contentUrl\":\"https:\\\/\\\/oroverde.gob.ar\\\/portal\\\/wp-content\\\/uploads\\\/2024\\\/06\\\/cropped-cropped-logo-1.png\",\"width\":1776,\"height\":738,\"caption\":\"Municipio de Oro Verde\"},\"image\":{\"@id\":\"https:\\\/\\\/oroverde.gob.ar\\\/portal\\\/#\\\/schema\\\/logo\\\/image\\\/\"}},{\"@type\":\"Person\",\"@id\":\"https:\\\/\\\/oroverde.gob.ar\\\/portal\\\/#\\\/schema\\\/person\\\/c0af151705bf0586409812aed3b3ff3f\",\"name\":\"Juan Kamlofsky\",\"image\":{\"@type\":\"ImageObject\",\"inLanguage\":\"es\",\"@id\":\"https:\\\/\\\/secure.gravatar.com\\\/avatar\\\/f7a75e6e3a0b3940cade9f67aa62f50782a9cf3974b0deedd0a07c2678e6ad29?s=96&d=mm&r=g\",\"url\":\"https:\\\/\\\/secure.gravatar.com\\\/avatar\\\/f7a75e6e3a0b3940cade9f67aa62f50782a9cf3974b0deedd0a07c2678e6ad29?s=96&d=mm&r=g\",\"contentUrl\":\"https:\\\/\\\/secure.gravatar.com\\\/avatar\\\/f7a75e6e3a0b3940cade9f67aa62f50782a9cf3974b0deedd0a07c2678e6ad29?s=96&d=mm&r=g\",\"caption\":\"Juan Kamlofsky\"},\"sameAs\":[\"https:\\\/\\\/oroverde.gob.ar\\\/portal\"],\"url\":\"https:\\\/\\\/oroverde.gob.ar\\\/portal\\\/author\\\/kamlofskyje\\\/\"}]}<\/script>\n<!-- \/ Yoast SEO plugin. -->","yoast_head_json":{"title":"Campamento de la Colonia Municipal de Vacaciones - Municipio de Oro Verde","robots":{"index":"index","follow":"follow","max-snippet":"max-snippet:-1","max-image-preview":"max-image-preview:large","max-video-preview":"max-video-preview:-1"},"canonical":"https:\/\/oroverde.gob.ar\/portal\/campamento-de-la-colonia-municipal-de-vacaciones\/","og_locale":"es_ES","og_type":"article","og_title":"Campamento de la Colonia Municipal de Vacaciones - Municipio de Oro Verde","og_description":"Compartimos algunas im\u00e1genes del Campamento de la Colonia de Vacaciones Municipal \u201cEscuela de Nataci\u00f3n y Vida en la Naturaleza\u201d, que se llev\u00f3 a cabo desde el lunes hasta el martes 13 de enero en la ciudad de Cerrito. La actividad fue organizada por &hellip;","og_url":"https:\/\/oroverde.gob.ar\/portal\/campamento-de-la-colonia-municipal-de-vacaciones\/","og_site_name":"Municipio de Oro Verde","article_published_time":"2026-01-14T12:32:47+00:00","og_image":[{"width":1600,"height":1200,"url":"https:\/\/oroverde.gob.ar\/portal\/wp-content\/uploads\/2026\/01\/615170457_1181215014183478_859607968450662000_n.jpg","type":"image\/jpeg"}],"author":"Juan Kamlofsky","twitter_card":"summary_large_image","twitter_misc":{"Escrito por":"Juan Kamlofsky","Tiempo de lectura":"2 minutos"},"schema":{"@context":"https:\/\/schema.org","@graph":[{"@type":"Article","@id":"https:\/\/oroverde.gob.ar\/portal\/campamento-de-la-colonia-municipal-de-vacaciones\/#article","isPartOf":{"@id":"https:\/\/oroverde.gob.ar\/portal\/campamento-de-la-colonia-municipal-de-vacaciones\/"},"author":{"name":"Juan Kamlofsky","@id":"https:\/\/oroverde.gob.ar\/portal\/#\/schema\/person\/c0af151705bf0586409812aed3b3ff3f"},"headline":"Campamento de la Colonia Municipal de Vacaciones","datePublished":"2026-01-14T12:32:47+00:00","mainEntityOfPage":{"@id":"https:\/\/oroverde.gob.ar\/portal\/campamento-de-la-colonia-municipal-de-vacaciones\/"},"wordCount":187,"publisher":{"@id":"https:\/\/oroverde.gob.ar\/portal\/#organization"},"image":{"@id":"https:\/\/oroverde.gob.ar\/portal\/campamento-de-la-colonia-municipal-de-vacaciones\/#primaryimage"},"thumbnailUrl":"https:\/\/oroverde.gob.ar\/portal\/wp-content\/uploads\/2026\/01\/615170457_1181215014183478_859607968450662000_n.jpg","articleSection":["Cultura"],"inLanguage":"es"},{"@type":"WebPage","@id":"https:\/\/oroverde.gob.ar\/portal\/campamento-de-la-colonia-municipal-de-vacaciones\/","url":"https:\/\/oroverde.gob.ar\/portal\/campamento-de-la-colonia-municipal-de-vacaciones\/","name":"Campamento de la Colonia Municipal de Vacaciones - Municipio de Oro Verde","isPartOf":{"@id":"https:\/\/oroverde.gob.ar\/portal\/#website"},"primaryImageOfPage":{"@id":"https:\/\/oroverde.gob.ar\/portal\/campamento-de-la-colonia-municipal-de-vacaciones\/#primaryimage"},"image":{"@id":"https:\/\/oroverde.gob.ar\/portal\/campamento-de-la-colonia-municipal-de-vacaciones\/#primaryimage"},"thumbnailUrl":"https:\/\/oroverde.gob.ar\/portal\/wp-content\/uploads\/2026\/01\/615170457_1181215014183478_859607968450662000_n.jpg","datePublished":"2026-01-14T12:32:47+00:00","breadcrumb":{"@id":"https:\/\/oroverde.gob.ar\/portal\/campamento-de-la-colonia-municipal-de-vacaciones\/#breadcrumb"},"inLanguage":"es","potentialAction":[{"@type":"ReadAction","target":["https:\/\/oroverde.gob.ar\/portal\/campamento-de-la-colonia-municipal-de-vacaciones\/"]}]},{"@type":"ImageObject","inLanguage":"es","@id":"https:\/\/oroverde.gob.ar\/portal\/campamento-de-la-colonia-municipal-de-vacaciones\/#primaryimage","url":"https:\/\/oroverde.gob.ar\/portal\/wp-content\/uploads\/2026\/01\/615170457_1181215014183478_859607968450662000_n.jpg","contentUrl":"https:\/\/oroverde.gob.ar\/portal\/wp-content\/uploads\/2026\/01\/615170457_1181215014183478_859607968450662000_n.jpg","width":1600,"height":1200},{"@type":"BreadcrumbList","@id":"https:\/\/oroverde.gob.ar\/portal\/campamento-de-la-colonia-municipal-de-vacaciones\/#breadcrumb","itemListElement":[{"@type":"ListItem","position":1,"name":"Portada","item":"https:\/\/oroverde.gob.ar\/portal\/"},{"@type":"ListItem","position":2,"name":"Campamento de la Colonia Municipal de Vacaciones"}]},{"@type":"WebSite","@id":"https:\/\/oroverde.gob.ar\/portal\/#website","url":"https:\/\/oroverde.gob.ar\/portal\/","name":"Municipio de Oro Verde","description":"Web Oficial","publisher":{"@id":"https:\/\/oroverde.gob.ar\/portal\/#organization"},"potentialAction":[{"@type":"SearchAction","target":{"@type":"EntryPoint","urlTemplate":"https:\/\/oroverde.gob.ar\/portal\/?s={search_term_string}"},"query-input":{"@type":"PropertyValueSpecification","valueRequired":true,"valueName":"search_term_string"}}],"inLanguage":"es"},{"@type":"Organization","@id":"https:\/\/oroverde.gob.ar\/portal\/#organization","name":"Municipio de Oro Verde","url":"https:\/\/oroverde.gob.ar\/portal\/","logo":{"@type":"ImageObject","inLanguage":"es","@id":"https:\/\/oroverde.gob.ar\/portal\/#\/schema\/logo\/image\/","url":"https:\/\/oroverde.gob.ar\/portal\/wp-content\/uploads\/2024\/06\/cropped-cropped-logo-1.png","contentUrl":"https:\/\/oroverde.gob.ar\/portal\/wp-content\/uploads\/2024\/06\/cropped-cropped-logo-1.png","width":1776,"height":738,"caption":"Municipio de Oro Verde"},"image":{"@id":"https:\/\/oroverde.gob.ar\/portal\/#\/schema\/logo\/image\/"}},{"@type":"Person","@id":"https:\/\/oroverde.gob.ar\/portal\/#\/schema\/person\/c0af151705bf0586409812aed3b3ff3f","name":"Juan Kamlofsky","image":{"@type":"ImageObject","inLanguage":"es","@id":"https:\/\/secure.gravatar.com\/avatar\/f7a75e6e3a0b3940cade9f67aa62f50782a9cf3974b0deedd0a07c2678e6ad29?s=96&d=mm&r=g","url":"https:\/\/secure.gravatar.com\/avatar\/f7a75e6e3a0b3940cade9f67aa62f50782a9cf3974b0deedd0a07c2678e6ad29?s=96&d=mm&r=g","contentUrl":"https:\/\/secure.gravatar.com\/avatar\/f7a75e6e3a0b3940cade9f67aa62f50782a9cf3974b0deedd0a07c2678e6ad29?s=96&d=mm&r=g","caption":"Juan Kamlofsky"},"sameAs":["https:\/\/oroverde.gob.ar\/portal"],"url":"https:\/\/oroverde.gob.ar\/portal\/author\/kamlofskyje\/"}]}},"_links":{"self":[{"href":"https:\/\/oroverde.gob.ar\/portal\/wp-json\/wp\/v2\/posts\/7710","targetHints":{"allow":["GET"]}}],"collection":[{"href":"https:\/\/oroverde.gob.ar\/portal\/wp-json\/wp\/v2\/posts"}],"about":[{"href":"https:\/\/oroverde.gob.ar\/portal\/wp-json\/wp\/v2\/types\/post"}],"author":[{"embeddable":true,"href":"https:\/\/oroverde.gob.ar\/portal\/wp-json\/wp\/v2\/users\/1"}],"replies":[{"embeddable":true,"href":"https:\/\/oroverde.gob.ar\/portal\/wp-json\/wp\/v2\/comments?post=7710"}],"version-history":[{"count":1,"href":"https:\/\/oroverde.gob.ar\/portal\/wp-json\/wp\/v2\/posts\/7710\/revisions"}],"predecessor-version":[{"id":7712,"href":"https:\/\/oroverde.gob.ar\/portal\/wp-json\/wp\/v2\/posts\/7710\/revisions\/7712"}],"wp:featuredmedia":[{"embeddable":true,"href":"https:\/\/oroverde.gob.ar\/portal\/wp-json\/wp\/v2\/media\/7711"}],"wp:attachment":[{"href":"https:\/\/oroverde.gob.ar\/portal\/wp-json\/wp\/v2\/media?parent=7710"}],"wp:term":[{"taxonomy":"category","embeddable":true,"href":"https:\/\/oroverde.gob.ar\/portal\/wp-json\/wp\/v2\/categories?post=7710"},{"taxonomy":"post_tag","embeddable":true,"href":"https:\/\/oroverde.gob.ar\/portal\/wp-json\/wp\/v2\/tags?post=7710"}],"curies":[{"name":"wp","href":"https:\/\/api.w.org\/{rel}","templated":true}]}}