{"id":7717,"date":"2026-01-14T09:44:51","date_gmt":"2026-01-14T12:44:51","guid":{"rendered":"https:\/\/oroverde.gob.ar\/portal\/?p=7717"},"modified":"2026-01-14T09:44:51","modified_gmt":"2026-01-14T12:44:51","slug":"oro-verde-canta-y-baila-tendra-un-certamen-de-danzas-2","status":"publish","type":"post","link":"https:\/\/oroverde.gob.ar\/portal\/oro-verde-canta-y-baila-tendra-un-certamen-de-danzas-2\/","title":{"rendered":"Oro Verde Canta y Baila tendr\u00e1 un certamen de Danzas"},"content":{"rendered":"<p>La nueva edici\u00f3n de la fiesta Oro Verde Canta y Baila tendr\u00e1 un Certamen de Danzas folkl\u00f3ricas en la que artistas de toda la provincia podr\u00e1n competir para ser parte del escenario principal y premios en efectivo. Ser\u00e1 el s\u00e1bado 7 de febrero desde las 19 hs. en el Polideportivo Municipal ubicado en Las Golondrinas y Los Sauces.<br \/>\n\ud83d\udc49\u00bfEn qu\u00e9 categor\u00edas podr\u00e1n inscribirse?<br \/>\n\u2747\ufe0f Conjunto de baile folkl\u00f3rico &#8211; tradicional o estilizado<br \/>\n\u2747\ufe0f Pareja de baile folkl\u00f3rico &#8211; tradicional o estilizado<br \/>\nC\u00f3mo se realiza la inscripci\u00f3n: por medio de un formulario digital en el siguiente enlace https:\/\/forms.gle\/poEvvTCKq2sDBrgy6 o escaneando el c\u00f3digo QR de la imagen que acompa\u00f1a esta publicaci\u00f3n.<\/p>\n<p>Premios:<br \/>\nLa organizaci\u00f3n premiar\u00e1 a las propuestas seleccionadas con una actuaci\u00f3n en el Festival Oro verde canta y baila- 2026, el 14 de febrero en horario a establecer por la producci\u00f3n del evento, adem\u00e1s se les otorgar\u00e1 un cachet econ\u00f3mico y certificado de participaci\u00f3n.<br \/>\n\ud83d\udcccPareja de danza folkl\u00f3rica\u2014$120.000<br \/>\n\ud83d\udcccConjunto de danza folkl\u00f3rica\u2014$250.000<\/p>\n<p>\ud83d\udce7 Por consultas: certamenoroverdecantaybaila@gmail.com<\/p>\n","protected":false},"excerpt":{"rendered":"<p>La nueva edici\u00f3n de la fiesta Oro Verde Canta y Baila tendr\u00e1 un Certamen de Danzas folkl\u00f3ricas en la que artistas de toda la provincia podr\u00e1n competir para ser parte del escenario principal y premios en efectivo. Ser\u00e1 el s\u00e1bado 7 de febrero &hellip;<\/p>\n","protected":false},"author":1,"featured_media":7718,"comment_status":"closed","ping_status":"closed","sticky":false,"template":"","format":"standard","meta":{"footnotes":""},"categories":[39],"tags":[],"class_list":["post-7717","post","type-post","status-publish","format-standard","has-post-thumbnail","hentry","category-cultura"],"yoast_head":"<!-- This site is optimized with the Yoast SEO plugin v27.5 - https:\/\/yoast.com\/product\/yoast-seo-wordpress\/ -->\n<title>Oro Verde Canta y Baila tendr\u00e1 un certamen de Danzas - Municipio de Oro Verde<\/title>\n<meta name=\"robots\" content=\"index, follow, max-snippet:-1, max-image-preview:large, max-video-preview:-1\" \/>\n<link rel=\"canonical\" href=\"https:\/\/oroverde.gob.ar\/portal\/oro-verde-canta-y-baila-tendra-un-certamen-de-danzas-2\/\" \/>\n<meta property=\"og:locale\" content=\"es_ES\" \/>\n<meta property=\"og:type\" content=\"article\" \/>\n<meta property=\"og:title\" content=\"Oro Verde Canta y Baila tendr\u00e1 un certamen de Danzas - Municipio de Oro Verde\" \/>\n<meta property=\"og:description\" content=\"La nueva edici\u00f3n de la fiesta Oro Verde Canta y Baila tendr\u00e1 un Certamen de Danzas folkl\u00f3ricas en la que artistas de toda la provincia podr\u00e1n competir para ser parte del escenario principal y premios en efectivo. Ser\u00e1 el s\u00e1bado 7 de febrero &hellip;\" \/>\n<meta property=\"og:url\" content=\"https:\/\/oroverde.gob.ar\/portal\/oro-verde-canta-y-baila-tendra-un-certamen-de-danzas-2\/\" \/>\n<meta property=\"og:site_name\" content=\"Municipio de Oro Verde\" \/>\n<meta property=\"article:published_time\" content=\"2026-01-14T12:44:51+00:00\" \/>\n<meta property=\"og:image\" content=\"https:\/\/oroverde.gob.ar\/portal\/wp-content\/uploads\/2026\/01\/oro-verde-canta-y-baila-2026.jpg\" \/>\n\t<meta property=\"og:image:width\" content=\"1080\" \/>\n\t<meta property=\"og:image:height\" content=\"1080\" \/>\n\t<meta property=\"og:image:type\" content=\"image\/jpeg\" \/>\n<meta name=\"author\" content=\"Juan Kamlofsky\" \/>\n<meta name=\"twitter:card\" content=\"summary_large_image\" \/>\n<meta name=\"twitter:label1\" content=\"Escrito por\" \/>\n\t<meta name=\"twitter:data1\" content=\"Juan Kamlofsky\" \/>\n\t<meta name=\"twitter:label2\" content=\"Tiempo de lectura\" \/>\n\t<meta name=\"twitter:data2\" content=\"1 minuto\" \/>\n<script type=\"application\/ld+json\" class=\"yoast-schema-graph\">{\"@context\":\"https:\\\/\\\/schema.org\",\"@graph\":[{\"@type\":\"Article\",\"@id\":\"https:\\\/\\\/oroverde.gob.ar\\\/portal\\\/oro-verde-canta-y-baila-tendra-un-certamen-de-danzas-2\\\/#article\",\"isPartOf\":{\"@id\":\"https:\\\/\\\/oroverde.gob.ar\\\/portal\\\/oro-verde-canta-y-baila-tendra-un-certamen-de-danzas-2\\\/\"},\"author\":{\"name\":\"Juan Kamlofsky\",\"@id\":\"https:\\\/\\\/oroverde.gob.ar\\\/portal\\\/#\\\/schema\\\/person\\\/c0af151705bf0586409812aed3b3ff3f\"},\"headline\":\"Oro Verde Canta y Baila tendr\u00e1 un certamen de Danzas\",\"datePublished\":\"2026-01-14T12:44:51+00:00\",\"mainEntityOfPage\":{\"@id\":\"https:\\\/\\\/oroverde.gob.ar\\\/portal\\\/oro-verde-canta-y-baila-tendra-un-certamen-de-danzas-2\\\/\"},\"wordCount\":195,\"publisher\":{\"@id\":\"https:\\\/\\\/oroverde.gob.ar\\\/portal\\\/#organization\"},\"image\":{\"@id\":\"https:\\\/\\\/oroverde.gob.ar\\\/portal\\\/oro-verde-canta-y-baila-tendra-un-certamen-de-danzas-2\\\/#primaryimage\"},\"thumbnailUrl\":\"https:\\\/\\\/oroverde.gob.ar\\\/portal\\\/wp-content\\\/uploads\\\/2026\\\/01\\\/oro-verde-canta-y-baila-2026.jpg\",\"articleSection\":[\"Cultura\"],\"inLanguage\":\"es\"},{\"@type\":\"WebPage\",\"@id\":\"https:\\\/\\\/oroverde.gob.ar\\\/portal\\\/oro-verde-canta-y-baila-tendra-un-certamen-de-danzas-2\\\/\",\"url\":\"https:\\\/\\\/oroverde.gob.ar\\\/portal\\\/oro-verde-canta-y-baila-tendra-un-certamen-de-danzas-2\\\/\",\"name\":\"Oro Verde Canta y Baila tendr\u00e1 un certamen de Danzas - Municipio de Oro Verde\",\"isPartOf\":{\"@id\":\"https:\\\/\\\/oroverde.gob.ar\\\/portal\\\/#website\"},\"primaryImageOfPage\":{\"@id\":\"https:\\\/\\\/oroverde.gob.ar\\\/portal\\\/oro-verde-canta-y-baila-tendra-un-certamen-de-danzas-2\\\/#primaryimage\"},\"image\":{\"@id\":\"https:\\\/\\\/oroverde.gob.ar\\\/portal\\\/oro-verde-canta-y-baila-tendra-un-certamen-de-danzas-2\\\/#primaryimage\"},\"thumbnailUrl\":\"https:\\\/\\\/oroverde.gob.ar\\\/portal\\\/wp-content\\\/uploads\\\/2026\\\/01\\\/oro-verde-canta-y-baila-2026.jpg\",\"datePublished\":\"2026-01-14T12:44:51+00:00\",\"breadcrumb\":{\"@id\":\"https:\\\/\\\/oroverde.gob.ar\\\/portal\\\/oro-verde-canta-y-baila-tendra-un-certamen-de-danzas-2\\\/#breadcrumb\"},\"inLanguage\":\"es\",\"potentialAction\":[{\"@type\":\"ReadAction\",\"target\":[\"https:\\\/\\\/oroverde.gob.ar\\\/portal\\\/oro-verde-canta-y-baila-tendra-un-certamen-de-danzas-2\\\/\"]}]},{\"@type\":\"ImageObject\",\"inLanguage\":\"es\",\"@id\":\"https:\\\/\\\/oroverde.gob.ar\\\/portal\\\/oro-verde-canta-y-baila-tendra-un-certamen-de-danzas-2\\\/#primaryimage\",\"url\":\"https:\\\/\\\/oroverde.gob.ar\\\/portal\\\/wp-content\\\/uploads\\\/2026\\\/01\\\/oro-verde-canta-y-baila-2026.jpg\",\"contentUrl\":\"https:\\\/\\\/oroverde.gob.ar\\\/portal\\\/wp-content\\\/uploads\\\/2026\\\/01\\\/oro-verde-canta-y-baila-2026.jpg\",\"width\":1080,\"height\":1080},{\"@type\":\"BreadcrumbList\",\"@id\":\"https:\\\/\\\/oroverde.gob.ar\\\/portal\\\/oro-verde-canta-y-baila-tendra-un-certamen-de-danzas-2\\\/#breadcrumb\",\"itemListElement\":[{\"@type\":\"ListItem\",\"position\":1,\"name\":\"Portada\",\"item\":\"https:\\\/\\\/oroverde.gob.ar\\\/portal\\\/\"},{\"@type\":\"ListItem\",\"position\":2,\"name\":\"Oro Verde Canta y Baila tendr\u00e1 un certamen de Danzas\"}]},{\"@type\":\"WebSite\",\"@id\":\"https:\\\/\\\/oroverde.gob.ar\\\/portal\\\/#website\",\"url\":\"https:\\\/\\\/oroverde.gob.ar\\\/portal\\\/\",\"name\":\"Municipio de Oro Verde\",\"description\":\"Web Oficial\",\"publisher\":{\"@id\":\"https:\\\/\\\/oroverde.gob.ar\\\/portal\\\/#organization\"},\"potentialAction\":[{\"@type\":\"SearchAction\",\"target\":{\"@type\":\"EntryPoint\",\"urlTemplate\":\"https:\\\/\\\/oroverde.gob.ar\\\/portal\\\/?s={search_term_string}\"},\"query-input\":{\"@type\":\"PropertyValueSpecification\",\"valueRequired\":true,\"valueName\":\"search_term_string\"}}],\"inLanguage\":\"es\"},{\"@type\":\"Organization\",\"@id\":\"https:\\\/\\\/oroverde.gob.ar\\\/portal\\\/#organization\",\"name\":\"Municipio de Oro Verde\",\"url\":\"https:\\\/\\\/oroverde.gob.ar\\\/portal\\\/\",\"logo\":{\"@type\":\"ImageObject\",\"inLanguage\":\"es\",\"@id\":\"https:\\\/\\\/oroverde.gob.ar\\\/portal\\\/#\\\/schema\\\/logo\\\/image\\\/\",\"url\":\"https:\\\/\\\/oroverde.gob.ar\\\/portal\\\/wp-content\\\/uploads\\\/2024\\\/06\\\/cropped-cropped-logo-1.png\",\"contentUrl\":\"https:\\\/\\\/oroverde.gob.ar\\\/portal\\\/wp-content\\\/uploads\\\/2024\\\/06\\\/cropped-cropped-logo-1.png\",\"width\":1776,\"height\":738,\"caption\":\"Municipio de Oro Verde\"},\"image\":{\"@id\":\"https:\\\/\\\/oroverde.gob.ar\\\/portal\\\/#\\\/schema\\\/logo\\\/image\\\/\"}},{\"@type\":\"Person\",\"@id\":\"https:\\\/\\\/oroverde.gob.ar\\\/portal\\\/#\\\/schema\\\/person\\\/c0af151705bf0586409812aed3b3ff3f\",\"name\":\"Juan Kamlofsky\",\"image\":{\"@type\":\"ImageObject\",\"inLanguage\":\"es\",\"@id\":\"https:\\\/\\\/secure.gravatar.com\\\/avatar\\\/f7a75e6e3a0b3940cade9f67aa62f50782a9cf3974b0deedd0a07c2678e6ad29?s=96&d=mm&r=g\",\"url\":\"https:\\\/\\\/secure.gravatar.com\\\/avatar\\\/f7a75e6e3a0b3940cade9f67aa62f50782a9cf3974b0deedd0a07c2678e6ad29?s=96&d=mm&r=g\",\"contentUrl\":\"https:\\\/\\\/secure.gravatar.com\\\/avatar\\\/f7a75e6e3a0b3940cade9f67aa62f50782a9cf3974b0deedd0a07c2678e6ad29?s=96&d=mm&r=g\",\"caption\":\"Juan Kamlofsky\"},\"sameAs\":[\"https:\\\/\\\/oroverde.gob.ar\\\/portal\"],\"url\":\"https:\\\/\\\/oroverde.gob.ar\\\/portal\\\/author\\\/kamlofskyje\\\/\"}]}<\/script>\n<!-- \/ Yoast SEO plugin. -->","yoast_head_json":{"title":"Oro Verde Canta y Baila tendr\u00e1 un certamen de Danzas - Municipio de Oro Verde","robots":{"index":"index","follow":"follow","max-snippet":"max-snippet:-1","max-image-preview":"max-image-preview:large","max-video-preview":"max-video-preview:-1"},"canonical":"https:\/\/oroverde.gob.ar\/portal\/oro-verde-canta-y-baila-tendra-un-certamen-de-danzas-2\/","og_locale":"es_ES","og_type":"article","og_title":"Oro Verde Canta y Baila tendr\u00e1 un certamen de Danzas - Municipio de Oro Verde","og_description":"La nueva edici\u00f3n de la fiesta Oro Verde Canta y Baila tendr\u00e1 un Certamen de Danzas folkl\u00f3ricas en la que artistas de toda la provincia podr\u00e1n competir para ser parte del escenario principal y premios en efectivo. Ser\u00e1 el s\u00e1bado 7 de febrero &hellip;","og_url":"https:\/\/oroverde.gob.ar\/portal\/oro-verde-canta-y-baila-tendra-un-certamen-de-danzas-2\/","og_site_name":"Municipio de Oro Verde","article_published_time":"2026-01-14T12:44:51+00:00","og_image":[{"width":1080,"height":1080,"url":"https:\/\/oroverde.gob.ar\/portal\/wp-content\/uploads\/2026\/01\/oro-verde-canta-y-baila-2026.jpg","type":"image\/jpeg"}],"author":"Juan Kamlofsky","twitter_card":"summary_large_image","twitter_misc":{"Escrito por":"Juan Kamlofsky","Tiempo de lectura":"1 minuto"},"schema":{"@context":"https:\/\/schema.org","@graph":[{"@type":"Article","@id":"https:\/\/oroverde.gob.ar\/portal\/oro-verde-canta-y-baila-tendra-un-certamen-de-danzas-2\/#article","isPartOf":{"@id":"https:\/\/oroverde.gob.ar\/portal\/oro-verde-canta-y-baila-tendra-un-certamen-de-danzas-2\/"},"author":{"name":"Juan Kamlofsky","@id":"https:\/\/oroverde.gob.ar\/portal\/#\/schema\/person\/c0af151705bf0586409812aed3b3ff3f"},"headline":"Oro Verde Canta y Baila tendr\u00e1 un certamen de Danzas","datePublished":"2026-01-14T12:44:51+00:00","mainEntityOfPage":{"@id":"https:\/\/oroverde.gob.ar\/portal\/oro-verde-canta-y-baila-tendra-un-certamen-de-danzas-2\/"},"wordCount":195,"publisher":{"@id":"https:\/\/oroverde.gob.ar\/portal\/#organization"},"image":{"@id":"https:\/\/oroverde.gob.ar\/portal\/oro-verde-canta-y-baila-tendra-un-certamen-de-danzas-2\/#primaryimage"},"thumbnailUrl":"https:\/\/oroverde.gob.ar\/portal\/wp-content\/uploads\/2026\/01\/oro-verde-canta-y-baila-2026.jpg","articleSection":["Cultura"],"inLanguage":"es"},{"@type":"WebPage","@id":"https:\/\/oroverde.gob.ar\/portal\/oro-verde-canta-y-baila-tendra-un-certamen-de-danzas-2\/","url":"https:\/\/oroverde.gob.ar\/portal\/oro-verde-canta-y-baila-tendra-un-certamen-de-danzas-2\/","name":"Oro Verde Canta y Baila tendr\u00e1 un certamen de Danzas - Municipio de Oro Verde","isPartOf":{"@id":"https:\/\/oroverde.gob.ar\/portal\/#website"},"primaryImageOfPage":{"@id":"https:\/\/oroverde.gob.ar\/portal\/oro-verde-canta-y-baila-tendra-un-certamen-de-danzas-2\/#primaryimage"},"image":{"@id":"https:\/\/oroverde.gob.ar\/portal\/oro-verde-canta-y-baila-tendra-un-certamen-de-danzas-2\/#primaryimage"},"thumbnailUrl":"https:\/\/oroverde.gob.ar\/portal\/wp-content\/uploads\/2026\/01\/oro-verde-canta-y-baila-2026.jpg","datePublished":"2026-01-14T12:44:51+00:00","breadcrumb":{"@id":"https:\/\/oroverde.gob.ar\/portal\/oro-verde-canta-y-baila-tendra-un-certamen-de-danzas-2\/#breadcrumb"},"inLanguage":"es","potentialAction":[{"@type":"ReadAction","target":["https:\/\/oroverde.gob.ar\/portal\/oro-verde-canta-y-baila-tendra-un-certamen-de-danzas-2\/"]}]},{"@type":"ImageObject","inLanguage":"es","@id":"https:\/\/oroverde.gob.ar\/portal\/oro-verde-canta-y-baila-tendra-un-certamen-de-danzas-2\/#primaryimage","url":"https:\/\/oroverde.gob.ar\/portal\/wp-content\/uploads\/2026\/01\/oro-verde-canta-y-baila-2026.jpg","contentUrl":"https:\/\/oroverde.gob.ar\/portal\/wp-content\/uploads\/2026\/01\/oro-verde-canta-y-baila-2026.jpg","width":1080,"height":1080},{"@type":"BreadcrumbList","@id":"https:\/\/oroverde.gob.ar\/portal\/oro-verde-canta-y-baila-tendra-un-certamen-de-danzas-2\/#breadcrumb","itemListElement":[{"@type":"ListItem","position":1,"name":"Portada","item":"https:\/\/oroverde.gob.ar\/portal\/"},{"@type":"ListItem","position":2,"name":"Oro Verde Canta y Baila tendr\u00e1 un certamen de Danzas"}]},{"@type":"WebSite","@id":"https:\/\/oroverde.gob.ar\/portal\/#website","url":"https:\/\/oroverde.gob.ar\/portal\/","name":"Municipio de Oro Verde","description":"Web Oficial","publisher":{"@id":"https:\/\/oroverde.gob.ar\/portal\/#organization"},"potentialAction":[{"@type":"SearchAction","target":{"@type":"EntryPoint","urlTemplate":"https:\/\/oroverde.gob.ar\/portal\/?s={search_term_string}"},"query-input":{"@type":"PropertyValueSpecification","valueRequired":true,"valueName":"search_term_string"}}],"inLanguage":"es"},{"@type":"Organization","@id":"https:\/\/oroverde.gob.ar\/portal\/#organization","name":"Municipio de Oro Verde","url":"https:\/\/oroverde.gob.ar\/portal\/","logo":{"@type":"ImageObject","inLanguage":"es","@id":"https:\/\/oroverde.gob.ar\/portal\/#\/schema\/logo\/image\/","url":"https:\/\/oroverde.gob.ar\/portal\/wp-content\/uploads\/2024\/06\/cropped-cropped-logo-1.png","contentUrl":"https:\/\/oroverde.gob.ar\/portal\/wp-content\/uploads\/2024\/06\/cropped-cropped-logo-1.png","width":1776,"height":738,"caption":"Municipio de Oro Verde"},"image":{"@id":"https:\/\/oroverde.gob.ar\/portal\/#\/schema\/logo\/image\/"}},{"@type":"Person","@id":"https:\/\/oroverde.gob.ar\/portal\/#\/schema\/person\/c0af151705bf0586409812aed3b3ff3f","name":"Juan Kamlofsky","image":{"@type":"ImageObject","inLanguage":"es","@id":"https:\/\/secure.gravatar.com\/avatar\/f7a75e6e3a0b3940cade9f67aa62f50782a9cf3974b0deedd0a07c2678e6ad29?s=96&d=mm&r=g","url":"https:\/\/secure.gravatar.com\/avatar\/f7a75e6e3a0b3940cade9f67aa62f50782a9cf3974b0deedd0a07c2678e6ad29?s=96&d=mm&r=g","contentUrl":"https:\/\/secure.gravatar.com\/avatar\/f7a75e6e3a0b3940cade9f67aa62f50782a9cf3974b0deedd0a07c2678e6ad29?s=96&d=mm&r=g","caption":"Juan Kamlofsky"},"sameAs":["https:\/\/oroverde.gob.ar\/portal"],"url":"https:\/\/oroverde.gob.ar\/portal\/author\/kamlofskyje\/"}]}},"_links":{"self":[{"href":"https:\/\/oroverde.gob.ar\/portal\/wp-json\/wp\/v2\/posts\/7717","targetHints":{"allow":["GET"]}}],"collection":[{"href":"https:\/\/oroverde.gob.ar\/portal\/wp-json\/wp\/v2\/posts"}],"about":[{"href":"https:\/\/oroverde.gob.ar\/portal\/wp-json\/wp\/v2\/types\/post"}],"author":[{"embeddable":true,"href":"https:\/\/oroverde.gob.ar\/portal\/wp-json\/wp\/v2\/users\/1"}],"replies":[{"embeddable":true,"href":"https:\/\/oroverde.gob.ar\/portal\/wp-json\/wp\/v2\/comments?post=7717"}],"version-history":[{"count":1,"href":"https:\/\/oroverde.gob.ar\/portal\/wp-json\/wp\/v2\/posts\/7717\/revisions"}],"predecessor-version":[{"id":7719,"href":"https:\/\/oroverde.gob.ar\/portal\/wp-json\/wp\/v2\/posts\/7717\/revisions\/7719"}],"wp:featuredmedia":[{"embeddable":true,"href":"https:\/\/oroverde.gob.ar\/portal\/wp-json\/wp\/v2\/media\/7718"}],"wp:attachment":[{"href":"https:\/\/oroverde.gob.ar\/portal\/wp-json\/wp\/v2\/media?parent=7717"}],"wp:term":[{"taxonomy":"category","embeddable":true,"href":"https:\/\/oroverde.gob.ar\/portal\/wp-json\/wp\/v2\/categories?post=7717"},{"taxonomy":"post_tag","embeddable":true,"href":"https:\/\/oroverde.gob.ar\/portal\/wp-json\/wp\/v2\/tags?post=7717"}],"curies":[{"name":"wp","href":"https:\/\/api.w.org\/{rel}","templated":true}]}}