{"id":7720,"date":"2026-01-14T11:35:24","date_gmt":"2026-01-14T14:35:24","guid":{"rendered":"https:\/\/oroverde.gob.ar\/portal\/?p=7720"},"modified":"2026-01-14T11:35:24","modified_gmt":"2026-01-14T14:35:24","slug":"arranca-el-taller-cocineritos","status":"publish","type":"post","link":"https:\/\/oroverde.gob.ar\/portal\/arranca-el-taller-cocineritos\/","title":{"rendered":"Arranca el Taller \u201cCocineritos\u201d"},"content":{"rendered":"<div class=\"x14z9mp xat24cr x1lziwak x1vvkbs xtlvy1s x126k92a\">\n<div dir=\"auto\">En el marco de las propuestas gratuitas de verano que lleva adelante el Municipio, habr\u00e1 un taller de \u201cCocineritos\u201d.<\/div>\n<\/div>\n<div class=\"x14z9mp xat24cr x1lziwak x1vvkbs xtlvy1s x126k92a\">\n<div dir=\"auto\"><span class=\"html-span xexx8yu xyri2b x18d9i69 x1c1uobl x1hl2dhg x16tdsg8 x1vvkbs x3nfvp2 x1j61x8r x1fcty0u xdj266r xat24cr xm2jcoa x1mpyi22 xxymvpz xlup9mm x1kky2od\"><img decoding=\"async\" class=\"xz74otr x15mokao x1ga7v0g x16uus16 xbiv7yw lazyload\" data-src=\"https:\/\/static.xx.fbcdn.net\/images\/emoji.php\/v9\/t2d\/1\/16\/1f4cd.png\" alt=\"\ud83d\udccd\" width=\"16\" height=\"16\" src=\"data:image\/svg+xml;base64,PHN2ZyB3aWR0aD0iMSIgaGVpZ2h0PSIxIiB4bWxucz0iaHR0cDovL3d3dy53My5vcmcvMjAwMC9zdmciPjwvc3ZnPg==\" style=\"--smush-placeholder-width: 16px; --smush-placeholder-aspect-ratio: 16\/16;\" \/><\/span> Ser\u00e1 en el Centro Integrador Comunitario (Av. Los Cha\u00f1ares 391) los martes y jueves de 18 a 20:15 hs. Inicia el 22 de enero.<\/div>\n<\/div>\n<div class=\"x14z9mp xat24cr x1lziwak x1vvkbs xtlvy1s x126k92a\">\n<div dir=\"auto\">All\u00ed, ni\u00f1os y ni\u00f1as (6 a 12 a\u00f1os) aprender\u00e1n a realizar distintas preparaciones promoviendo la creatividad y el trabajo en equipo.<\/div>\n<\/div>\n<div class=\"x14z9mp xat24cr x1lziwak x1vvkbs xtlvy1s x126k92a\">\n<div dir=\"auto\">Solo para residentes de la localidad.<\/div>\n<div dir=\"auto\"><span class=\"html-span xexx8yu xyri2b x18d9i69 x1c1uobl x1hl2dhg x16tdsg8 x1vvkbs x3nfvp2 x1j61x8r x1fcty0u xdj266r xat24cr xm2jcoa x1mpyi22 xxymvpz xlup9mm x1kky2od\"><img decoding=\"async\" class=\"xz74otr x15mokao x1ga7v0g x16uus16 xbiv7yw lazyload\" data-src=\"https:\/\/static.xx.fbcdn.net\/images\/emoji.php\/v9\/t51\/1\/16\/1f449.png\" alt=\"\ud83d\udc49\" width=\"16\" height=\"16\" src=\"data:image\/svg+xml;base64,PHN2ZyB3aWR0aD0iMSIgaGVpZ2h0PSIxIiB4bWxucz0iaHR0cDovL3d3dy53My5vcmcvMjAwMC9zdmciPjwvc3ZnPg==\" style=\"--smush-placeholder-width: 16px; --smush-placeholder-aspect-ratio: 16\/16;\" \/><\/span> Las inscripciones pueden realizarse a trav\u00e9s de este link: <span class=\"html-span xdj266r x14z9mp xat24cr x1lziwak xexx8yu xyri2b x18d9i69 x1c1uobl x1hl2dhg x16tdsg8 x1vvkbs\"><a class=\"x1i10hfl xjbqb8w x1ejq31n x18oe1m7 x1sy0etr xstzfhl x972fbf x10w94by x1qhh985 x14e42zd x9f619 x1ypdohk xt0psk2 x3ct3a4 xdj266r x14z9mp xat24cr x1lziwak xexx8yu xyri2b x18d9i69 x1c1uobl x16tdsg8 x1hl2dhg xggy1nq x1a2a7pz xkrqix3 x1sur9pj x1fey0fg x1s688f\" tabindex=\"0\" role=\"link\" href=\"https:\/\/l.facebook.com\/l.php?u=https%3A%2F%2Fforms.gle%2F6DHFkuf9fbKQzckk6%3Ffbclid%3DIwc3J0YwZhcHBfaWQPNTE0NzcxNTY5MjI4MDYxAAEezeMwYYj9IRo3w7iaqGF-vi1K8_QKOL72DpcEQsy1Mu0_4UDjFRlxBjMuA3E%26brid%3DiA12S5t4HUKiPC5lGqIzfA&amp;h=AT2KLHkU5dQDmkYQPoW51_PEEct6BBTjQ7cYCu0bJfTOa-bN_8nrIUeZQE7z9IYQUH4cHz7yUxUm4Q2SkuAIGPTxRovdp_uiF4YhByDKdkjL95KWMKv55SVgkstrM3xBf50mB175flFwr0w6&amp;__tn__=-UK-R&amp;c[0]=AT1yOt3xeBo-ELw3f6xquzRT_0Xks4CEO907qtaGh1S2o6kOiU9rfgSbfV9C8aadxNUg850bIdNMdrlJzaschHDagGf_XoHPLjdoHIX3j1jKnUn3JY18Nq4lQtqZ1I2PD-jwnPXAPIYEJo9iVzWA7dBXVssjiTPN761RWRVycw\" target=\"_blank\" rel=\"nofollow noopener noreferrer\">https:\/\/forms.gle\/6DHFkuf9fbKQzckk6<\/a><\/span><\/div>\n<\/div>\n","protected":false},"excerpt":{"rendered":"<p>En el marco de las propuestas gratuitas de verano que lleva adelante el Municipio, habr\u00e1 un taller de \u201cCocineritos\u201d. Ser\u00e1 en el Centro Integrador Comunitario (Av. Los Cha\u00f1ares 391) los martes y jueves de 18 a 20:15 hs. Inicia el 22 de enero. &hellip;<\/p>\n","protected":false},"author":1,"featured_media":7721,"comment_status":"closed","ping_status":"closed","sticky":false,"template":"","format":"standard","meta":{"footnotes":""},"categories":[39],"tags":[],"class_list":["post-7720","post","type-post","status-publish","format-standard","has-post-thumbnail","hentry","category-cultura"],"yoast_head":"<!-- This site is optimized with the Yoast SEO plugin v27.5 - https:\/\/yoast.com\/product\/yoast-seo-wordpress\/ -->\n<title>Arranca el Taller \u201cCocineritos\u201d - Municipio de Oro Verde<\/title>\n<meta name=\"robots\" content=\"index, follow, max-snippet:-1, max-image-preview:large, max-video-preview:-1\" \/>\n<link rel=\"canonical\" href=\"https:\/\/oroverde.gob.ar\/portal\/arranca-el-taller-cocineritos\/\" \/>\n<meta property=\"og:locale\" content=\"es_ES\" \/>\n<meta property=\"og:type\" content=\"article\" \/>\n<meta property=\"og:title\" content=\"Arranca el Taller \u201cCocineritos\u201d - Municipio de Oro Verde\" \/>\n<meta property=\"og:description\" content=\"En el marco de las propuestas gratuitas de verano que lleva adelante el Municipio, habr\u00e1 un taller de \u201cCocineritos\u201d. Ser\u00e1 en el Centro Integrador Comunitario (Av. Los Cha\u00f1ares 391) los martes y jueves de 18 a 20:15 hs. Inicia el 22 de enero. &hellip;\" \/>\n<meta property=\"og:url\" content=\"https:\/\/oroverde.gob.ar\/portal\/arranca-el-taller-cocineritos\/\" \/>\n<meta property=\"og:site_name\" content=\"Municipio de Oro Verde\" \/>\n<meta property=\"article:published_time\" content=\"2026-01-14T14:35:24+00:00\" \/>\n<meta property=\"og:image\" content=\"https:\/\/oroverde.gob.ar\/portal\/wp-content\/uploads\/2026\/01\/taller-de-cocinertos.png\" \/>\n\t<meta property=\"og:image:width\" content=\"1080\" \/>\n\t<meta property=\"og:image:height\" content=\"1080\" \/>\n\t<meta property=\"og:image:type\" content=\"image\/png\" \/>\n<meta name=\"author\" content=\"Juan Kamlofsky\" \/>\n<meta name=\"twitter:card\" content=\"summary_large_image\" \/>\n<meta name=\"twitter:label1\" content=\"Escrito por\" \/>\n\t<meta name=\"twitter:data1\" content=\"Juan Kamlofsky\" \/>\n\t<meta name=\"twitter:label2\" content=\"Tiempo de lectura\" \/>\n\t<meta name=\"twitter:data2\" content=\"1 minuto\" \/>\n<script type=\"application\/ld+json\" class=\"yoast-schema-graph\">{\"@context\":\"https:\\\/\\\/schema.org\",\"@graph\":[{\"@type\":\"Article\",\"@id\":\"https:\\\/\\\/oroverde.gob.ar\\\/portal\\\/arranca-el-taller-cocineritos\\\/#article\",\"isPartOf\":{\"@id\":\"https:\\\/\\\/oroverde.gob.ar\\\/portal\\\/arranca-el-taller-cocineritos\\\/\"},\"author\":{\"name\":\"Juan Kamlofsky\",\"@id\":\"https:\\\/\\\/oroverde.gob.ar\\\/portal\\\/#\\\/schema\\\/person\\\/c0af151705bf0586409812aed3b3ff3f\"},\"headline\":\"Arranca el Taller \u201cCocineritos\u201d\",\"datePublished\":\"2026-01-14T14:35:24+00:00\",\"mainEntityOfPage\":{\"@id\":\"https:\\\/\\\/oroverde.gob.ar\\\/portal\\\/arranca-el-taller-cocineritos\\\/\"},\"wordCount\":88,\"publisher\":{\"@id\":\"https:\\\/\\\/oroverde.gob.ar\\\/portal\\\/#organization\"},\"image\":{\"@id\":\"https:\\\/\\\/oroverde.gob.ar\\\/portal\\\/arranca-el-taller-cocineritos\\\/#primaryimage\"},\"thumbnailUrl\":\"https:\\\/\\\/oroverde.gob.ar\\\/portal\\\/wp-content\\\/uploads\\\/2026\\\/01\\\/taller-de-cocinertos.png\",\"articleSection\":[\"Cultura\"],\"inLanguage\":\"es\"},{\"@type\":\"WebPage\",\"@id\":\"https:\\\/\\\/oroverde.gob.ar\\\/portal\\\/arranca-el-taller-cocineritos\\\/\",\"url\":\"https:\\\/\\\/oroverde.gob.ar\\\/portal\\\/arranca-el-taller-cocineritos\\\/\",\"name\":\"Arranca el Taller \u201cCocineritos\u201d - Municipio de Oro Verde\",\"isPartOf\":{\"@id\":\"https:\\\/\\\/oroverde.gob.ar\\\/portal\\\/#website\"},\"primaryImageOfPage\":{\"@id\":\"https:\\\/\\\/oroverde.gob.ar\\\/portal\\\/arranca-el-taller-cocineritos\\\/#primaryimage\"},\"image\":{\"@id\":\"https:\\\/\\\/oroverde.gob.ar\\\/portal\\\/arranca-el-taller-cocineritos\\\/#primaryimage\"},\"thumbnailUrl\":\"https:\\\/\\\/oroverde.gob.ar\\\/portal\\\/wp-content\\\/uploads\\\/2026\\\/01\\\/taller-de-cocinertos.png\",\"datePublished\":\"2026-01-14T14:35:24+00:00\",\"breadcrumb\":{\"@id\":\"https:\\\/\\\/oroverde.gob.ar\\\/portal\\\/arranca-el-taller-cocineritos\\\/#breadcrumb\"},\"inLanguage\":\"es\",\"potentialAction\":[{\"@type\":\"ReadAction\",\"target\":[\"https:\\\/\\\/oroverde.gob.ar\\\/portal\\\/arranca-el-taller-cocineritos\\\/\"]}]},{\"@type\":\"ImageObject\",\"inLanguage\":\"es\",\"@id\":\"https:\\\/\\\/oroverde.gob.ar\\\/portal\\\/arranca-el-taller-cocineritos\\\/#primaryimage\",\"url\":\"https:\\\/\\\/oroverde.gob.ar\\\/portal\\\/wp-content\\\/uploads\\\/2026\\\/01\\\/taller-de-cocinertos.png\",\"contentUrl\":\"https:\\\/\\\/oroverde.gob.ar\\\/portal\\\/wp-content\\\/uploads\\\/2026\\\/01\\\/taller-de-cocinertos.png\",\"width\":1080,\"height\":1080},{\"@type\":\"BreadcrumbList\",\"@id\":\"https:\\\/\\\/oroverde.gob.ar\\\/portal\\\/arranca-el-taller-cocineritos\\\/#breadcrumb\",\"itemListElement\":[{\"@type\":\"ListItem\",\"position\":1,\"name\":\"Portada\",\"item\":\"https:\\\/\\\/oroverde.gob.ar\\\/portal\\\/\"},{\"@type\":\"ListItem\",\"position\":2,\"name\":\"Arranca el Taller \u201cCocineritos\u201d\"}]},{\"@type\":\"WebSite\",\"@id\":\"https:\\\/\\\/oroverde.gob.ar\\\/portal\\\/#website\",\"url\":\"https:\\\/\\\/oroverde.gob.ar\\\/portal\\\/\",\"name\":\"Municipio de Oro Verde\",\"description\":\"Web Oficial\",\"publisher\":{\"@id\":\"https:\\\/\\\/oroverde.gob.ar\\\/portal\\\/#organization\"},\"potentialAction\":[{\"@type\":\"SearchAction\",\"target\":{\"@type\":\"EntryPoint\",\"urlTemplate\":\"https:\\\/\\\/oroverde.gob.ar\\\/portal\\\/?s={search_term_string}\"},\"query-input\":{\"@type\":\"PropertyValueSpecification\",\"valueRequired\":true,\"valueName\":\"search_term_string\"}}],\"inLanguage\":\"es\"},{\"@type\":\"Organization\",\"@id\":\"https:\\\/\\\/oroverde.gob.ar\\\/portal\\\/#organization\",\"name\":\"Municipio de Oro Verde\",\"url\":\"https:\\\/\\\/oroverde.gob.ar\\\/portal\\\/\",\"logo\":{\"@type\":\"ImageObject\",\"inLanguage\":\"es\",\"@id\":\"https:\\\/\\\/oroverde.gob.ar\\\/portal\\\/#\\\/schema\\\/logo\\\/image\\\/\",\"url\":\"https:\\\/\\\/oroverde.gob.ar\\\/portal\\\/wp-content\\\/uploads\\\/2024\\\/06\\\/cropped-cropped-logo-1.png\",\"contentUrl\":\"https:\\\/\\\/oroverde.gob.ar\\\/portal\\\/wp-content\\\/uploads\\\/2024\\\/06\\\/cropped-cropped-logo-1.png\",\"width\":1776,\"height\":738,\"caption\":\"Municipio de Oro Verde\"},\"image\":{\"@id\":\"https:\\\/\\\/oroverde.gob.ar\\\/portal\\\/#\\\/schema\\\/logo\\\/image\\\/\"}},{\"@type\":\"Person\",\"@id\":\"https:\\\/\\\/oroverde.gob.ar\\\/portal\\\/#\\\/schema\\\/person\\\/c0af151705bf0586409812aed3b3ff3f\",\"name\":\"Juan Kamlofsky\",\"image\":{\"@type\":\"ImageObject\",\"inLanguage\":\"es\",\"@id\":\"https:\\\/\\\/secure.gravatar.com\\\/avatar\\\/f7a75e6e3a0b3940cade9f67aa62f50782a9cf3974b0deedd0a07c2678e6ad29?s=96&d=mm&r=g\",\"url\":\"https:\\\/\\\/secure.gravatar.com\\\/avatar\\\/f7a75e6e3a0b3940cade9f67aa62f50782a9cf3974b0deedd0a07c2678e6ad29?s=96&d=mm&r=g\",\"contentUrl\":\"https:\\\/\\\/secure.gravatar.com\\\/avatar\\\/f7a75e6e3a0b3940cade9f67aa62f50782a9cf3974b0deedd0a07c2678e6ad29?s=96&d=mm&r=g\",\"caption\":\"Juan Kamlofsky\"},\"sameAs\":[\"https:\\\/\\\/oroverde.gob.ar\\\/portal\"],\"url\":\"https:\\\/\\\/oroverde.gob.ar\\\/portal\\\/author\\\/kamlofskyje\\\/\"}]}<\/script>\n<!-- \/ Yoast SEO plugin. -->","yoast_head_json":{"title":"Arranca el Taller \u201cCocineritos\u201d - Municipio de Oro Verde","robots":{"index":"index","follow":"follow","max-snippet":"max-snippet:-1","max-image-preview":"max-image-preview:large","max-video-preview":"max-video-preview:-1"},"canonical":"https:\/\/oroverde.gob.ar\/portal\/arranca-el-taller-cocineritos\/","og_locale":"es_ES","og_type":"article","og_title":"Arranca el Taller \u201cCocineritos\u201d - Municipio de Oro Verde","og_description":"En el marco de las propuestas gratuitas de verano que lleva adelante el Municipio, habr\u00e1 un taller de \u201cCocineritos\u201d. Ser\u00e1 en el Centro Integrador Comunitario (Av. Los Cha\u00f1ares 391) los martes y jueves de 18 a 20:15 hs. Inicia el 22 de enero. &hellip;","og_url":"https:\/\/oroverde.gob.ar\/portal\/arranca-el-taller-cocineritos\/","og_site_name":"Municipio de Oro Verde","article_published_time":"2026-01-14T14:35:24+00:00","og_image":[{"width":1080,"height":1080,"url":"https:\/\/oroverde.gob.ar\/portal\/wp-content\/uploads\/2026\/01\/taller-de-cocinertos.png","type":"image\/png"}],"author":"Juan Kamlofsky","twitter_card":"summary_large_image","twitter_misc":{"Escrito por":"Juan Kamlofsky","Tiempo de lectura":"1 minuto"},"schema":{"@context":"https:\/\/schema.org","@graph":[{"@type":"Article","@id":"https:\/\/oroverde.gob.ar\/portal\/arranca-el-taller-cocineritos\/#article","isPartOf":{"@id":"https:\/\/oroverde.gob.ar\/portal\/arranca-el-taller-cocineritos\/"},"author":{"name":"Juan Kamlofsky","@id":"https:\/\/oroverde.gob.ar\/portal\/#\/schema\/person\/c0af151705bf0586409812aed3b3ff3f"},"headline":"Arranca el Taller \u201cCocineritos\u201d","datePublished":"2026-01-14T14:35:24+00:00","mainEntityOfPage":{"@id":"https:\/\/oroverde.gob.ar\/portal\/arranca-el-taller-cocineritos\/"},"wordCount":88,"publisher":{"@id":"https:\/\/oroverde.gob.ar\/portal\/#organization"},"image":{"@id":"https:\/\/oroverde.gob.ar\/portal\/arranca-el-taller-cocineritos\/#primaryimage"},"thumbnailUrl":"https:\/\/oroverde.gob.ar\/portal\/wp-content\/uploads\/2026\/01\/taller-de-cocinertos.png","articleSection":["Cultura"],"inLanguage":"es"},{"@type":"WebPage","@id":"https:\/\/oroverde.gob.ar\/portal\/arranca-el-taller-cocineritos\/","url":"https:\/\/oroverde.gob.ar\/portal\/arranca-el-taller-cocineritos\/","name":"Arranca el Taller \u201cCocineritos\u201d - Municipio de Oro Verde","isPartOf":{"@id":"https:\/\/oroverde.gob.ar\/portal\/#website"},"primaryImageOfPage":{"@id":"https:\/\/oroverde.gob.ar\/portal\/arranca-el-taller-cocineritos\/#primaryimage"},"image":{"@id":"https:\/\/oroverde.gob.ar\/portal\/arranca-el-taller-cocineritos\/#primaryimage"},"thumbnailUrl":"https:\/\/oroverde.gob.ar\/portal\/wp-content\/uploads\/2026\/01\/taller-de-cocinertos.png","datePublished":"2026-01-14T14:35:24+00:00","breadcrumb":{"@id":"https:\/\/oroverde.gob.ar\/portal\/arranca-el-taller-cocineritos\/#breadcrumb"},"inLanguage":"es","potentialAction":[{"@type":"ReadAction","target":["https:\/\/oroverde.gob.ar\/portal\/arranca-el-taller-cocineritos\/"]}]},{"@type":"ImageObject","inLanguage":"es","@id":"https:\/\/oroverde.gob.ar\/portal\/arranca-el-taller-cocineritos\/#primaryimage","url":"https:\/\/oroverde.gob.ar\/portal\/wp-content\/uploads\/2026\/01\/taller-de-cocinertos.png","contentUrl":"https:\/\/oroverde.gob.ar\/portal\/wp-content\/uploads\/2026\/01\/taller-de-cocinertos.png","width":1080,"height":1080},{"@type":"BreadcrumbList","@id":"https:\/\/oroverde.gob.ar\/portal\/arranca-el-taller-cocineritos\/#breadcrumb","itemListElement":[{"@type":"ListItem","position":1,"name":"Portada","item":"https:\/\/oroverde.gob.ar\/portal\/"},{"@type":"ListItem","position":2,"name":"Arranca el Taller \u201cCocineritos\u201d"}]},{"@type":"WebSite","@id":"https:\/\/oroverde.gob.ar\/portal\/#website","url":"https:\/\/oroverde.gob.ar\/portal\/","name":"Municipio de Oro Verde","description":"Web Oficial","publisher":{"@id":"https:\/\/oroverde.gob.ar\/portal\/#organization"},"potentialAction":[{"@type":"SearchAction","target":{"@type":"EntryPoint","urlTemplate":"https:\/\/oroverde.gob.ar\/portal\/?s={search_term_string}"},"query-input":{"@type":"PropertyValueSpecification","valueRequired":true,"valueName":"search_term_string"}}],"inLanguage":"es"},{"@type":"Organization","@id":"https:\/\/oroverde.gob.ar\/portal\/#organization","name":"Municipio de Oro Verde","url":"https:\/\/oroverde.gob.ar\/portal\/","logo":{"@type":"ImageObject","inLanguage":"es","@id":"https:\/\/oroverde.gob.ar\/portal\/#\/schema\/logo\/image\/","url":"https:\/\/oroverde.gob.ar\/portal\/wp-content\/uploads\/2024\/06\/cropped-cropped-logo-1.png","contentUrl":"https:\/\/oroverde.gob.ar\/portal\/wp-content\/uploads\/2024\/06\/cropped-cropped-logo-1.png","width":1776,"height":738,"caption":"Municipio de Oro Verde"},"image":{"@id":"https:\/\/oroverde.gob.ar\/portal\/#\/schema\/logo\/image\/"}},{"@type":"Person","@id":"https:\/\/oroverde.gob.ar\/portal\/#\/schema\/person\/c0af151705bf0586409812aed3b3ff3f","name":"Juan Kamlofsky","image":{"@type":"ImageObject","inLanguage":"es","@id":"https:\/\/secure.gravatar.com\/avatar\/f7a75e6e3a0b3940cade9f67aa62f50782a9cf3974b0deedd0a07c2678e6ad29?s=96&d=mm&r=g","url":"https:\/\/secure.gravatar.com\/avatar\/f7a75e6e3a0b3940cade9f67aa62f50782a9cf3974b0deedd0a07c2678e6ad29?s=96&d=mm&r=g","contentUrl":"https:\/\/secure.gravatar.com\/avatar\/f7a75e6e3a0b3940cade9f67aa62f50782a9cf3974b0deedd0a07c2678e6ad29?s=96&d=mm&r=g","caption":"Juan Kamlofsky"},"sameAs":["https:\/\/oroverde.gob.ar\/portal"],"url":"https:\/\/oroverde.gob.ar\/portal\/author\/kamlofskyje\/"}]}},"_links":{"self":[{"href":"https:\/\/oroverde.gob.ar\/portal\/wp-json\/wp\/v2\/posts\/7720","targetHints":{"allow":["GET"]}}],"collection":[{"href":"https:\/\/oroverde.gob.ar\/portal\/wp-json\/wp\/v2\/posts"}],"about":[{"href":"https:\/\/oroverde.gob.ar\/portal\/wp-json\/wp\/v2\/types\/post"}],"author":[{"embeddable":true,"href":"https:\/\/oroverde.gob.ar\/portal\/wp-json\/wp\/v2\/users\/1"}],"replies":[{"embeddable":true,"href":"https:\/\/oroverde.gob.ar\/portal\/wp-json\/wp\/v2\/comments?post=7720"}],"version-history":[{"count":1,"href":"https:\/\/oroverde.gob.ar\/portal\/wp-json\/wp\/v2\/posts\/7720\/revisions"}],"predecessor-version":[{"id":7722,"href":"https:\/\/oroverde.gob.ar\/portal\/wp-json\/wp\/v2\/posts\/7720\/revisions\/7722"}],"wp:featuredmedia":[{"embeddable":true,"href":"https:\/\/oroverde.gob.ar\/portal\/wp-json\/wp\/v2\/media\/7721"}],"wp:attachment":[{"href":"https:\/\/oroverde.gob.ar\/portal\/wp-json\/wp\/v2\/media?parent=7720"}],"wp:term":[{"taxonomy":"category","embeddable":true,"href":"https:\/\/oroverde.gob.ar\/portal\/wp-json\/wp\/v2\/categories?post=7720"},{"taxonomy":"post_tag","embeddable":true,"href":"https:\/\/oroverde.gob.ar\/portal\/wp-json\/wp\/v2\/tags?post=7720"}],"curies":[{"name":"wp","href":"https:\/\/api.w.org\/{rel}","templated":true}]}}