{"id":7760,"date":"2026-01-19T12:59:57","date_gmt":"2026-01-19T15:59:57","guid":{"rendered":"https:\/\/oroverde.gob.ar\/portal\/?p=7760"},"modified":"2026-01-19T12:59:57","modified_gmt":"2026-01-19T15:59:57","slug":"certamen-de-danzas-folcloricas-de-oro-verde-canta-y-baila-presentacion-del-jurado","status":"publish","type":"post","link":"https:\/\/oroverde.gob.ar\/portal\/certamen-de-danzas-folcloricas-de-oro-verde-canta-y-baila-presentacion-del-jurado\/","title":{"rendered":"Certamen de Danzas Folcl\u00f3ricas de Oro Verde Canta y baila: presentaci\u00f3n del jurado"},"content":{"rendered":"<div class=\"xdj266r x14z9mp xat24cr x1lziwak x1vvkbs x126k92a\">\n<div dir=\"auto\">La edici\u00f3n 2026 de la fiesta Oro Verde Canta y Baila tendr\u00e1 un Certamen de Danzas folkl\u00f3ricas en la que artistas de toda la provincia podr\u00e1n competir para ser parte del escenario principal y premios en efectivo.<\/div>\n<\/div>\n<div class=\"x14z9mp xat24cr x1lziwak x1vvkbs xtlvy1s x126k92a\">\n<div dir=\"auto\">La cita es el 7 de febrero desde las 19 hs. en el Polideportivo Municipal ubicado en Las Golondrinas y Los Sauces.<\/div>\n<\/div>\n<div class=\"x14z9mp xat24cr x1lziwak x1vvkbs xtlvy1s x126k92a\">\n<div dir=\"auto\">Un destacado jurado ser\u00e1 el encargado de elegir a los bailarines y bailarinas premiados en dos categor\u00edas: conjunto de baile folkl\u00f3rico &#8211; tradicional o estilizado y pareja de baile folkl\u00f3rico &#8211; tradicional o estilizado. Los presentamos.<\/div>\n<\/div>\n<div class=\"x14z9mp xat24cr x1lziwak x1vvkbs xtlvy1s x126k92a\">\n<div dir=\"auto\">Romina C\u00e1ceres<\/div>\n<div dir=\"auto\">T\u00e9cnica en Danzas Tradicionales Argentinas. Ganadora Pareja de baile y conjunto Laborde 2016, Pareja nacional y del Mercosur de Chamam\u00e9 2016, Pareja tradicional Cosqu\u00edn 2017, Pareja nacional de baile litorale\u00f1o 2018. Jurado t\u00e9cnico en cert\u00e1menes Pre Laborde, Pre Cosqu\u00edn entre otros a nivel nacional.<\/div>\n<\/div>\n<div class=\"x14z9mp xat24cr x1lziwak x1vvkbs xtlvy1s x126k92a\">\n<div dir=\"auto\">Soledad Ram\u00edrez<\/div>\n<div dir=\"auto\">Lic. En folklore de la Universidad Nacional de las Artes, gestora cultural, docente, core\u00f3grafa y bailarina. Con experiencia en compa\u00f1\u00edas de Buenos Aires y Entre R\u00edos.<\/div>\n<div dir=\"auto\">Campeona Nacional de baile Litorale\u00f1o, Gessler 2025 , de Rasguido doble, San Carlos 2025. Representante de la Provincia de Entre R\u00edos en el Festival Nacional de Malambo, Laborde 2026- pareja de danza.<\/div>\n<\/div>\n<div class=\"x14z9mp xat24cr x1lziwak x1vvkbs xtlvy1s x126k92a\">\n<div dir=\"auto\">Rodrigo Penco<\/div>\n<div dir=\"auto\">Profesor de Danzas Folkl\u00f3ricas IDAF (Desde el 2005). Secretario de Extensi\u00f3n y Cultura FCA UNER (Desde el 2018). Coordinador del Taller de Folklore de la FCA UNER (Desde 2017) y secretario de extensi\u00f3n de esa casa de altos estudios.<\/div>\n<\/div>\n<div class=\"x14z9mp xat24cr x1lziwak x1vvkbs xtlvy1s x126k92a\">\n<div dir=\"auto\"><span class=\"html-span xexx8yu xyri2b x18d9i69 x1c1uobl x1hl2dhg x16tdsg8 x1vvkbs x3nfvp2 x1j61x8r x1fcty0u xdj266r xat24cr xm2jcoa x1mpyi22 xxymvpz xlup9mm x1kky2od\"><img decoding=\"async\" class=\"xz74otr x15mokao x1ga7v0g x16uus16 xbiv7yw lazyload\" data-src=\"https:\/\/static.xx.fbcdn.net\/images\/emoji.php\/v9\/t8e\/1\/16\/2139.png\" alt=\"\u2139\ufe0f\" width=\"16\" height=\"16\" src=\"data:image\/svg+xml;base64,PHN2ZyB3aWR0aD0iMSIgaGVpZ2h0PSIxIiB4bWxucz0iaHR0cDovL3d3dy53My5vcmcvMjAwMC9zdmciPjwvc3ZnPg==\" style=\"--smush-placeholder-width: 16px; --smush-placeholder-aspect-ratio: 16\/16;\" \/><\/span> Inscripci\u00f3n al concurso: por medio de un formulario digital en el siguiente enlace <span class=\"html-span xdj266r x14z9mp xat24cr x1lziwak xexx8yu xyri2b x18d9i69 x1c1uobl x1hl2dhg x16tdsg8 x1vvkbs\"><a class=\"x1i10hfl xjbqb8w x1ejq31n x18oe1m7 x1sy0etr xstzfhl x972fbf x10w94by x1qhh985 x14e42zd x9f619 x1ypdohk xt0psk2 x3ct3a4 xdj266r x14z9mp xat24cr x1lziwak xexx8yu xyri2b x18d9i69 x1c1uobl x16tdsg8 x1hl2dhg xggy1nq x1a2a7pz xkrqix3 x1sur9pj x1fey0fg x1s688f\" tabindex=\"0\" role=\"link\" href=\"https:\/\/forms.gle\/poEvvTCKq2sDBrgy6?fbclid=IwZXh0bgNhZW0CMTAAYnJpZBExdmM1b3BzQ2xiWVpwMndWVXNydGMGYXBwX2lkEDIyMjAzOTE3ODgyMDA4OTIAAR7gEi1zpKPyzp3S-qfltjsX-lf8QYLDOp3d6iounSzDLnXBUzew5L48PVsqng_aem_WgjlVR0gtdWJjuz1fKKJTQ\" target=\"_blank\" rel=\"nofollow noopener noreferrer\">https:\/\/forms.gle\/poEvvTCKq2sDBrgy6<\/a><\/span><\/div>\n<div dir=\"auto\">Premio:<\/div>\n<div dir=\"auto\"><span class=\"html-span xexx8yu xyri2b x18d9i69 x1c1uobl x1hl2dhg x16tdsg8 x1vvkbs x3nfvp2 x1j61x8r x1fcty0u xdj266r xat24cr xm2jcoa x1mpyi22 xxymvpz xlup9mm x1kky2od\"><img decoding=\"async\" class=\"xz74otr x15mokao x1ga7v0g x16uus16 xbiv7yw lazyload\" data-src=\"https:\/\/static.xx.fbcdn.net\/images\/emoji.php\/v9\/tac\/1\/16\/1f4cc.png\" alt=\"\ud83d\udccc\" width=\"16\" height=\"16\" src=\"data:image\/svg+xml;base64,PHN2ZyB3aWR0aD0iMSIgaGVpZ2h0PSIxIiB4bWxucz0iaHR0cDovL3d3dy53My5vcmcvMjAwMC9zdmciPjwvc3ZnPg==\" style=\"--smush-placeholder-width: 16px; --smush-placeholder-aspect-ratio: 16\/16;\" \/><\/span>Presentaci\u00f3n en el Festival Oro verde canta y baila- 2026, el 14 de febrero<\/div>\n<div dir=\"auto\"><span class=\"html-span xexx8yu xyri2b x18d9i69 x1c1uobl x1hl2dhg x16tdsg8 x1vvkbs x3nfvp2 x1j61x8r x1fcty0u xdj266r xat24cr xm2jcoa x1mpyi22 xxymvpz xlup9mm x1kky2od\"><img decoding=\"async\" class=\"xz74otr x15mokao x1ga7v0g x16uus16 xbiv7yw lazyload\" data-src=\"https:\/\/static.xx.fbcdn.net\/images\/emoji.php\/v9\/tac\/1\/16\/1f4cc.png\" alt=\"\ud83d\udccc\" width=\"16\" height=\"16\" src=\"data:image\/svg+xml;base64,PHN2ZyB3aWR0aD0iMSIgaGVpZ2h0PSIxIiB4bWxucz0iaHR0cDovL3d3dy53My5vcmcvMjAwMC9zdmciPjwvc3ZnPg==\" style=\"--smush-placeholder-width: 16px; --smush-placeholder-aspect-ratio: 16\/16;\" \/><\/span>Pareja de danza folkl\u00f3rica\u2014$120.000<\/div>\n<div dir=\"auto\"><span class=\"html-span xexx8yu xyri2b x18d9i69 x1c1uobl x1hl2dhg x16tdsg8 x1vvkbs x3nfvp2 x1j61x8r x1fcty0u xdj266r xat24cr xm2jcoa x1mpyi22 xxymvpz xlup9mm x1kky2od\"><img decoding=\"async\" class=\"xz74otr x15mokao x1ga7v0g x16uus16 xbiv7yw lazyload\" data-src=\"https:\/\/static.xx.fbcdn.net\/images\/emoji.php\/v9\/tac\/1\/16\/1f4cc.png\" alt=\"\ud83d\udccc\" width=\"16\" height=\"16\" src=\"data:image\/svg+xml;base64,PHN2ZyB3aWR0aD0iMSIgaGVpZ2h0PSIxIiB4bWxucz0iaHR0cDovL3d3dy53My5vcmcvMjAwMC9zdmciPjwvc3ZnPg==\" style=\"--smush-placeholder-width: 16px; --smush-placeholder-aspect-ratio: 16\/16;\" \/><\/span>Conjunto de danza folkl\u00f3rica\u2014$250.000<\/div>\n<div dir=\"auto\"><\/div>\n<\/div>\n<div class=\"x14z9mp xat24cr x1lziwak x1vvkbs xtlvy1s x126k92a\">\n<div dir=\"auto\">Por consultas: certamenoroverdecantaybaila@gmail.com<\/div>\n<\/div>\n","protected":false},"excerpt":{"rendered":"<p>La edici\u00f3n 2026 de la fiesta Oro Verde Canta y Baila tendr\u00e1 un Certamen de Danzas folkl\u00f3ricas en la que artistas de toda la provincia podr\u00e1n competir para ser parte del escenario principal y premios en efectivo. La cita es el 7 de &hellip;<\/p>\n","protected":false},"author":3,"featured_media":7754,"comment_status":"closed","ping_status":"closed","sticky":false,"template":"","format":"standard","meta":{"footnotes":""},"categories":[1],"tags":[],"class_list":["post-7760","post","type-post","status-publish","format-standard","has-post-thumbnail","hentry","category-municipio"],"yoast_head":"<!-- This site is optimized with the Yoast SEO plugin v27.5 - https:\/\/yoast.com\/product\/yoast-seo-wordpress\/ -->\n<title>Certamen de Danzas Folcl\u00f3ricas de Oro Verde Canta y baila: presentaci\u00f3n del jurado - Municipio de Oro Verde<\/title>\n<meta name=\"robots\" content=\"index, follow, max-snippet:-1, max-image-preview:large, max-video-preview:-1\" \/>\n<link rel=\"canonical\" href=\"https:\/\/oroverde.gob.ar\/portal\/certamen-de-danzas-folcloricas-de-oro-verde-canta-y-baila-presentacion-del-jurado\/\" \/>\n<meta property=\"og:locale\" content=\"es_ES\" \/>\n<meta property=\"og:type\" content=\"article\" \/>\n<meta property=\"og:title\" content=\"Certamen de Danzas Folcl\u00f3ricas de Oro Verde Canta y baila: presentaci\u00f3n del jurado - Municipio de Oro Verde\" \/>\n<meta property=\"og:description\" content=\"La edici\u00f3n 2026 de la fiesta Oro Verde Canta y Baila tendr\u00e1 un Certamen de Danzas folkl\u00f3ricas en la que artistas de toda la provincia podr\u00e1n competir para ser parte del escenario principal y premios en efectivo. La cita es el 7 de &hellip;\" \/>\n<meta property=\"og:url\" content=\"https:\/\/oroverde.gob.ar\/portal\/certamen-de-danzas-folcloricas-de-oro-verde-canta-y-baila-presentacion-del-jurado\/\" \/>\n<meta property=\"og:site_name\" content=\"Municipio de Oro Verde\" \/>\n<meta property=\"article:published_time\" content=\"2026-01-19T15:59:57+00:00\" \/>\n<meta property=\"og:image\" content=\"https:\/\/oroverde.gob.ar\/portal\/wp-content\/uploads\/2026\/01\/oro-verde-canta-y-bailajpg.webp\" \/>\n\t<meta property=\"og:image:width\" content=\"1200\" \/>\n\t<meta property=\"og:image:height\" content=\"675\" \/>\n\t<meta property=\"og:image:type\" content=\"image\/webp\" \/>\n<meta name=\"author\" content=\"Soledad\" \/>\n<meta name=\"twitter:card\" content=\"summary_large_image\" \/>\n<meta name=\"twitter:label1\" content=\"Escrito por\" \/>\n\t<meta name=\"twitter:data1\" content=\"Soledad\" \/>\n\t<meta name=\"twitter:label2\" content=\"Tiempo de lectura\" \/>\n\t<meta name=\"twitter:data2\" content=\"3 minutos\" \/>\n<script type=\"application\/ld+json\" class=\"yoast-schema-graph\">{\"@context\":\"https:\\\/\\\/schema.org\",\"@graph\":[{\"@type\":\"Article\",\"@id\":\"https:\\\/\\\/oroverde.gob.ar\\\/portal\\\/certamen-de-danzas-folcloricas-de-oro-verde-canta-y-baila-presentacion-del-jurado\\\/#article\",\"isPartOf\":{\"@id\":\"https:\\\/\\\/oroverde.gob.ar\\\/portal\\\/certamen-de-danzas-folcloricas-de-oro-verde-canta-y-baila-presentacion-del-jurado\\\/\"},\"author\":{\"name\":\"Soledad\",\"@id\":\"https:\\\/\\\/oroverde.gob.ar\\\/portal\\\/#\\\/schema\\\/person\\\/b975e0cbcd43b7dcf9c64511ec84f10f\"},\"headline\":\"Certamen de Danzas Folcl\u00f3ricas de Oro Verde Canta y baila: presentaci\u00f3n del jurado\",\"datePublished\":\"2026-01-19T15:59:57+00:00\",\"mainEntityOfPage\":{\"@id\":\"https:\\\/\\\/oroverde.gob.ar\\\/portal\\\/certamen-de-danzas-folcloricas-de-oro-verde-canta-y-baila-presentacion-del-jurado\\\/\"},\"wordCount\":314,\"publisher\":{\"@id\":\"https:\\\/\\\/oroverde.gob.ar\\\/portal\\\/#organization\"},\"image\":{\"@id\":\"https:\\\/\\\/oroverde.gob.ar\\\/portal\\\/certamen-de-danzas-folcloricas-de-oro-verde-canta-y-baila-presentacion-del-jurado\\\/#primaryimage\"},\"thumbnailUrl\":\"https:\\\/\\\/oroverde.gob.ar\\\/portal\\\/wp-content\\\/uploads\\\/2026\\\/01\\\/oro-verde-canta-y-bailajpg.webp\",\"articleSection\":[\"Municipio\"],\"inLanguage\":\"es\"},{\"@type\":\"WebPage\",\"@id\":\"https:\\\/\\\/oroverde.gob.ar\\\/portal\\\/certamen-de-danzas-folcloricas-de-oro-verde-canta-y-baila-presentacion-del-jurado\\\/\",\"url\":\"https:\\\/\\\/oroverde.gob.ar\\\/portal\\\/certamen-de-danzas-folcloricas-de-oro-verde-canta-y-baila-presentacion-del-jurado\\\/\",\"name\":\"Certamen de Danzas Folcl\u00f3ricas de Oro Verde Canta y baila: presentaci\u00f3n del jurado - Municipio de Oro Verde\",\"isPartOf\":{\"@id\":\"https:\\\/\\\/oroverde.gob.ar\\\/portal\\\/#website\"},\"primaryImageOfPage\":{\"@id\":\"https:\\\/\\\/oroverde.gob.ar\\\/portal\\\/certamen-de-danzas-folcloricas-de-oro-verde-canta-y-baila-presentacion-del-jurado\\\/#primaryimage\"},\"image\":{\"@id\":\"https:\\\/\\\/oroverde.gob.ar\\\/portal\\\/certamen-de-danzas-folcloricas-de-oro-verde-canta-y-baila-presentacion-del-jurado\\\/#primaryimage\"},\"thumbnailUrl\":\"https:\\\/\\\/oroverde.gob.ar\\\/portal\\\/wp-content\\\/uploads\\\/2026\\\/01\\\/oro-verde-canta-y-bailajpg.webp\",\"datePublished\":\"2026-01-19T15:59:57+00:00\",\"breadcrumb\":{\"@id\":\"https:\\\/\\\/oroverde.gob.ar\\\/portal\\\/certamen-de-danzas-folcloricas-de-oro-verde-canta-y-baila-presentacion-del-jurado\\\/#breadcrumb\"},\"inLanguage\":\"es\",\"potentialAction\":[{\"@type\":\"ReadAction\",\"target\":[\"https:\\\/\\\/oroverde.gob.ar\\\/portal\\\/certamen-de-danzas-folcloricas-de-oro-verde-canta-y-baila-presentacion-del-jurado\\\/\"]}]},{\"@type\":\"ImageObject\",\"inLanguage\":\"es\",\"@id\":\"https:\\\/\\\/oroverde.gob.ar\\\/portal\\\/certamen-de-danzas-folcloricas-de-oro-verde-canta-y-baila-presentacion-del-jurado\\\/#primaryimage\",\"url\":\"https:\\\/\\\/oroverde.gob.ar\\\/portal\\\/wp-content\\\/uploads\\\/2026\\\/01\\\/oro-verde-canta-y-bailajpg.webp\",\"contentUrl\":\"https:\\\/\\\/oroverde.gob.ar\\\/portal\\\/wp-content\\\/uploads\\\/2026\\\/01\\\/oro-verde-canta-y-bailajpg.webp\",\"width\":1200,\"height\":675},{\"@type\":\"BreadcrumbList\",\"@id\":\"https:\\\/\\\/oroverde.gob.ar\\\/portal\\\/certamen-de-danzas-folcloricas-de-oro-verde-canta-y-baila-presentacion-del-jurado\\\/#breadcrumb\",\"itemListElement\":[{\"@type\":\"ListItem\",\"position\":1,\"name\":\"Portada\",\"item\":\"https:\\\/\\\/oroverde.gob.ar\\\/portal\\\/\"},{\"@type\":\"ListItem\",\"position\":2,\"name\":\"Certamen de Danzas Folcl\u00f3ricas de Oro Verde Canta y baila: presentaci\u00f3n del jurado\"}]},{\"@type\":\"WebSite\",\"@id\":\"https:\\\/\\\/oroverde.gob.ar\\\/portal\\\/#website\",\"url\":\"https:\\\/\\\/oroverde.gob.ar\\\/portal\\\/\",\"name\":\"Municipio de Oro Verde\",\"description\":\"Web Oficial\",\"publisher\":{\"@id\":\"https:\\\/\\\/oroverde.gob.ar\\\/portal\\\/#organization\"},\"potentialAction\":[{\"@type\":\"SearchAction\",\"target\":{\"@type\":\"EntryPoint\",\"urlTemplate\":\"https:\\\/\\\/oroverde.gob.ar\\\/portal\\\/?s={search_term_string}\"},\"query-input\":{\"@type\":\"PropertyValueSpecification\",\"valueRequired\":true,\"valueName\":\"search_term_string\"}}],\"inLanguage\":\"es\"},{\"@type\":\"Organization\",\"@id\":\"https:\\\/\\\/oroverde.gob.ar\\\/portal\\\/#organization\",\"name\":\"Municipio de Oro Verde\",\"url\":\"https:\\\/\\\/oroverde.gob.ar\\\/portal\\\/\",\"logo\":{\"@type\":\"ImageObject\",\"inLanguage\":\"es\",\"@id\":\"https:\\\/\\\/oroverde.gob.ar\\\/portal\\\/#\\\/schema\\\/logo\\\/image\\\/\",\"url\":\"https:\\\/\\\/oroverde.gob.ar\\\/portal\\\/wp-content\\\/uploads\\\/2024\\\/06\\\/cropped-cropped-logo-1.png\",\"contentUrl\":\"https:\\\/\\\/oroverde.gob.ar\\\/portal\\\/wp-content\\\/uploads\\\/2024\\\/06\\\/cropped-cropped-logo-1.png\",\"width\":1776,\"height\":738,\"caption\":\"Municipio de Oro Verde\"},\"image\":{\"@id\":\"https:\\\/\\\/oroverde.gob.ar\\\/portal\\\/#\\\/schema\\\/logo\\\/image\\\/\"}},{\"@type\":\"Person\",\"@id\":\"https:\\\/\\\/oroverde.gob.ar\\\/portal\\\/#\\\/schema\\\/person\\\/b975e0cbcd43b7dcf9c64511ec84f10f\",\"name\":\"Soledad\",\"image\":{\"@type\":\"ImageObject\",\"inLanguage\":\"es\",\"@id\":\"https:\\\/\\\/secure.gravatar.com\\\/avatar\\\/b2f5b6cda565395f31dc94c95932b9b3fbe6275bad58a1579843d3d1607d4a66?s=96&d=mm&r=g\",\"url\":\"https:\\\/\\\/secure.gravatar.com\\\/avatar\\\/b2f5b6cda565395f31dc94c95932b9b3fbe6275bad58a1579843d3d1607d4a66?s=96&d=mm&r=g\",\"contentUrl\":\"https:\\\/\\\/secure.gravatar.com\\\/avatar\\\/b2f5b6cda565395f31dc94c95932b9b3fbe6275bad58a1579843d3d1607d4a66?s=96&d=mm&r=g\",\"caption\":\"Soledad\"},\"url\":\"https:\\\/\\\/oroverde.gob.ar\\\/portal\\\/author\\\/soledad\\\/\"}]}<\/script>\n<!-- \/ Yoast SEO plugin. -->","yoast_head_json":{"title":"Certamen de Danzas Folcl\u00f3ricas de Oro Verde Canta y baila: presentaci\u00f3n del jurado - Municipio de Oro Verde","robots":{"index":"index","follow":"follow","max-snippet":"max-snippet:-1","max-image-preview":"max-image-preview:large","max-video-preview":"max-video-preview:-1"},"canonical":"https:\/\/oroverde.gob.ar\/portal\/certamen-de-danzas-folcloricas-de-oro-verde-canta-y-baila-presentacion-del-jurado\/","og_locale":"es_ES","og_type":"article","og_title":"Certamen de Danzas Folcl\u00f3ricas de Oro Verde Canta y baila: presentaci\u00f3n del jurado - Municipio de Oro Verde","og_description":"La edici\u00f3n 2026 de la fiesta Oro Verde Canta y Baila tendr\u00e1 un Certamen de Danzas folkl\u00f3ricas en la que artistas de toda la provincia podr\u00e1n competir para ser parte del escenario principal y premios en efectivo. La cita es el 7 de &hellip;","og_url":"https:\/\/oroverde.gob.ar\/portal\/certamen-de-danzas-folcloricas-de-oro-verde-canta-y-baila-presentacion-del-jurado\/","og_site_name":"Municipio de Oro Verde","article_published_time":"2026-01-19T15:59:57+00:00","og_image":[{"width":1200,"height":675,"url":"https:\/\/oroverde.gob.ar\/portal\/wp-content\/uploads\/2026\/01\/oro-verde-canta-y-bailajpg.webp","type":"image\/webp"}],"author":"Soledad","twitter_card":"summary_large_image","twitter_misc":{"Escrito por":"Soledad","Tiempo de lectura":"3 minutos"},"schema":{"@context":"https:\/\/schema.org","@graph":[{"@type":"Article","@id":"https:\/\/oroverde.gob.ar\/portal\/certamen-de-danzas-folcloricas-de-oro-verde-canta-y-baila-presentacion-del-jurado\/#article","isPartOf":{"@id":"https:\/\/oroverde.gob.ar\/portal\/certamen-de-danzas-folcloricas-de-oro-verde-canta-y-baila-presentacion-del-jurado\/"},"author":{"name":"Soledad","@id":"https:\/\/oroverde.gob.ar\/portal\/#\/schema\/person\/b975e0cbcd43b7dcf9c64511ec84f10f"},"headline":"Certamen de Danzas Folcl\u00f3ricas de Oro Verde Canta y baila: presentaci\u00f3n del jurado","datePublished":"2026-01-19T15:59:57+00:00","mainEntityOfPage":{"@id":"https:\/\/oroverde.gob.ar\/portal\/certamen-de-danzas-folcloricas-de-oro-verde-canta-y-baila-presentacion-del-jurado\/"},"wordCount":314,"publisher":{"@id":"https:\/\/oroverde.gob.ar\/portal\/#organization"},"image":{"@id":"https:\/\/oroverde.gob.ar\/portal\/certamen-de-danzas-folcloricas-de-oro-verde-canta-y-baila-presentacion-del-jurado\/#primaryimage"},"thumbnailUrl":"https:\/\/oroverde.gob.ar\/portal\/wp-content\/uploads\/2026\/01\/oro-verde-canta-y-bailajpg.webp","articleSection":["Municipio"],"inLanguage":"es"},{"@type":"WebPage","@id":"https:\/\/oroverde.gob.ar\/portal\/certamen-de-danzas-folcloricas-de-oro-verde-canta-y-baila-presentacion-del-jurado\/","url":"https:\/\/oroverde.gob.ar\/portal\/certamen-de-danzas-folcloricas-de-oro-verde-canta-y-baila-presentacion-del-jurado\/","name":"Certamen de Danzas Folcl\u00f3ricas de Oro Verde Canta y baila: presentaci\u00f3n del jurado - Municipio de Oro Verde","isPartOf":{"@id":"https:\/\/oroverde.gob.ar\/portal\/#website"},"primaryImageOfPage":{"@id":"https:\/\/oroverde.gob.ar\/portal\/certamen-de-danzas-folcloricas-de-oro-verde-canta-y-baila-presentacion-del-jurado\/#primaryimage"},"image":{"@id":"https:\/\/oroverde.gob.ar\/portal\/certamen-de-danzas-folcloricas-de-oro-verde-canta-y-baila-presentacion-del-jurado\/#primaryimage"},"thumbnailUrl":"https:\/\/oroverde.gob.ar\/portal\/wp-content\/uploads\/2026\/01\/oro-verde-canta-y-bailajpg.webp","datePublished":"2026-01-19T15:59:57+00:00","breadcrumb":{"@id":"https:\/\/oroverde.gob.ar\/portal\/certamen-de-danzas-folcloricas-de-oro-verde-canta-y-baila-presentacion-del-jurado\/#breadcrumb"},"inLanguage":"es","potentialAction":[{"@type":"ReadAction","target":["https:\/\/oroverde.gob.ar\/portal\/certamen-de-danzas-folcloricas-de-oro-verde-canta-y-baila-presentacion-del-jurado\/"]}]},{"@type":"ImageObject","inLanguage":"es","@id":"https:\/\/oroverde.gob.ar\/portal\/certamen-de-danzas-folcloricas-de-oro-verde-canta-y-baila-presentacion-del-jurado\/#primaryimage","url":"https:\/\/oroverde.gob.ar\/portal\/wp-content\/uploads\/2026\/01\/oro-verde-canta-y-bailajpg.webp","contentUrl":"https:\/\/oroverde.gob.ar\/portal\/wp-content\/uploads\/2026\/01\/oro-verde-canta-y-bailajpg.webp","width":1200,"height":675},{"@type":"BreadcrumbList","@id":"https:\/\/oroverde.gob.ar\/portal\/certamen-de-danzas-folcloricas-de-oro-verde-canta-y-baila-presentacion-del-jurado\/#breadcrumb","itemListElement":[{"@type":"ListItem","position":1,"name":"Portada","item":"https:\/\/oroverde.gob.ar\/portal\/"},{"@type":"ListItem","position":2,"name":"Certamen de Danzas Folcl\u00f3ricas de Oro Verde Canta y baila: presentaci\u00f3n del jurado"}]},{"@type":"WebSite","@id":"https:\/\/oroverde.gob.ar\/portal\/#website","url":"https:\/\/oroverde.gob.ar\/portal\/","name":"Municipio de Oro Verde","description":"Web Oficial","publisher":{"@id":"https:\/\/oroverde.gob.ar\/portal\/#organization"},"potentialAction":[{"@type":"SearchAction","target":{"@type":"EntryPoint","urlTemplate":"https:\/\/oroverde.gob.ar\/portal\/?s={search_term_string}"},"query-input":{"@type":"PropertyValueSpecification","valueRequired":true,"valueName":"search_term_string"}}],"inLanguage":"es"},{"@type":"Organization","@id":"https:\/\/oroverde.gob.ar\/portal\/#organization","name":"Municipio de Oro Verde","url":"https:\/\/oroverde.gob.ar\/portal\/","logo":{"@type":"ImageObject","inLanguage":"es","@id":"https:\/\/oroverde.gob.ar\/portal\/#\/schema\/logo\/image\/","url":"https:\/\/oroverde.gob.ar\/portal\/wp-content\/uploads\/2024\/06\/cropped-cropped-logo-1.png","contentUrl":"https:\/\/oroverde.gob.ar\/portal\/wp-content\/uploads\/2024\/06\/cropped-cropped-logo-1.png","width":1776,"height":738,"caption":"Municipio de Oro Verde"},"image":{"@id":"https:\/\/oroverde.gob.ar\/portal\/#\/schema\/logo\/image\/"}},{"@type":"Person","@id":"https:\/\/oroverde.gob.ar\/portal\/#\/schema\/person\/b975e0cbcd43b7dcf9c64511ec84f10f","name":"Soledad","image":{"@type":"ImageObject","inLanguage":"es","@id":"https:\/\/secure.gravatar.com\/avatar\/b2f5b6cda565395f31dc94c95932b9b3fbe6275bad58a1579843d3d1607d4a66?s=96&d=mm&r=g","url":"https:\/\/secure.gravatar.com\/avatar\/b2f5b6cda565395f31dc94c95932b9b3fbe6275bad58a1579843d3d1607d4a66?s=96&d=mm&r=g","contentUrl":"https:\/\/secure.gravatar.com\/avatar\/b2f5b6cda565395f31dc94c95932b9b3fbe6275bad58a1579843d3d1607d4a66?s=96&d=mm&r=g","caption":"Soledad"},"url":"https:\/\/oroverde.gob.ar\/portal\/author\/soledad\/"}]}},"_links":{"self":[{"href":"https:\/\/oroverde.gob.ar\/portal\/wp-json\/wp\/v2\/posts\/7760","targetHints":{"allow":["GET"]}}],"collection":[{"href":"https:\/\/oroverde.gob.ar\/portal\/wp-json\/wp\/v2\/posts"}],"about":[{"href":"https:\/\/oroverde.gob.ar\/portal\/wp-json\/wp\/v2\/types\/post"}],"author":[{"embeddable":true,"href":"https:\/\/oroverde.gob.ar\/portal\/wp-json\/wp\/v2\/users\/3"}],"replies":[{"embeddable":true,"href":"https:\/\/oroverde.gob.ar\/portal\/wp-json\/wp\/v2\/comments?post=7760"}],"version-history":[{"count":1,"href":"https:\/\/oroverde.gob.ar\/portal\/wp-json\/wp\/v2\/posts\/7760\/revisions"}],"predecessor-version":[{"id":7761,"href":"https:\/\/oroverde.gob.ar\/portal\/wp-json\/wp\/v2\/posts\/7760\/revisions\/7761"}],"wp:featuredmedia":[{"embeddable":true,"href":"https:\/\/oroverde.gob.ar\/portal\/wp-json\/wp\/v2\/media\/7754"}],"wp:attachment":[{"href":"https:\/\/oroverde.gob.ar\/portal\/wp-json\/wp\/v2\/media?parent=7760"}],"wp:term":[{"taxonomy":"category","embeddable":true,"href":"https:\/\/oroverde.gob.ar\/portal\/wp-json\/wp\/v2\/categories?post=7760"},{"taxonomy":"post_tag","embeddable":true,"href":"https:\/\/oroverde.gob.ar\/portal\/wp-json\/wp\/v2\/tags?post=7760"}],"curies":[{"name":"wp","href":"https:\/\/api.w.org\/{rel}","templated":true}]}}