{"id":7765,"date":"2026-01-20T11:15:34","date_gmt":"2026-01-20T14:15:34","guid":{"rendered":"https:\/\/oroverde.gob.ar\/portal\/?p=7765"},"modified":"2026-01-20T11:15:34","modified_gmt":"2026-01-20T14:15:34","slug":"como-adquirir-las-entradas-para-la-nueva-edicion-de-oro-verde-canta-y-baila","status":"publish","type":"post","link":"https:\/\/oroverde.gob.ar\/portal\/como-adquirir-las-entradas-para-la-nueva-edicion-de-oro-verde-canta-y-baila\/","title":{"rendered":"Como adquirir las entradas para la nueva edici\u00f3n de Oro Verde Canta y Baila"},"content":{"rendered":"<div class=\"xdj266r x14z9mp xat24cr x1lziwak x1vvkbs x126k92a\">\n<div dir=\"auto\">Ya est\u00e1n a la venta las entradas de la nueva edici\u00f3n de Oro Verde Canta y Baila que ser\u00e1 el 14 de febrero a las 21 hs. en el predio Multieventos (Los Tordos y Los Sauces). Presentaremos importantes exponentes de la cumbia santafesina como Marcos Castell\u00f3 y Los Lirios. Tambi\u00e9n estar\u00e1n sobre el escenario Tolato Tr\u00edo, Los Majestuosos del Chamam\u00e9, Azul Saita, Ballet Emovere, los ganadores del Certamen de Baile de esta fiesta y las Bastoneras Guardia del Paran\u00e1.<\/div>\n<\/div>\n<div class=\"x14z9mp xat24cr x1lziwak x1vvkbs xtlvy1s x126k92a\">\n<div dir=\"auto\">Habr\u00e1 una variada propuesta gastron\u00f3mica que estar\u00e1 a cargo de instituciones de la localidad, quienes realizar\u00e1n comidas t\u00edpicas y minutas. Stands de feriantes y emprendedores.<\/div>\n<\/div>\n<div class=\"x14z9mp xat24cr x1lziwak x1vvkbs xtlvy1s x126k92a\">\n<div dir=\"auto\">Sobre las entradas:<\/div>\n<\/div>\n<div class=\"x14z9mp xat24cr x1lziwak x1vvkbs xtlvy1s x126k92a\">\n<div dir=\"auto\">-Las generales (para quienes no residen en Oro Verde) tienen un costo anticipadas de 5.000 pesos. Pueden conseguirse online ingresando a <span class=\"html-span xdj266r x14z9mp xat24cr x1lziwak xexx8yu xyri2b x18d9i69 x1c1uobl x1hl2dhg x16tdsg8 x1vvkbs\"><a class=\"x1i10hfl xjbqb8w x1ejq31n x18oe1m7 x1sy0etr xstzfhl x972fbf x10w94by x1qhh985 x14e42zd x9f619 x1ypdohk xt0psk2 x3ct3a4 xdj266r x14z9mp xat24cr x1lziwak xexx8yu xyri2b x18d9i69 x1c1uobl x16tdsg8 x1hl2dhg xggy1nq x1a2a7pz xkrqix3 x1sur9pj x1fey0fg x1s688f\" tabindex=\"0\" role=\"link\" href=\"http:\/\/tickets.oroverde.gob.ar\/?fbclid=IwZXh0bgNhZW0CMTAAYnJpZBExUlhxR0Jianl2cjBhSWhOS3NydGMGYXBwX2lkEDIyMjAzOTE3ODgyMDA4OTIAAR4nszWGMmfXYk4BxEwgN6A1PLu6aAJ4VDYkgSpV2ef0M85spvmK-r7nHNWtAQ_aem_kInQPuDTzRx5IBJjkWHrEg\" target=\"_blank\" rel=\"nofollow noopener noreferrer\">http:\/\/tickets.oroverde.gob.ar<\/a><\/span><\/div>\n<\/div>\n<div class=\"x14z9mp xat24cr x1lziwak x1vvkbs xtlvy1s x126k92a\">\n<div dir=\"auto\">-Entradas anticipadas PARA OROVERDENSES salen 3.000 pesos y se venden en el Complejo de Piletas Municipal (Los Tordos y Los Sauces) de lunes a viernes de 13 a 19 hs. (se debe presentar el DNI que acredite domicilio).<\/div>\n<\/div>\n<div class=\"x14z9mp xat24cr x1lziwak x1vvkbs xtlvy1s x126k92a\">\n<div dir=\"auto\">-EN PUERTA el d\u00eda de la fiesta costar\u00e1n 8.000 pesos para oroverdenses y 10.000 pesos para no residentes (generales).<\/div>\n<\/div>\n<div class=\"x14z9mp xat24cr x1lziwak x1vvkbs xtlvy1s x126k92a\">\n<div dir=\"auto\">-Los jubilados que no residan en la localidad abonar\u00e1n 5.000 pesos en puerta (sin venta online) y los jubilados o pensionados oroverdenses entran tienen pase gratuito.<\/div>\n<\/div>\n<div class=\"x14z9mp xat24cr x1lziwak x1vvkbs xtlvy1s x126k92a\">\n<div dir=\"auto\">-Las personas con discapacidad (con certificado y un acompa\u00f1ante), como as\u00ed tambi\u00e9n los menores de 12 a\u00f1os (residentes y no residentes) entran gratis.<\/div>\n<\/div>\n","protected":false},"excerpt":{"rendered":"<p>Ya est\u00e1n a la venta las entradas de la nueva edici\u00f3n de Oro Verde Canta y Baila que ser\u00e1 el 14 de febrero a las 21 hs. en el predio Multieventos (Los Tordos y Los Sauces). Presentaremos importantes exponentes de la cumbia santafesina &hellip;<\/p>\n","protected":false},"author":3,"featured_media":7766,"comment_status":"closed","ping_status":"closed","sticky":false,"template":"","format":"standard","meta":{"footnotes":""},"categories":[1],"tags":[],"class_list":["post-7765","post","type-post","status-publish","format-standard","has-post-thumbnail","hentry","category-municipio"],"yoast_head":"<!-- This site is optimized with the Yoast SEO plugin v27.5 - https:\/\/yoast.com\/product\/yoast-seo-wordpress\/ -->\n<title>Como adquirir las entradas para la nueva edici\u00f3n de Oro Verde Canta y Baila - Municipio de Oro Verde<\/title>\n<meta name=\"robots\" content=\"index, follow, max-snippet:-1, max-image-preview:large, max-video-preview:-1\" \/>\n<link rel=\"canonical\" href=\"https:\/\/oroverde.gob.ar\/portal\/como-adquirir-las-entradas-para-la-nueva-edicion-de-oro-verde-canta-y-baila\/\" \/>\n<meta property=\"og:locale\" content=\"es_ES\" \/>\n<meta property=\"og:type\" content=\"article\" \/>\n<meta property=\"og:title\" content=\"Como adquirir las entradas para la nueva edici\u00f3n de Oro Verde Canta y Baila - Municipio de Oro Verde\" \/>\n<meta property=\"og:description\" content=\"Ya est\u00e1n a la venta las entradas de la nueva edici\u00f3n de Oro Verde Canta y Baila que ser\u00e1 el 14 de febrero a las 21 hs. en el predio Multieventos (Los Tordos y Los Sauces). Presentaremos importantes exponentes de la cumbia santafesina &hellip;\" \/>\n<meta property=\"og:url\" content=\"https:\/\/oroverde.gob.ar\/portal\/como-adquirir-las-entradas-para-la-nueva-edicion-de-oro-verde-canta-y-baila\/\" \/>\n<meta property=\"og:site_name\" content=\"Municipio de Oro Verde\" \/>\n<meta property=\"article:published_time\" content=\"2026-01-20T14:15:34+00:00\" \/>\n<meta property=\"og:image\" content=\"https:\/\/oroverde.gob.ar\/portal\/wp-content\/uploads\/2026\/01\/Oor-Verde-Canta-y-Baila.webp\" \/>\n\t<meta property=\"og:image:width\" content=\"1024\" \/>\n\t<meta property=\"og:image:height\" content=\"682\" \/>\n\t<meta property=\"og:image:type\" content=\"image\/webp\" \/>\n<meta name=\"author\" content=\"Soledad\" \/>\n<meta name=\"twitter:card\" content=\"summary_large_image\" \/>\n<meta name=\"twitter:label1\" content=\"Escrito por\" \/>\n\t<meta name=\"twitter:data1\" content=\"Soledad\" \/>\n\t<meta name=\"twitter:label2\" content=\"Tiempo de lectura\" \/>\n\t<meta name=\"twitter:data2\" content=\"2 minutos\" \/>\n<script type=\"application\/ld+json\" class=\"yoast-schema-graph\">{\"@context\":\"https:\\\/\\\/schema.org\",\"@graph\":[{\"@type\":\"Article\",\"@id\":\"https:\\\/\\\/oroverde.gob.ar\\\/portal\\\/como-adquirir-las-entradas-para-la-nueva-edicion-de-oro-verde-canta-y-baila\\\/#article\",\"isPartOf\":{\"@id\":\"https:\\\/\\\/oroverde.gob.ar\\\/portal\\\/como-adquirir-las-entradas-para-la-nueva-edicion-de-oro-verde-canta-y-baila\\\/\"},\"author\":{\"name\":\"Soledad\",\"@id\":\"https:\\\/\\\/oroverde.gob.ar\\\/portal\\\/#\\\/schema\\\/person\\\/b975e0cbcd43b7dcf9c64511ec84f10f\"},\"headline\":\"Como adquirir las entradas para la nueva edici\u00f3n de Oro Verde Canta y Baila\",\"datePublished\":\"2026-01-20T14:15:34+00:00\",\"mainEntityOfPage\":{\"@id\":\"https:\\\/\\\/oroverde.gob.ar\\\/portal\\\/como-adquirir-las-entradas-para-la-nueva-edicion-de-oro-verde-canta-y-baila\\\/\"},\"wordCount\":258,\"publisher\":{\"@id\":\"https:\\\/\\\/oroverde.gob.ar\\\/portal\\\/#organization\"},\"image\":{\"@id\":\"https:\\\/\\\/oroverde.gob.ar\\\/portal\\\/como-adquirir-las-entradas-para-la-nueva-edicion-de-oro-verde-canta-y-baila\\\/#primaryimage\"},\"thumbnailUrl\":\"https:\\\/\\\/oroverde.gob.ar\\\/portal\\\/wp-content\\\/uploads\\\/2026\\\/01\\\/Oor-Verde-Canta-y-Baila.webp\",\"articleSection\":[\"Municipio\"],\"inLanguage\":\"es\"},{\"@type\":\"WebPage\",\"@id\":\"https:\\\/\\\/oroverde.gob.ar\\\/portal\\\/como-adquirir-las-entradas-para-la-nueva-edicion-de-oro-verde-canta-y-baila\\\/\",\"url\":\"https:\\\/\\\/oroverde.gob.ar\\\/portal\\\/como-adquirir-las-entradas-para-la-nueva-edicion-de-oro-verde-canta-y-baila\\\/\",\"name\":\"Como adquirir las entradas para la nueva edici\u00f3n de Oro Verde Canta y Baila - Municipio de Oro Verde\",\"isPartOf\":{\"@id\":\"https:\\\/\\\/oroverde.gob.ar\\\/portal\\\/#website\"},\"primaryImageOfPage\":{\"@id\":\"https:\\\/\\\/oroverde.gob.ar\\\/portal\\\/como-adquirir-las-entradas-para-la-nueva-edicion-de-oro-verde-canta-y-baila\\\/#primaryimage\"},\"image\":{\"@id\":\"https:\\\/\\\/oroverde.gob.ar\\\/portal\\\/como-adquirir-las-entradas-para-la-nueva-edicion-de-oro-verde-canta-y-baila\\\/#primaryimage\"},\"thumbnailUrl\":\"https:\\\/\\\/oroverde.gob.ar\\\/portal\\\/wp-content\\\/uploads\\\/2026\\\/01\\\/Oor-Verde-Canta-y-Baila.webp\",\"datePublished\":\"2026-01-20T14:15:34+00:00\",\"breadcrumb\":{\"@id\":\"https:\\\/\\\/oroverde.gob.ar\\\/portal\\\/como-adquirir-las-entradas-para-la-nueva-edicion-de-oro-verde-canta-y-baila\\\/#breadcrumb\"},\"inLanguage\":\"es\",\"potentialAction\":[{\"@type\":\"ReadAction\",\"target\":[\"https:\\\/\\\/oroverde.gob.ar\\\/portal\\\/como-adquirir-las-entradas-para-la-nueva-edicion-de-oro-verde-canta-y-baila\\\/\"]}]},{\"@type\":\"ImageObject\",\"inLanguage\":\"es\",\"@id\":\"https:\\\/\\\/oroverde.gob.ar\\\/portal\\\/como-adquirir-las-entradas-para-la-nueva-edicion-de-oro-verde-canta-y-baila\\\/#primaryimage\",\"url\":\"https:\\\/\\\/oroverde.gob.ar\\\/portal\\\/wp-content\\\/uploads\\\/2026\\\/01\\\/Oor-Verde-Canta-y-Baila.webp\",\"contentUrl\":\"https:\\\/\\\/oroverde.gob.ar\\\/portal\\\/wp-content\\\/uploads\\\/2026\\\/01\\\/Oor-Verde-Canta-y-Baila.webp\",\"width\":1024,\"height\":682},{\"@type\":\"BreadcrumbList\",\"@id\":\"https:\\\/\\\/oroverde.gob.ar\\\/portal\\\/como-adquirir-las-entradas-para-la-nueva-edicion-de-oro-verde-canta-y-baila\\\/#breadcrumb\",\"itemListElement\":[{\"@type\":\"ListItem\",\"position\":1,\"name\":\"Portada\",\"item\":\"https:\\\/\\\/oroverde.gob.ar\\\/portal\\\/\"},{\"@type\":\"ListItem\",\"position\":2,\"name\":\"Como adquirir las entradas para la nueva edici\u00f3n de Oro Verde Canta y Baila\"}]},{\"@type\":\"WebSite\",\"@id\":\"https:\\\/\\\/oroverde.gob.ar\\\/portal\\\/#website\",\"url\":\"https:\\\/\\\/oroverde.gob.ar\\\/portal\\\/\",\"name\":\"Municipio de Oro Verde\",\"description\":\"Web Oficial\",\"publisher\":{\"@id\":\"https:\\\/\\\/oroverde.gob.ar\\\/portal\\\/#organization\"},\"potentialAction\":[{\"@type\":\"SearchAction\",\"target\":{\"@type\":\"EntryPoint\",\"urlTemplate\":\"https:\\\/\\\/oroverde.gob.ar\\\/portal\\\/?s={search_term_string}\"},\"query-input\":{\"@type\":\"PropertyValueSpecification\",\"valueRequired\":true,\"valueName\":\"search_term_string\"}}],\"inLanguage\":\"es\"},{\"@type\":\"Organization\",\"@id\":\"https:\\\/\\\/oroverde.gob.ar\\\/portal\\\/#organization\",\"name\":\"Municipio de Oro Verde\",\"url\":\"https:\\\/\\\/oroverde.gob.ar\\\/portal\\\/\",\"logo\":{\"@type\":\"ImageObject\",\"inLanguage\":\"es\",\"@id\":\"https:\\\/\\\/oroverde.gob.ar\\\/portal\\\/#\\\/schema\\\/logo\\\/image\\\/\",\"url\":\"https:\\\/\\\/oroverde.gob.ar\\\/portal\\\/wp-content\\\/uploads\\\/2024\\\/06\\\/cropped-cropped-logo-1.png\",\"contentUrl\":\"https:\\\/\\\/oroverde.gob.ar\\\/portal\\\/wp-content\\\/uploads\\\/2024\\\/06\\\/cropped-cropped-logo-1.png\",\"width\":1776,\"height\":738,\"caption\":\"Municipio de Oro Verde\"},\"image\":{\"@id\":\"https:\\\/\\\/oroverde.gob.ar\\\/portal\\\/#\\\/schema\\\/logo\\\/image\\\/\"}},{\"@type\":\"Person\",\"@id\":\"https:\\\/\\\/oroverde.gob.ar\\\/portal\\\/#\\\/schema\\\/person\\\/b975e0cbcd43b7dcf9c64511ec84f10f\",\"name\":\"Soledad\",\"image\":{\"@type\":\"ImageObject\",\"inLanguage\":\"es\",\"@id\":\"https:\\\/\\\/secure.gravatar.com\\\/avatar\\\/b2f5b6cda565395f31dc94c95932b9b3fbe6275bad58a1579843d3d1607d4a66?s=96&d=mm&r=g\",\"url\":\"https:\\\/\\\/secure.gravatar.com\\\/avatar\\\/b2f5b6cda565395f31dc94c95932b9b3fbe6275bad58a1579843d3d1607d4a66?s=96&d=mm&r=g\",\"contentUrl\":\"https:\\\/\\\/secure.gravatar.com\\\/avatar\\\/b2f5b6cda565395f31dc94c95932b9b3fbe6275bad58a1579843d3d1607d4a66?s=96&d=mm&r=g\",\"caption\":\"Soledad\"},\"url\":\"https:\\\/\\\/oroverde.gob.ar\\\/portal\\\/author\\\/soledad\\\/\"}]}<\/script>\n<!-- \/ Yoast SEO plugin. -->","yoast_head_json":{"title":"Como adquirir las entradas para la nueva edici\u00f3n de Oro Verde Canta y Baila - Municipio de Oro Verde","robots":{"index":"index","follow":"follow","max-snippet":"max-snippet:-1","max-image-preview":"max-image-preview:large","max-video-preview":"max-video-preview:-1"},"canonical":"https:\/\/oroverde.gob.ar\/portal\/como-adquirir-las-entradas-para-la-nueva-edicion-de-oro-verde-canta-y-baila\/","og_locale":"es_ES","og_type":"article","og_title":"Como adquirir las entradas para la nueva edici\u00f3n de Oro Verde Canta y Baila - Municipio de Oro Verde","og_description":"Ya est\u00e1n a la venta las entradas de la nueva edici\u00f3n de Oro Verde Canta y Baila que ser\u00e1 el 14 de febrero a las 21 hs. en el predio Multieventos (Los Tordos y Los Sauces). Presentaremos importantes exponentes de la cumbia santafesina &hellip;","og_url":"https:\/\/oroverde.gob.ar\/portal\/como-adquirir-las-entradas-para-la-nueva-edicion-de-oro-verde-canta-y-baila\/","og_site_name":"Municipio de Oro Verde","article_published_time":"2026-01-20T14:15:34+00:00","og_image":[{"width":1024,"height":682,"url":"https:\/\/oroverde.gob.ar\/portal\/wp-content\/uploads\/2026\/01\/Oor-Verde-Canta-y-Baila.webp","type":"image\/webp"}],"author":"Soledad","twitter_card":"summary_large_image","twitter_misc":{"Escrito por":"Soledad","Tiempo de lectura":"2 minutos"},"schema":{"@context":"https:\/\/schema.org","@graph":[{"@type":"Article","@id":"https:\/\/oroverde.gob.ar\/portal\/como-adquirir-las-entradas-para-la-nueva-edicion-de-oro-verde-canta-y-baila\/#article","isPartOf":{"@id":"https:\/\/oroverde.gob.ar\/portal\/como-adquirir-las-entradas-para-la-nueva-edicion-de-oro-verde-canta-y-baila\/"},"author":{"name":"Soledad","@id":"https:\/\/oroverde.gob.ar\/portal\/#\/schema\/person\/b975e0cbcd43b7dcf9c64511ec84f10f"},"headline":"Como adquirir las entradas para la nueva edici\u00f3n de Oro Verde Canta y Baila","datePublished":"2026-01-20T14:15:34+00:00","mainEntityOfPage":{"@id":"https:\/\/oroverde.gob.ar\/portal\/como-adquirir-las-entradas-para-la-nueva-edicion-de-oro-verde-canta-y-baila\/"},"wordCount":258,"publisher":{"@id":"https:\/\/oroverde.gob.ar\/portal\/#organization"},"image":{"@id":"https:\/\/oroverde.gob.ar\/portal\/como-adquirir-las-entradas-para-la-nueva-edicion-de-oro-verde-canta-y-baila\/#primaryimage"},"thumbnailUrl":"https:\/\/oroverde.gob.ar\/portal\/wp-content\/uploads\/2026\/01\/Oor-Verde-Canta-y-Baila.webp","articleSection":["Municipio"],"inLanguage":"es"},{"@type":"WebPage","@id":"https:\/\/oroverde.gob.ar\/portal\/como-adquirir-las-entradas-para-la-nueva-edicion-de-oro-verde-canta-y-baila\/","url":"https:\/\/oroverde.gob.ar\/portal\/como-adquirir-las-entradas-para-la-nueva-edicion-de-oro-verde-canta-y-baila\/","name":"Como adquirir las entradas para la nueva edici\u00f3n de Oro Verde Canta y Baila - Municipio de Oro Verde","isPartOf":{"@id":"https:\/\/oroverde.gob.ar\/portal\/#website"},"primaryImageOfPage":{"@id":"https:\/\/oroverde.gob.ar\/portal\/como-adquirir-las-entradas-para-la-nueva-edicion-de-oro-verde-canta-y-baila\/#primaryimage"},"image":{"@id":"https:\/\/oroverde.gob.ar\/portal\/como-adquirir-las-entradas-para-la-nueva-edicion-de-oro-verde-canta-y-baila\/#primaryimage"},"thumbnailUrl":"https:\/\/oroverde.gob.ar\/portal\/wp-content\/uploads\/2026\/01\/Oor-Verde-Canta-y-Baila.webp","datePublished":"2026-01-20T14:15:34+00:00","breadcrumb":{"@id":"https:\/\/oroverde.gob.ar\/portal\/como-adquirir-las-entradas-para-la-nueva-edicion-de-oro-verde-canta-y-baila\/#breadcrumb"},"inLanguage":"es","potentialAction":[{"@type":"ReadAction","target":["https:\/\/oroverde.gob.ar\/portal\/como-adquirir-las-entradas-para-la-nueva-edicion-de-oro-verde-canta-y-baila\/"]}]},{"@type":"ImageObject","inLanguage":"es","@id":"https:\/\/oroverde.gob.ar\/portal\/como-adquirir-las-entradas-para-la-nueva-edicion-de-oro-verde-canta-y-baila\/#primaryimage","url":"https:\/\/oroverde.gob.ar\/portal\/wp-content\/uploads\/2026\/01\/Oor-Verde-Canta-y-Baila.webp","contentUrl":"https:\/\/oroverde.gob.ar\/portal\/wp-content\/uploads\/2026\/01\/Oor-Verde-Canta-y-Baila.webp","width":1024,"height":682},{"@type":"BreadcrumbList","@id":"https:\/\/oroverde.gob.ar\/portal\/como-adquirir-las-entradas-para-la-nueva-edicion-de-oro-verde-canta-y-baila\/#breadcrumb","itemListElement":[{"@type":"ListItem","position":1,"name":"Portada","item":"https:\/\/oroverde.gob.ar\/portal\/"},{"@type":"ListItem","position":2,"name":"Como adquirir las entradas para la nueva edici\u00f3n de Oro Verde Canta y Baila"}]},{"@type":"WebSite","@id":"https:\/\/oroverde.gob.ar\/portal\/#website","url":"https:\/\/oroverde.gob.ar\/portal\/","name":"Municipio de Oro Verde","description":"Web Oficial","publisher":{"@id":"https:\/\/oroverde.gob.ar\/portal\/#organization"},"potentialAction":[{"@type":"SearchAction","target":{"@type":"EntryPoint","urlTemplate":"https:\/\/oroverde.gob.ar\/portal\/?s={search_term_string}"},"query-input":{"@type":"PropertyValueSpecification","valueRequired":true,"valueName":"search_term_string"}}],"inLanguage":"es"},{"@type":"Organization","@id":"https:\/\/oroverde.gob.ar\/portal\/#organization","name":"Municipio de Oro Verde","url":"https:\/\/oroverde.gob.ar\/portal\/","logo":{"@type":"ImageObject","inLanguage":"es","@id":"https:\/\/oroverde.gob.ar\/portal\/#\/schema\/logo\/image\/","url":"https:\/\/oroverde.gob.ar\/portal\/wp-content\/uploads\/2024\/06\/cropped-cropped-logo-1.png","contentUrl":"https:\/\/oroverde.gob.ar\/portal\/wp-content\/uploads\/2024\/06\/cropped-cropped-logo-1.png","width":1776,"height":738,"caption":"Municipio de Oro Verde"},"image":{"@id":"https:\/\/oroverde.gob.ar\/portal\/#\/schema\/logo\/image\/"}},{"@type":"Person","@id":"https:\/\/oroverde.gob.ar\/portal\/#\/schema\/person\/b975e0cbcd43b7dcf9c64511ec84f10f","name":"Soledad","image":{"@type":"ImageObject","inLanguage":"es","@id":"https:\/\/secure.gravatar.com\/avatar\/b2f5b6cda565395f31dc94c95932b9b3fbe6275bad58a1579843d3d1607d4a66?s=96&d=mm&r=g","url":"https:\/\/secure.gravatar.com\/avatar\/b2f5b6cda565395f31dc94c95932b9b3fbe6275bad58a1579843d3d1607d4a66?s=96&d=mm&r=g","contentUrl":"https:\/\/secure.gravatar.com\/avatar\/b2f5b6cda565395f31dc94c95932b9b3fbe6275bad58a1579843d3d1607d4a66?s=96&d=mm&r=g","caption":"Soledad"},"url":"https:\/\/oroverde.gob.ar\/portal\/author\/soledad\/"}]}},"_links":{"self":[{"href":"https:\/\/oroverde.gob.ar\/portal\/wp-json\/wp\/v2\/posts\/7765","targetHints":{"allow":["GET"]}}],"collection":[{"href":"https:\/\/oroverde.gob.ar\/portal\/wp-json\/wp\/v2\/posts"}],"about":[{"href":"https:\/\/oroverde.gob.ar\/portal\/wp-json\/wp\/v2\/types\/post"}],"author":[{"embeddable":true,"href":"https:\/\/oroverde.gob.ar\/portal\/wp-json\/wp\/v2\/users\/3"}],"replies":[{"embeddable":true,"href":"https:\/\/oroverde.gob.ar\/portal\/wp-json\/wp\/v2\/comments?post=7765"}],"version-history":[{"count":1,"href":"https:\/\/oroverde.gob.ar\/portal\/wp-json\/wp\/v2\/posts\/7765\/revisions"}],"predecessor-version":[{"id":7767,"href":"https:\/\/oroverde.gob.ar\/portal\/wp-json\/wp\/v2\/posts\/7765\/revisions\/7767"}],"wp:featuredmedia":[{"embeddable":true,"href":"https:\/\/oroverde.gob.ar\/portal\/wp-json\/wp\/v2\/media\/7766"}],"wp:attachment":[{"href":"https:\/\/oroverde.gob.ar\/portal\/wp-json\/wp\/v2\/media?parent=7765"}],"wp:term":[{"taxonomy":"category","embeddable":true,"href":"https:\/\/oroverde.gob.ar\/portal\/wp-json\/wp\/v2\/categories?post=7765"},{"taxonomy":"post_tag","embeddable":true,"href":"https:\/\/oroverde.gob.ar\/portal\/wp-json\/wp\/v2\/tags?post=7765"}],"curies":[{"name":"wp","href":"https:\/\/api.w.org\/{rel}","templated":true}]}}