{"id":7840,"date":"2026-01-22T13:10:52","date_gmt":"2026-01-22T16:10:52","guid":{"rendered":"https:\/\/oroverde.gob.ar\/portal\/?p=7840"},"modified":"2026-01-22T13:10:52","modified_gmt":"2026-01-22T16:10:52","slug":"nueva-edicion-de-oro-verde-canta-y-baila-2","status":"publish","type":"post","link":"https:\/\/oroverde.gob.ar\/portal\/nueva-edicion-de-oro-verde-canta-y-baila-2\/","title":{"rendered":"Nueva edici\u00f3n de Oro Verde Canta y Baila"},"content":{"rendered":"<div class=\"xdj266r x14z9mp xat24cr x1lziwak x1vvkbs x126k92a\">\n<div dir=\"auto\">Se viene una edici\u00f3n de Oro Verde Canta y Baila el 14 de febrero. El escenario principal quedar\u00e1 inaugurado a las 21 hs. en el predio Multieventos (Los Tordos y Los Sauces). Contar\u00e1 con destacados exponentes de la cumbia santafesina como Marcos Castell\u00f3 y Los Lirios. Tambi\u00e9n estar\u00e1n sobre el escenario las Bastoneras Guardia del Paran\u00e1, Tolato Tr\u00edo, Los Majestuosos del Chamam\u00e9, Azul Saita, Ballet Emovere y los ganadores del Certamen de Baile de esta fiesta. Ser\u00e1 con la conducci\u00f3n de Hern\u00e1n Giuricich y Carolina Dum\u00e9.<\/div>\n<\/div>\n<div class=\"x14z9mp xat24cr x1lziwak x1vvkbs xtlvy1s x126k92a\">\n<div dir=\"auto\">Habr\u00e1 una variada propuesta gastron\u00f3mica que estar\u00e1 a cargo de instituciones de la localidad, quienes realizar\u00e1n comidas t\u00edpicas y minutas.<\/div>\n<\/div>\n<div class=\"x14z9mp xat24cr x1lziwak x1vvkbs xtlvy1s x126k92a\">\n<div dir=\"auto\">Tambi\u00e9n contar\u00e1 con stands de feriantes y emprendedores.<\/div>\n<\/div>\n<div class=\"x14z9mp xat24cr x1lziwak x1vvkbs xtlvy1s x126k92a\">\n<div dir=\"auto\">Sobre las entradas:<\/div>\n<\/div>\n<div class=\"x14z9mp xat24cr x1lziwak x1vvkbs xtlvy1s x126k92a\">\n<div dir=\"auto\">Las generales (para quienes no residen en Oro Verde) tienen un costo anticipadas de 5.000 pesos. Pueden conseguirse online ingresando a <span class=\"html-span xdj266r x14z9mp xat24cr x1lziwak xexx8yu xyri2b x18d9i69 x1c1uobl x1hl2dhg x16tdsg8 x1vvkbs\"><a class=\"x1i10hfl xjbqb8w x1ejq31n x18oe1m7 x1sy0etr xstzfhl x972fbf x10w94by x1qhh985 x14e42zd x9f619 x1ypdohk xt0psk2 x3ct3a4 xdj266r x14z9mp xat24cr x1lziwak xexx8yu xyri2b x18d9i69 x1c1uobl x16tdsg8 x1hl2dhg xggy1nq x1a2a7pz xkrqix3 x1sur9pj x1fey0fg x1s688f\" tabindex=\"0\" role=\"link\" href=\"https:\/\/l.facebook.com\/l.php?u=http%3A%2F%2Ftickets.oroverde.gob.ar%2F%3Ffbclid%3DIwZXh0bgNhZW0CMTAAYnJpZBExQVV6QUswNDh6Y0NDblJLWXNydGMGYXBwX2lkEDIyMjAzOTE3ODgyMDA4OTIAAR6TuHbBR1oZVBjyCBDLa2w52WK42ImcZzqkGqgQEfNvAtPGALuwm2fq_1ljNg_aem_x5MeAEgvY8QNasVMkw248Q&amp;h=AT0CLya1INquyXSs087rUK8Ok5Dwd0n8nqvKtAT4j76WOWL4EXEmN5RBDMvCG_agHPjKHXz3_i336KVLMQFc1-_coShvSnv0yTxWfQkimv-b58U1Spb9xhF1sCEfDN35bObV288GKkZexA&amp;__tn__=-UK-R&amp;c[0]=AT2Ad9L3Fd4LiiTRXOKcoB8KAG3LmyNwF6vVTFDs1WMVY18nLPK4z14Eu7EBc_K1fCosmGp436RPfAjib8_SpHcW2ik6gxInBkANKg78ihw-m-pZXvZevLYwwq49cvR9_Gxi6z0w3MuBQLhcGNiknZtdwEG383wRVSiRwmne1NZmFAJ7-19WO5J27Qr3321QZzk0uRiu2mmRzpCNy0ReSdZVeCTV18e3uIQzmA\" target=\"_blank\" rel=\"nofollow noopener noreferrer\">http:\/\/tickets.oroverde.gob.ar<\/a><\/span><\/div>\n<\/div>\n<div class=\"x14z9mp xat24cr x1lziwak x1vvkbs xtlvy1s x126k92a\">\n<div dir=\"auto\">Entradas anticipadas PARA OROVERDENSES salen 3.000 pesos y se venden en el Complejo de Piletas Municipal (Los Tordos y Los Sauces) de lunes a viernes de 13 a 19 hs. (se debe presentar el DNI que acredite domicilio).<\/div>\n<\/div>\n<div class=\"x14z9mp xat24cr x1lziwak x1vvkbs xtlvy1s x126k92a\">\n<div dir=\"auto\">EN PUERTA el d\u00eda de la fiesta costar\u00e1n 8.000 pesos para oroverdenses y 10.000 pesos para no residentes (generales).<\/div>\n<\/div>\n<div class=\"x14z9mp xat24cr x1lziwak x1vvkbs xtlvy1s x126k92a\">\n<div dir=\"auto\">Los jubilados que no residan en la localidad abonar\u00e1n 5.000 pesos en puerta (sin venta online) y los jubilados o pensionados oroverdenses entran tienen pase gratuito.<\/div>\n<\/div>\n<div class=\"x14z9mp xat24cr x1lziwak x1vvkbs xtlvy1s x126k92a\">\n<div dir=\"auto\">Las personas con discapacidad (con certificado y un acompa\u00f1ante), como as\u00ed tambi\u00e9n los menores de 12 a\u00f1os (residentes y no residentes) entran gratis.<\/div>\n<\/div>\n<div class=\"x14z9mp xat24cr x1lziwak x1vvkbs xtlvy1s x126k92a\">\n<div dir=\"auto\">El s\u00e1bado 7 de febrero se realizar\u00e1 el certamen de baile y los ganadores estar\u00e1n sobre el escenario de esta fiesta presentando todo su talento en la gran noche del 14 \u00a1Los esperamos!<\/div>\n<\/div>\n","protected":false},"excerpt":{"rendered":"<p>Se viene una edici\u00f3n de Oro Verde Canta y Baila el 14 de febrero. El escenario principal quedar\u00e1 inaugurado a las 21 hs. en el predio Multieventos (Los Tordos y Los Sauces). Contar\u00e1 con destacados exponentes de la cumbia santafesina como Marcos Castell\u00f3 &hellip;<\/p>\n","protected":false},"author":3,"featured_media":7766,"comment_status":"closed","ping_status":"closed","sticky":false,"template":"","format":"standard","meta":{"footnotes":""},"categories":[1],"tags":[],"class_list":["post-7840","post","type-post","status-publish","format-standard","has-post-thumbnail","hentry","category-municipio"],"yoast_head":"<!-- This site is optimized with the Yoast SEO plugin v27.5 - https:\/\/yoast.com\/product\/yoast-seo-wordpress\/ -->\n<title>Nueva edici\u00f3n de Oro Verde Canta y Baila - Municipio de Oro Verde<\/title>\n<meta name=\"robots\" content=\"index, follow, max-snippet:-1, max-image-preview:large, max-video-preview:-1\" \/>\n<link rel=\"canonical\" href=\"https:\/\/oroverde.gob.ar\/portal\/nueva-edicion-de-oro-verde-canta-y-baila-2\/\" \/>\n<meta property=\"og:locale\" content=\"es_ES\" \/>\n<meta property=\"og:type\" content=\"article\" \/>\n<meta property=\"og:title\" content=\"Nueva edici\u00f3n de Oro Verde Canta y Baila - Municipio de Oro Verde\" \/>\n<meta property=\"og:description\" content=\"Se viene una edici\u00f3n de Oro Verde Canta y Baila el 14 de febrero. El escenario principal quedar\u00e1 inaugurado a las 21 hs. en el predio Multieventos (Los Tordos y Los Sauces). Contar\u00e1 con destacados exponentes de la cumbia santafesina como Marcos Castell\u00f3 &hellip;\" \/>\n<meta property=\"og:url\" content=\"https:\/\/oroverde.gob.ar\/portal\/nueva-edicion-de-oro-verde-canta-y-baila-2\/\" \/>\n<meta property=\"og:site_name\" content=\"Municipio de Oro Verde\" \/>\n<meta property=\"article:published_time\" content=\"2026-01-22T16:10:52+00:00\" \/>\n<meta property=\"og:image\" content=\"https:\/\/oroverde.gob.ar\/portal\/wp-content\/uploads\/2026\/01\/Oor-Verde-Canta-y-Baila.webp\" \/>\n\t<meta property=\"og:image:width\" content=\"1024\" \/>\n\t<meta property=\"og:image:height\" content=\"682\" \/>\n\t<meta property=\"og:image:type\" content=\"image\/webp\" \/>\n<meta name=\"author\" content=\"Soledad\" \/>\n<meta name=\"twitter:card\" content=\"summary_large_image\" \/>\n<meta name=\"twitter:label1\" content=\"Escrito por\" \/>\n\t<meta name=\"twitter:data1\" content=\"Soledad\" \/>\n\t<meta name=\"twitter:label2\" content=\"Tiempo de lectura\" \/>\n\t<meta name=\"twitter:data2\" content=\"2 minutos\" \/>\n<script type=\"application\/ld+json\" class=\"yoast-schema-graph\">{\"@context\":\"https:\\\/\\\/schema.org\",\"@graph\":[{\"@type\":\"Article\",\"@id\":\"https:\\\/\\\/oroverde.gob.ar\\\/portal\\\/nueva-edicion-de-oro-verde-canta-y-baila-2\\\/#article\",\"isPartOf\":{\"@id\":\"https:\\\/\\\/oroverde.gob.ar\\\/portal\\\/nueva-edicion-de-oro-verde-canta-y-baila-2\\\/\"},\"author\":{\"name\":\"Soledad\",\"@id\":\"https:\\\/\\\/oroverde.gob.ar\\\/portal\\\/#\\\/schema\\\/person\\\/b975e0cbcd43b7dcf9c64511ec84f10f\"},\"headline\":\"Nueva edici\u00f3n de Oro Verde Canta y Baila\",\"datePublished\":\"2026-01-22T16:10:52+00:00\",\"mainEntityOfPage\":{\"@id\":\"https:\\\/\\\/oroverde.gob.ar\\\/portal\\\/nueva-edicion-de-oro-verde-canta-y-baila-2\\\/\"},\"wordCount\":297,\"publisher\":{\"@id\":\"https:\\\/\\\/oroverde.gob.ar\\\/portal\\\/#organization\"},\"image\":{\"@id\":\"https:\\\/\\\/oroverde.gob.ar\\\/portal\\\/nueva-edicion-de-oro-verde-canta-y-baila-2\\\/#primaryimage\"},\"thumbnailUrl\":\"https:\\\/\\\/oroverde.gob.ar\\\/portal\\\/wp-content\\\/uploads\\\/2026\\\/01\\\/Oor-Verde-Canta-y-Baila.webp\",\"articleSection\":[\"Municipio\"],\"inLanguage\":\"es\"},{\"@type\":\"WebPage\",\"@id\":\"https:\\\/\\\/oroverde.gob.ar\\\/portal\\\/nueva-edicion-de-oro-verde-canta-y-baila-2\\\/\",\"url\":\"https:\\\/\\\/oroverde.gob.ar\\\/portal\\\/nueva-edicion-de-oro-verde-canta-y-baila-2\\\/\",\"name\":\"Nueva edici\u00f3n de Oro Verde Canta y Baila - Municipio de Oro Verde\",\"isPartOf\":{\"@id\":\"https:\\\/\\\/oroverde.gob.ar\\\/portal\\\/#website\"},\"primaryImageOfPage\":{\"@id\":\"https:\\\/\\\/oroverde.gob.ar\\\/portal\\\/nueva-edicion-de-oro-verde-canta-y-baila-2\\\/#primaryimage\"},\"image\":{\"@id\":\"https:\\\/\\\/oroverde.gob.ar\\\/portal\\\/nueva-edicion-de-oro-verde-canta-y-baila-2\\\/#primaryimage\"},\"thumbnailUrl\":\"https:\\\/\\\/oroverde.gob.ar\\\/portal\\\/wp-content\\\/uploads\\\/2026\\\/01\\\/Oor-Verde-Canta-y-Baila.webp\",\"datePublished\":\"2026-01-22T16:10:52+00:00\",\"breadcrumb\":{\"@id\":\"https:\\\/\\\/oroverde.gob.ar\\\/portal\\\/nueva-edicion-de-oro-verde-canta-y-baila-2\\\/#breadcrumb\"},\"inLanguage\":\"es\",\"potentialAction\":[{\"@type\":\"ReadAction\",\"target\":[\"https:\\\/\\\/oroverde.gob.ar\\\/portal\\\/nueva-edicion-de-oro-verde-canta-y-baila-2\\\/\"]}]},{\"@type\":\"ImageObject\",\"inLanguage\":\"es\",\"@id\":\"https:\\\/\\\/oroverde.gob.ar\\\/portal\\\/nueva-edicion-de-oro-verde-canta-y-baila-2\\\/#primaryimage\",\"url\":\"https:\\\/\\\/oroverde.gob.ar\\\/portal\\\/wp-content\\\/uploads\\\/2026\\\/01\\\/Oor-Verde-Canta-y-Baila.webp\",\"contentUrl\":\"https:\\\/\\\/oroverde.gob.ar\\\/portal\\\/wp-content\\\/uploads\\\/2026\\\/01\\\/Oor-Verde-Canta-y-Baila.webp\",\"width\":1024,\"height\":682},{\"@type\":\"BreadcrumbList\",\"@id\":\"https:\\\/\\\/oroverde.gob.ar\\\/portal\\\/nueva-edicion-de-oro-verde-canta-y-baila-2\\\/#breadcrumb\",\"itemListElement\":[{\"@type\":\"ListItem\",\"position\":1,\"name\":\"Portada\",\"item\":\"https:\\\/\\\/oroverde.gob.ar\\\/portal\\\/\"},{\"@type\":\"ListItem\",\"position\":2,\"name\":\"Nueva edici\u00f3n de Oro Verde Canta y Baila\"}]},{\"@type\":\"WebSite\",\"@id\":\"https:\\\/\\\/oroverde.gob.ar\\\/portal\\\/#website\",\"url\":\"https:\\\/\\\/oroverde.gob.ar\\\/portal\\\/\",\"name\":\"Municipio de Oro Verde\",\"description\":\"Web Oficial\",\"publisher\":{\"@id\":\"https:\\\/\\\/oroverde.gob.ar\\\/portal\\\/#organization\"},\"potentialAction\":[{\"@type\":\"SearchAction\",\"target\":{\"@type\":\"EntryPoint\",\"urlTemplate\":\"https:\\\/\\\/oroverde.gob.ar\\\/portal\\\/?s={search_term_string}\"},\"query-input\":{\"@type\":\"PropertyValueSpecification\",\"valueRequired\":true,\"valueName\":\"search_term_string\"}}],\"inLanguage\":\"es\"},{\"@type\":\"Organization\",\"@id\":\"https:\\\/\\\/oroverde.gob.ar\\\/portal\\\/#organization\",\"name\":\"Municipio de Oro Verde\",\"url\":\"https:\\\/\\\/oroverde.gob.ar\\\/portal\\\/\",\"logo\":{\"@type\":\"ImageObject\",\"inLanguage\":\"es\",\"@id\":\"https:\\\/\\\/oroverde.gob.ar\\\/portal\\\/#\\\/schema\\\/logo\\\/image\\\/\",\"url\":\"https:\\\/\\\/oroverde.gob.ar\\\/portal\\\/wp-content\\\/uploads\\\/2024\\\/06\\\/cropped-cropped-logo-1.png\",\"contentUrl\":\"https:\\\/\\\/oroverde.gob.ar\\\/portal\\\/wp-content\\\/uploads\\\/2024\\\/06\\\/cropped-cropped-logo-1.png\",\"width\":1776,\"height\":738,\"caption\":\"Municipio de Oro Verde\"},\"image\":{\"@id\":\"https:\\\/\\\/oroverde.gob.ar\\\/portal\\\/#\\\/schema\\\/logo\\\/image\\\/\"}},{\"@type\":\"Person\",\"@id\":\"https:\\\/\\\/oroverde.gob.ar\\\/portal\\\/#\\\/schema\\\/person\\\/b975e0cbcd43b7dcf9c64511ec84f10f\",\"name\":\"Soledad\",\"image\":{\"@type\":\"ImageObject\",\"inLanguage\":\"es\",\"@id\":\"https:\\\/\\\/secure.gravatar.com\\\/avatar\\\/b2f5b6cda565395f31dc94c95932b9b3fbe6275bad58a1579843d3d1607d4a66?s=96&d=mm&r=g\",\"url\":\"https:\\\/\\\/secure.gravatar.com\\\/avatar\\\/b2f5b6cda565395f31dc94c95932b9b3fbe6275bad58a1579843d3d1607d4a66?s=96&d=mm&r=g\",\"contentUrl\":\"https:\\\/\\\/secure.gravatar.com\\\/avatar\\\/b2f5b6cda565395f31dc94c95932b9b3fbe6275bad58a1579843d3d1607d4a66?s=96&d=mm&r=g\",\"caption\":\"Soledad\"},\"url\":\"https:\\\/\\\/oroverde.gob.ar\\\/portal\\\/author\\\/soledad\\\/\"}]}<\/script>\n<!-- \/ Yoast SEO plugin. -->","yoast_head_json":{"title":"Nueva edici\u00f3n de Oro Verde Canta y Baila - Municipio de Oro Verde","robots":{"index":"index","follow":"follow","max-snippet":"max-snippet:-1","max-image-preview":"max-image-preview:large","max-video-preview":"max-video-preview:-1"},"canonical":"https:\/\/oroverde.gob.ar\/portal\/nueva-edicion-de-oro-verde-canta-y-baila-2\/","og_locale":"es_ES","og_type":"article","og_title":"Nueva edici\u00f3n de Oro Verde Canta y Baila - Municipio de Oro Verde","og_description":"Se viene una edici\u00f3n de Oro Verde Canta y Baila el 14 de febrero. El escenario principal quedar\u00e1 inaugurado a las 21 hs. en el predio Multieventos (Los Tordos y Los Sauces). Contar\u00e1 con destacados exponentes de la cumbia santafesina como Marcos Castell\u00f3 &hellip;","og_url":"https:\/\/oroverde.gob.ar\/portal\/nueva-edicion-de-oro-verde-canta-y-baila-2\/","og_site_name":"Municipio de Oro Verde","article_published_time":"2026-01-22T16:10:52+00:00","og_image":[{"width":1024,"height":682,"url":"https:\/\/oroverde.gob.ar\/portal\/wp-content\/uploads\/2026\/01\/Oor-Verde-Canta-y-Baila.webp","type":"image\/webp"}],"author":"Soledad","twitter_card":"summary_large_image","twitter_misc":{"Escrito por":"Soledad","Tiempo de lectura":"2 minutos"},"schema":{"@context":"https:\/\/schema.org","@graph":[{"@type":"Article","@id":"https:\/\/oroverde.gob.ar\/portal\/nueva-edicion-de-oro-verde-canta-y-baila-2\/#article","isPartOf":{"@id":"https:\/\/oroverde.gob.ar\/portal\/nueva-edicion-de-oro-verde-canta-y-baila-2\/"},"author":{"name":"Soledad","@id":"https:\/\/oroverde.gob.ar\/portal\/#\/schema\/person\/b975e0cbcd43b7dcf9c64511ec84f10f"},"headline":"Nueva edici\u00f3n de Oro Verde Canta y Baila","datePublished":"2026-01-22T16:10:52+00:00","mainEntityOfPage":{"@id":"https:\/\/oroverde.gob.ar\/portal\/nueva-edicion-de-oro-verde-canta-y-baila-2\/"},"wordCount":297,"publisher":{"@id":"https:\/\/oroverde.gob.ar\/portal\/#organization"},"image":{"@id":"https:\/\/oroverde.gob.ar\/portal\/nueva-edicion-de-oro-verde-canta-y-baila-2\/#primaryimage"},"thumbnailUrl":"https:\/\/oroverde.gob.ar\/portal\/wp-content\/uploads\/2026\/01\/Oor-Verde-Canta-y-Baila.webp","articleSection":["Municipio"],"inLanguage":"es"},{"@type":"WebPage","@id":"https:\/\/oroverde.gob.ar\/portal\/nueva-edicion-de-oro-verde-canta-y-baila-2\/","url":"https:\/\/oroverde.gob.ar\/portal\/nueva-edicion-de-oro-verde-canta-y-baila-2\/","name":"Nueva edici\u00f3n de Oro Verde Canta y Baila - Municipio de Oro Verde","isPartOf":{"@id":"https:\/\/oroverde.gob.ar\/portal\/#website"},"primaryImageOfPage":{"@id":"https:\/\/oroverde.gob.ar\/portal\/nueva-edicion-de-oro-verde-canta-y-baila-2\/#primaryimage"},"image":{"@id":"https:\/\/oroverde.gob.ar\/portal\/nueva-edicion-de-oro-verde-canta-y-baila-2\/#primaryimage"},"thumbnailUrl":"https:\/\/oroverde.gob.ar\/portal\/wp-content\/uploads\/2026\/01\/Oor-Verde-Canta-y-Baila.webp","datePublished":"2026-01-22T16:10:52+00:00","breadcrumb":{"@id":"https:\/\/oroverde.gob.ar\/portal\/nueva-edicion-de-oro-verde-canta-y-baila-2\/#breadcrumb"},"inLanguage":"es","potentialAction":[{"@type":"ReadAction","target":["https:\/\/oroverde.gob.ar\/portal\/nueva-edicion-de-oro-verde-canta-y-baila-2\/"]}]},{"@type":"ImageObject","inLanguage":"es","@id":"https:\/\/oroverde.gob.ar\/portal\/nueva-edicion-de-oro-verde-canta-y-baila-2\/#primaryimage","url":"https:\/\/oroverde.gob.ar\/portal\/wp-content\/uploads\/2026\/01\/Oor-Verde-Canta-y-Baila.webp","contentUrl":"https:\/\/oroverde.gob.ar\/portal\/wp-content\/uploads\/2026\/01\/Oor-Verde-Canta-y-Baila.webp","width":1024,"height":682},{"@type":"BreadcrumbList","@id":"https:\/\/oroverde.gob.ar\/portal\/nueva-edicion-de-oro-verde-canta-y-baila-2\/#breadcrumb","itemListElement":[{"@type":"ListItem","position":1,"name":"Portada","item":"https:\/\/oroverde.gob.ar\/portal\/"},{"@type":"ListItem","position":2,"name":"Nueva edici\u00f3n de Oro Verde Canta y Baila"}]},{"@type":"WebSite","@id":"https:\/\/oroverde.gob.ar\/portal\/#website","url":"https:\/\/oroverde.gob.ar\/portal\/","name":"Municipio de Oro Verde","description":"Web Oficial","publisher":{"@id":"https:\/\/oroverde.gob.ar\/portal\/#organization"},"potentialAction":[{"@type":"SearchAction","target":{"@type":"EntryPoint","urlTemplate":"https:\/\/oroverde.gob.ar\/portal\/?s={search_term_string}"},"query-input":{"@type":"PropertyValueSpecification","valueRequired":true,"valueName":"search_term_string"}}],"inLanguage":"es"},{"@type":"Organization","@id":"https:\/\/oroverde.gob.ar\/portal\/#organization","name":"Municipio de Oro Verde","url":"https:\/\/oroverde.gob.ar\/portal\/","logo":{"@type":"ImageObject","inLanguage":"es","@id":"https:\/\/oroverde.gob.ar\/portal\/#\/schema\/logo\/image\/","url":"https:\/\/oroverde.gob.ar\/portal\/wp-content\/uploads\/2024\/06\/cropped-cropped-logo-1.png","contentUrl":"https:\/\/oroverde.gob.ar\/portal\/wp-content\/uploads\/2024\/06\/cropped-cropped-logo-1.png","width":1776,"height":738,"caption":"Municipio de Oro Verde"},"image":{"@id":"https:\/\/oroverde.gob.ar\/portal\/#\/schema\/logo\/image\/"}},{"@type":"Person","@id":"https:\/\/oroverde.gob.ar\/portal\/#\/schema\/person\/b975e0cbcd43b7dcf9c64511ec84f10f","name":"Soledad","image":{"@type":"ImageObject","inLanguage":"es","@id":"https:\/\/secure.gravatar.com\/avatar\/b2f5b6cda565395f31dc94c95932b9b3fbe6275bad58a1579843d3d1607d4a66?s=96&d=mm&r=g","url":"https:\/\/secure.gravatar.com\/avatar\/b2f5b6cda565395f31dc94c95932b9b3fbe6275bad58a1579843d3d1607d4a66?s=96&d=mm&r=g","contentUrl":"https:\/\/secure.gravatar.com\/avatar\/b2f5b6cda565395f31dc94c95932b9b3fbe6275bad58a1579843d3d1607d4a66?s=96&d=mm&r=g","caption":"Soledad"},"url":"https:\/\/oroverde.gob.ar\/portal\/author\/soledad\/"}]}},"_links":{"self":[{"href":"https:\/\/oroverde.gob.ar\/portal\/wp-json\/wp\/v2\/posts\/7840","targetHints":{"allow":["GET"]}}],"collection":[{"href":"https:\/\/oroverde.gob.ar\/portal\/wp-json\/wp\/v2\/posts"}],"about":[{"href":"https:\/\/oroverde.gob.ar\/portal\/wp-json\/wp\/v2\/types\/post"}],"author":[{"embeddable":true,"href":"https:\/\/oroverde.gob.ar\/portal\/wp-json\/wp\/v2\/users\/3"}],"replies":[{"embeddable":true,"href":"https:\/\/oroverde.gob.ar\/portal\/wp-json\/wp\/v2\/comments?post=7840"}],"version-history":[{"count":1,"href":"https:\/\/oroverde.gob.ar\/portal\/wp-json\/wp\/v2\/posts\/7840\/revisions"}],"predecessor-version":[{"id":7841,"href":"https:\/\/oroverde.gob.ar\/portal\/wp-json\/wp\/v2\/posts\/7840\/revisions\/7841"}],"wp:featuredmedia":[{"embeddable":true,"href":"https:\/\/oroverde.gob.ar\/portal\/wp-json\/wp\/v2\/media\/7766"}],"wp:attachment":[{"href":"https:\/\/oroverde.gob.ar\/portal\/wp-json\/wp\/v2\/media?parent=7840"}],"wp:term":[{"taxonomy":"category","embeddable":true,"href":"https:\/\/oroverde.gob.ar\/portal\/wp-json\/wp\/v2\/categories?post=7840"},{"taxonomy":"post_tag","embeddable":true,"href":"https:\/\/oroverde.gob.ar\/portal\/wp-json\/wp\/v2\/tags?post=7840"}],"curies":[{"name":"wp","href":"https:\/\/api.w.org\/{rel}","templated":true}]}}