{"id":7954,"date":"2026-02-10T12:57:28","date_gmt":"2026-02-10T15:57:28","guid":{"rendered":"https:\/\/oroverde.gob.ar\/portal\/?p=7954"},"modified":"2026-02-10T12:57:28","modified_gmt":"2026-02-10T15:57:28","slug":"jornada-deportiva-y-operativo-informativo-asesoria-para-familiares-de-personas-con-discapacidad","status":"publish","type":"post","link":"https:\/\/oroverde.gob.ar\/portal\/jornada-deportiva-y-operativo-informativo-asesoria-para-familiares-de-personas-con-discapacidad\/","title":{"rendered":"Jornada deportiva y operativo informativo\/asesor\u00eda para familiares de personas con discapacidad"},"content":{"rendered":"<div class=\"xdj266r x14z9mp xat24cr x1lziwak x1vvkbs x126k92a\">\n<div dir=\"auto\">El \u00e1rea de Deporte, Recreaci\u00f3n y Turismo del Municipio de Oro Verde invita a las personas interesadas a participar de esta jornada en la que buscar\u00e1n coordinar actividades y brindar\u00e1n asesoramiento. Estos encuentros, organizados por una asociaci\u00f3n de padres, se ir\u00e1n realizando en las diferentes localidades una vez puestas en marcha.<\/div>\n<div dir=\"auto\">Este encuentro ser\u00e1 este s\u00e1bado 14 de febrero de 9 a 11 hs. en el Club A. Olimpia de Paran\u00e1<\/div>\n<\/div>\n<div class=\"x14z9mp xat24cr x1lziwak x1vvkbs xtlvy1s x126k92a\">\n<div dir=\"auto\"><span class=\"html-span xexx8yu xyri2b x18d9i69 x1c1uobl x1hl2dhg x16tdsg8 x1vvkbs x3nfvp2 x1j61x8r x1fcty0u xdj266r xat24cr xm2jcoa x1mpyi22 xxymvpz xlup9mm x1kky2od\">Contar\u00e1 <\/span>\u00a0con organismos de la provincia informando y asesorando legalmente en: becas deportivas y educativas, CUD, curatelas.<\/div>\n<\/div>\n<div class=\"x14z9mp xat24cr x1lziwak x1vvkbs xtlvy1s x126k92a\">\n<div dir=\"auto\">Contacto para informaci\u00f3n y asistir a la reuni\u00f3n: 343 67-7184<\/div>\n<\/div>\n<div class=\"x14z9mp xat24cr x1lziwak x1vvkbs xtlvy1s x126k92a\">\n<div dir=\"auto\">Acompa\u00f1an: Secretar\u00eda de deporte adaptado de Entre R\u00edos, Iprodi, Inaubepro, Club Atl\u00e9tico Olimpia, Municipio de Oro Verde y Municipio de San Benito.<\/div>\n<\/div>\n","protected":false},"excerpt":{"rendered":"<p>El \u00e1rea de Deporte, Recreaci\u00f3n y Turismo del Municipio de Oro Verde invita a las personas interesadas a participar de esta jornada en la que buscar\u00e1n coordinar actividades y brindar\u00e1n asesoramiento. Estos encuentros, organizados por una asociaci\u00f3n de padres, se ir\u00e1n realizando en &hellip;<\/p>\n","protected":false},"author":3,"featured_media":7955,"comment_status":"closed","ping_status":"closed","sticky":false,"template":"","format":"standard","meta":{"footnotes":""},"categories":[25],"tags":[],"class_list":["post-7954","post","type-post","status-publish","format-standard","has-post-thumbnail","hentry","category-gobierno"],"yoast_head":"<!-- This site is optimized with the Yoast SEO plugin v27.5 - https:\/\/yoast.com\/product\/yoast-seo-wordpress\/ -->\n<title>Jornada deportiva y operativo informativo\/asesor\u00eda para familiares de personas con discapacidad - Municipio de Oro Verde<\/title>\n<meta name=\"robots\" content=\"index, follow, max-snippet:-1, max-image-preview:large, max-video-preview:-1\" \/>\n<link rel=\"canonical\" href=\"https:\/\/oroverde.gob.ar\/portal\/jornada-deportiva-y-operativo-informativo-asesoria-para-familiares-de-personas-con-discapacidad\/\" \/>\n<meta property=\"og:locale\" content=\"es_ES\" \/>\n<meta property=\"og:type\" content=\"article\" \/>\n<meta property=\"og:title\" content=\"Jornada deportiva y operativo informativo\/asesor\u00eda para familiares de personas con discapacidad - Municipio de Oro Verde\" \/>\n<meta property=\"og:description\" content=\"El \u00e1rea de Deporte, Recreaci\u00f3n y Turismo del Municipio de Oro Verde invita a las personas interesadas a participar de esta jornada en la que buscar\u00e1n coordinar actividades y brindar\u00e1n asesoramiento. Estos encuentros, organizados por una asociaci\u00f3n de padres, se ir\u00e1n realizando en &hellip;\" \/>\n<meta property=\"og:url\" content=\"https:\/\/oroverde.gob.ar\/portal\/jornada-deportiva-y-operativo-informativo-asesoria-para-familiares-de-personas-con-discapacidad\/\" \/>\n<meta property=\"og:site_name\" content=\"Municipio de Oro Verde\" \/>\n<meta property=\"article:published_time\" content=\"2026-02-10T15:57:28+00:00\" \/>\n<meta property=\"og:image\" content=\"https:\/\/oroverde.gob.ar\/portal\/wp-content\/uploads\/2026\/02\/diversidad-funcional.jpg\" \/>\n\t<meta property=\"og:image:width\" content=\"1000\" \/>\n\t<meta property=\"og:image:height\" content=\"667\" \/>\n\t<meta property=\"og:image:type\" content=\"image\/jpeg\" \/>\n<meta name=\"author\" content=\"Soledad\" \/>\n<meta name=\"twitter:card\" content=\"summary_large_image\" \/>\n<meta name=\"twitter:label1\" content=\"Escrito por\" \/>\n\t<meta name=\"twitter:data1\" content=\"Soledad\" \/>\n\t<meta name=\"twitter:label2\" content=\"Tiempo de lectura\" \/>\n\t<meta name=\"twitter:data2\" content=\"1 minuto\" \/>\n<script type=\"application\/ld+json\" class=\"yoast-schema-graph\">{\"@context\":\"https:\\\/\\\/schema.org\",\"@graph\":[{\"@type\":\"Article\",\"@id\":\"https:\\\/\\\/oroverde.gob.ar\\\/portal\\\/jornada-deportiva-y-operativo-informativo-asesoria-para-familiares-de-personas-con-discapacidad\\\/#article\",\"isPartOf\":{\"@id\":\"https:\\\/\\\/oroverde.gob.ar\\\/portal\\\/jornada-deportiva-y-operativo-informativo-asesoria-para-familiares-de-personas-con-discapacidad\\\/\"},\"author\":{\"name\":\"Soledad\",\"@id\":\"https:\\\/\\\/oroverde.gob.ar\\\/portal\\\/#\\\/schema\\\/person\\\/b975e0cbcd43b7dcf9c64511ec84f10f\"},\"headline\":\"Jornada deportiva y operativo informativo\\\/asesor\u00eda para familiares de personas con discapacidad\",\"datePublished\":\"2026-02-10T15:57:28+00:00\",\"mainEntityOfPage\":{\"@id\":\"https:\\\/\\\/oroverde.gob.ar\\\/portal\\\/jornada-deportiva-y-operativo-informativo-asesoria-para-familiares-de-personas-con-discapacidad\\\/\"},\"wordCount\":141,\"publisher\":{\"@id\":\"https:\\\/\\\/oroverde.gob.ar\\\/portal\\\/#organization\"},\"image\":{\"@id\":\"https:\\\/\\\/oroverde.gob.ar\\\/portal\\\/jornada-deportiva-y-operativo-informativo-asesoria-para-familiares-de-personas-con-discapacidad\\\/#primaryimage\"},\"thumbnailUrl\":\"https:\\\/\\\/oroverde.gob.ar\\\/portal\\\/wp-content\\\/uploads\\\/2026\\\/02\\\/diversidad-funcional.jpg\",\"articleSection\":[\"Gobierno\"],\"inLanguage\":\"es\"},{\"@type\":\"WebPage\",\"@id\":\"https:\\\/\\\/oroverde.gob.ar\\\/portal\\\/jornada-deportiva-y-operativo-informativo-asesoria-para-familiares-de-personas-con-discapacidad\\\/\",\"url\":\"https:\\\/\\\/oroverde.gob.ar\\\/portal\\\/jornada-deportiva-y-operativo-informativo-asesoria-para-familiares-de-personas-con-discapacidad\\\/\",\"name\":\"Jornada deportiva y operativo informativo\\\/asesor\u00eda para familiares de personas con discapacidad - Municipio de Oro Verde\",\"isPartOf\":{\"@id\":\"https:\\\/\\\/oroverde.gob.ar\\\/portal\\\/#website\"},\"primaryImageOfPage\":{\"@id\":\"https:\\\/\\\/oroverde.gob.ar\\\/portal\\\/jornada-deportiva-y-operativo-informativo-asesoria-para-familiares-de-personas-con-discapacidad\\\/#primaryimage\"},\"image\":{\"@id\":\"https:\\\/\\\/oroverde.gob.ar\\\/portal\\\/jornada-deportiva-y-operativo-informativo-asesoria-para-familiares-de-personas-con-discapacidad\\\/#primaryimage\"},\"thumbnailUrl\":\"https:\\\/\\\/oroverde.gob.ar\\\/portal\\\/wp-content\\\/uploads\\\/2026\\\/02\\\/diversidad-funcional.jpg\",\"datePublished\":\"2026-02-10T15:57:28+00:00\",\"breadcrumb\":{\"@id\":\"https:\\\/\\\/oroverde.gob.ar\\\/portal\\\/jornada-deportiva-y-operativo-informativo-asesoria-para-familiares-de-personas-con-discapacidad\\\/#breadcrumb\"},\"inLanguage\":\"es\",\"potentialAction\":[{\"@type\":\"ReadAction\",\"target\":[\"https:\\\/\\\/oroverde.gob.ar\\\/portal\\\/jornada-deportiva-y-operativo-informativo-asesoria-para-familiares-de-personas-con-discapacidad\\\/\"]}]},{\"@type\":\"ImageObject\",\"inLanguage\":\"es\",\"@id\":\"https:\\\/\\\/oroverde.gob.ar\\\/portal\\\/jornada-deportiva-y-operativo-informativo-asesoria-para-familiares-de-personas-con-discapacidad\\\/#primaryimage\",\"url\":\"https:\\\/\\\/oroverde.gob.ar\\\/portal\\\/wp-content\\\/uploads\\\/2026\\\/02\\\/diversidad-funcional.jpg\",\"contentUrl\":\"https:\\\/\\\/oroverde.gob.ar\\\/portal\\\/wp-content\\\/uploads\\\/2026\\\/02\\\/diversidad-funcional.jpg\",\"width\":1000,\"height\":667},{\"@type\":\"BreadcrumbList\",\"@id\":\"https:\\\/\\\/oroverde.gob.ar\\\/portal\\\/jornada-deportiva-y-operativo-informativo-asesoria-para-familiares-de-personas-con-discapacidad\\\/#breadcrumb\",\"itemListElement\":[{\"@type\":\"ListItem\",\"position\":1,\"name\":\"Portada\",\"item\":\"https:\\\/\\\/oroverde.gob.ar\\\/portal\\\/\"},{\"@type\":\"ListItem\",\"position\":2,\"name\":\"Jornada deportiva y operativo informativo\\\/asesor\u00eda para familiares de personas con discapacidad\"}]},{\"@type\":\"WebSite\",\"@id\":\"https:\\\/\\\/oroverde.gob.ar\\\/portal\\\/#website\",\"url\":\"https:\\\/\\\/oroverde.gob.ar\\\/portal\\\/\",\"name\":\"Municipio de Oro Verde\",\"description\":\"Web Oficial\",\"publisher\":{\"@id\":\"https:\\\/\\\/oroverde.gob.ar\\\/portal\\\/#organization\"},\"potentialAction\":[{\"@type\":\"SearchAction\",\"target\":{\"@type\":\"EntryPoint\",\"urlTemplate\":\"https:\\\/\\\/oroverde.gob.ar\\\/portal\\\/?s={search_term_string}\"},\"query-input\":{\"@type\":\"PropertyValueSpecification\",\"valueRequired\":true,\"valueName\":\"search_term_string\"}}],\"inLanguage\":\"es\"},{\"@type\":\"Organization\",\"@id\":\"https:\\\/\\\/oroverde.gob.ar\\\/portal\\\/#organization\",\"name\":\"Municipio de Oro Verde\",\"url\":\"https:\\\/\\\/oroverde.gob.ar\\\/portal\\\/\",\"logo\":{\"@type\":\"ImageObject\",\"inLanguage\":\"es\",\"@id\":\"https:\\\/\\\/oroverde.gob.ar\\\/portal\\\/#\\\/schema\\\/logo\\\/image\\\/\",\"url\":\"https:\\\/\\\/oroverde.gob.ar\\\/portal\\\/wp-content\\\/uploads\\\/2024\\\/06\\\/cropped-cropped-logo-1.png\",\"contentUrl\":\"https:\\\/\\\/oroverde.gob.ar\\\/portal\\\/wp-content\\\/uploads\\\/2024\\\/06\\\/cropped-cropped-logo-1.png\",\"width\":1776,\"height\":738,\"caption\":\"Municipio de Oro Verde\"},\"image\":{\"@id\":\"https:\\\/\\\/oroverde.gob.ar\\\/portal\\\/#\\\/schema\\\/logo\\\/image\\\/\"}},{\"@type\":\"Person\",\"@id\":\"https:\\\/\\\/oroverde.gob.ar\\\/portal\\\/#\\\/schema\\\/person\\\/b975e0cbcd43b7dcf9c64511ec84f10f\",\"name\":\"Soledad\",\"image\":{\"@type\":\"ImageObject\",\"inLanguage\":\"es\",\"@id\":\"https:\\\/\\\/secure.gravatar.com\\\/avatar\\\/b2f5b6cda565395f31dc94c95932b9b3fbe6275bad58a1579843d3d1607d4a66?s=96&d=mm&r=g\",\"url\":\"https:\\\/\\\/secure.gravatar.com\\\/avatar\\\/b2f5b6cda565395f31dc94c95932b9b3fbe6275bad58a1579843d3d1607d4a66?s=96&d=mm&r=g\",\"contentUrl\":\"https:\\\/\\\/secure.gravatar.com\\\/avatar\\\/b2f5b6cda565395f31dc94c95932b9b3fbe6275bad58a1579843d3d1607d4a66?s=96&d=mm&r=g\",\"caption\":\"Soledad\"},\"url\":\"https:\\\/\\\/oroverde.gob.ar\\\/portal\\\/author\\\/soledad\\\/\"}]}<\/script>\n<!-- \/ Yoast SEO plugin. -->","yoast_head_json":{"title":"Jornada deportiva y operativo informativo\/asesor\u00eda para familiares de personas con discapacidad - Municipio de Oro Verde","robots":{"index":"index","follow":"follow","max-snippet":"max-snippet:-1","max-image-preview":"max-image-preview:large","max-video-preview":"max-video-preview:-1"},"canonical":"https:\/\/oroverde.gob.ar\/portal\/jornada-deportiva-y-operativo-informativo-asesoria-para-familiares-de-personas-con-discapacidad\/","og_locale":"es_ES","og_type":"article","og_title":"Jornada deportiva y operativo informativo\/asesor\u00eda para familiares de personas con discapacidad - Municipio de Oro Verde","og_description":"El \u00e1rea de Deporte, Recreaci\u00f3n y Turismo del Municipio de Oro Verde invita a las personas interesadas a participar de esta jornada en la que buscar\u00e1n coordinar actividades y brindar\u00e1n asesoramiento. Estos encuentros, organizados por una asociaci\u00f3n de padres, se ir\u00e1n realizando en &hellip;","og_url":"https:\/\/oroverde.gob.ar\/portal\/jornada-deportiva-y-operativo-informativo-asesoria-para-familiares-de-personas-con-discapacidad\/","og_site_name":"Municipio de Oro Verde","article_published_time":"2026-02-10T15:57:28+00:00","og_image":[{"width":1000,"height":667,"url":"https:\/\/oroverde.gob.ar\/portal\/wp-content\/uploads\/2026\/02\/diversidad-funcional.jpg","type":"image\/jpeg"}],"author":"Soledad","twitter_card":"summary_large_image","twitter_misc":{"Escrito por":"Soledad","Tiempo de lectura":"1 minuto"},"schema":{"@context":"https:\/\/schema.org","@graph":[{"@type":"Article","@id":"https:\/\/oroverde.gob.ar\/portal\/jornada-deportiva-y-operativo-informativo-asesoria-para-familiares-de-personas-con-discapacidad\/#article","isPartOf":{"@id":"https:\/\/oroverde.gob.ar\/portal\/jornada-deportiva-y-operativo-informativo-asesoria-para-familiares-de-personas-con-discapacidad\/"},"author":{"name":"Soledad","@id":"https:\/\/oroverde.gob.ar\/portal\/#\/schema\/person\/b975e0cbcd43b7dcf9c64511ec84f10f"},"headline":"Jornada deportiva y operativo informativo\/asesor\u00eda para familiares de personas con discapacidad","datePublished":"2026-02-10T15:57:28+00:00","mainEntityOfPage":{"@id":"https:\/\/oroverde.gob.ar\/portal\/jornada-deportiva-y-operativo-informativo-asesoria-para-familiares-de-personas-con-discapacidad\/"},"wordCount":141,"publisher":{"@id":"https:\/\/oroverde.gob.ar\/portal\/#organization"},"image":{"@id":"https:\/\/oroverde.gob.ar\/portal\/jornada-deportiva-y-operativo-informativo-asesoria-para-familiares-de-personas-con-discapacidad\/#primaryimage"},"thumbnailUrl":"https:\/\/oroverde.gob.ar\/portal\/wp-content\/uploads\/2026\/02\/diversidad-funcional.jpg","articleSection":["Gobierno"],"inLanguage":"es"},{"@type":"WebPage","@id":"https:\/\/oroverde.gob.ar\/portal\/jornada-deportiva-y-operativo-informativo-asesoria-para-familiares-de-personas-con-discapacidad\/","url":"https:\/\/oroverde.gob.ar\/portal\/jornada-deportiva-y-operativo-informativo-asesoria-para-familiares-de-personas-con-discapacidad\/","name":"Jornada deportiva y operativo informativo\/asesor\u00eda para familiares de personas con discapacidad - Municipio de Oro Verde","isPartOf":{"@id":"https:\/\/oroverde.gob.ar\/portal\/#website"},"primaryImageOfPage":{"@id":"https:\/\/oroverde.gob.ar\/portal\/jornada-deportiva-y-operativo-informativo-asesoria-para-familiares-de-personas-con-discapacidad\/#primaryimage"},"image":{"@id":"https:\/\/oroverde.gob.ar\/portal\/jornada-deportiva-y-operativo-informativo-asesoria-para-familiares-de-personas-con-discapacidad\/#primaryimage"},"thumbnailUrl":"https:\/\/oroverde.gob.ar\/portal\/wp-content\/uploads\/2026\/02\/diversidad-funcional.jpg","datePublished":"2026-02-10T15:57:28+00:00","breadcrumb":{"@id":"https:\/\/oroverde.gob.ar\/portal\/jornada-deportiva-y-operativo-informativo-asesoria-para-familiares-de-personas-con-discapacidad\/#breadcrumb"},"inLanguage":"es","potentialAction":[{"@type":"ReadAction","target":["https:\/\/oroverde.gob.ar\/portal\/jornada-deportiva-y-operativo-informativo-asesoria-para-familiares-de-personas-con-discapacidad\/"]}]},{"@type":"ImageObject","inLanguage":"es","@id":"https:\/\/oroverde.gob.ar\/portal\/jornada-deportiva-y-operativo-informativo-asesoria-para-familiares-de-personas-con-discapacidad\/#primaryimage","url":"https:\/\/oroverde.gob.ar\/portal\/wp-content\/uploads\/2026\/02\/diversidad-funcional.jpg","contentUrl":"https:\/\/oroverde.gob.ar\/portal\/wp-content\/uploads\/2026\/02\/diversidad-funcional.jpg","width":1000,"height":667},{"@type":"BreadcrumbList","@id":"https:\/\/oroverde.gob.ar\/portal\/jornada-deportiva-y-operativo-informativo-asesoria-para-familiares-de-personas-con-discapacidad\/#breadcrumb","itemListElement":[{"@type":"ListItem","position":1,"name":"Portada","item":"https:\/\/oroverde.gob.ar\/portal\/"},{"@type":"ListItem","position":2,"name":"Jornada deportiva y operativo informativo\/asesor\u00eda para familiares de personas con discapacidad"}]},{"@type":"WebSite","@id":"https:\/\/oroverde.gob.ar\/portal\/#website","url":"https:\/\/oroverde.gob.ar\/portal\/","name":"Municipio de Oro Verde","description":"Web Oficial","publisher":{"@id":"https:\/\/oroverde.gob.ar\/portal\/#organization"},"potentialAction":[{"@type":"SearchAction","target":{"@type":"EntryPoint","urlTemplate":"https:\/\/oroverde.gob.ar\/portal\/?s={search_term_string}"},"query-input":{"@type":"PropertyValueSpecification","valueRequired":true,"valueName":"search_term_string"}}],"inLanguage":"es"},{"@type":"Organization","@id":"https:\/\/oroverde.gob.ar\/portal\/#organization","name":"Municipio de Oro Verde","url":"https:\/\/oroverde.gob.ar\/portal\/","logo":{"@type":"ImageObject","inLanguage":"es","@id":"https:\/\/oroverde.gob.ar\/portal\/#\/schema\/logo\/image\/","url":"https:\/\/oroverde.gob.ar\/portal\/wp-content\/uploads\/2024\/06\/cropped-cropped-logo-1.png","contentUrl":"https:\/\/oroverde.gob.ar\/portal\/wp-content\/uploads\/2024\/06\/cropped-cropped-logo-1.png","width":1776,"height":738,"caption":"Municipio de Oro Verde"},"image":{"@id":"https:\/\/oroverde.gob.ar\/portal\/#\/schema\/logo\/image\/"}},{"@type":"Person","@id":"https:\/\/oroverde.gob.ar\/portal\/#\/schema\/person\/b975e0cbcd43b7dcf9c64511ec84f10f","name":"Soledad","image":{"@type":"ImageObject","inLanguage":"es","@id":"https:\/\/secure.gravatar.com\/avatar\/b2f5b6cda565395f31dc94c95932b9b3fbe6275bad58a1579843d3d1607d4a66?s=96&d=mm&r=g","url":"https:\/\/secure.gravatar.com\/avatar\/b2f5b6cda565395f31dc94c95932b9b3fbe6275bad58a1579843d3d1607d4a66?s=96&d=mm&r=g","contentUrl":"https:\/\/secure.gravatar.com\/avatar\/b2f5b6cda565395f31dc94c95932b9b3fbe6275bad58a1579843d3d1607d4a66?s=96&d=mm&r=g","caption":"Soledad"},"url":"https:\/\/oroverde.gob.ar\/portal\/author\/soledad\/"}]}},"_links":{"self":[{"href":"https:\/\/oroverde.gob.ar\/portal\/wp-json\/wp\/v2\/posts\/7954","targetHints":{"allow":["GET"]}}],"collection":[{"href":"https:\/\/oroverde.gob.ar\/portal\/wp-json\/wp\/v2\/posts"}],"about":[{"href":"https:\/\/oroverde.gob.ar\/portal\/wp-json\/wp\/v2\/types\/post"}],"author":[{"embeddable":true,"href":"https:\/\/oroverde.gob.ar\/portal\/wp-json\/wp\/v2\/users\/3"}],"replies":[{"embeddable":true,"href":"https:\/\/oroverde.gob.ar\/portal\/wp-json\/wp\/v2\/comments?post=7954"}],"version-history":[{"count":1,"href":"https:\/\/oroverde.gob.ar\/portal\/wp-json\/wp\/v2\/posts\/7954\/revisions"}],"predecessor-version":[{"id":7956,"href":"https:\/\/oroverde.gob.ar\/portal\/wp-json\/wp\/v2\/posts\/7954\/revisions\/7956"}],"wp:featuredmedia":[{"embeddable":true,"href":"https:\/\/oroverde.gob.ar\/portal\/wp-json\/wp\/v2\/media\/7955"}],"wp:attachment":[{"href":"https:\/\/oroverde.gob.ar\/portal\/wp-json\/wp\/v2\/media?parent=7954"}],"wp:term":[{"taxonomy":"category","embeddable":true,"href":"https:\/\/oroverde.gob.ar\/portal\/wp-json\/wp\/v2\/categories?post=7954"},{"taxonomy":"post_tag","embeddable":true,"href":"https:\/\/oroverde.gob.ar\/portal\/wp-json\/wp\/v2\/tags?post=7954"}],"curies":[{"name":"wp","href":"https:\/\/api.w.org\/{rel}","templated":true}]}}