{"id":8062,"date":"2026-03-06T13:14:53","date_gmt":"2026-03-06T16:14:53","guid":{"rendered":"https:\/\/oroverde.gob.ar\/portal\/?p=8062"},"modified":"2026-03-06T13:14:53","modified_gmt":"2026-03-06T16:14:53","slug":"oro-verde-presente-en-la-primera-reunion-anual-de-la-comision-provincial-de-turismo","status":"publish","type":"post","link":"https:\/\/oroverde.gob.ar\/portal\/oro-verde-presente-en-la-primera-reunion-anual-de-la-comision-provincial-de-turismo\/","title":{"rendered":"Oro Verde presente en la primera reuni\u00f3n anual de la Comisi\u00f3n Provincial de Turismo"},"content":{"rendered":"<div class=\"xdj266r x14z9mp xat24cr x1lziwak x1vvkbs x126k92a\">\n<div dir=\"auto\">El responsable del \u00c1rea de Deporte, Recreaci\u00f3n y Turismo Marcelo Barreto particip\u00f3 este jueves de la primera reuni\u00f3n de 2026 de la Comisi\u00f3n Provincial de Turismo de Entre R\u00edos en Colonia El\u00eda, dentro de la microrregi\u00f3n Caminos del Palacio.<\/div>\n<\/div>\n<div class=\"x14z9mp xat24cr x1lziwak x1vvkbs xtlvy1s x126k92a\">\n<div dir=\"auto\">En este encuentro encabezado por el presidente del Ente Mixto de Turismo de Entre R\u00edos (Emturer), Jorge Satto se abordaron temas como el balance de la temporada de verano, el nuevo esquema institucional del Ente Mixto de Turismo, el anticipo del plan operativo 2026 y el calendario de acciones del a\u00f1o.<\/div>\n<\/div>\n<div class=\"x14z9mp xat24cr x1lziwak x1vvkbs xtlvy1s x126k92a\">\n<div dir=\"auto\">Participaron representantes de 48 municipios y las 10 microrregiones entrerrianas.<\/div>\n<\/div>\n<div class=\"x14z9mp xat24cr x1lziwak x1vvkbs xtlvy1s x126k92a\">\n<div dir=\"auto\">El intendente anfitri\u00f3n, Ram\u00f3n Barrera, agradeci\u00f3 la elecci\u00f3n de Colonia El\u00eda como sede del encuentro y valor\u00f3 la oportunidad de recibir a referentes de toda la provincia.<\/div>\n<\/div>\n","protected":false},"excerpt":{"rendered":"<p>El responsable del \u00c1rea de Deporte, Recreaci\u00f3n y Turismo Marcelo Barreto particip\u00f3 este jueves de la primera reuni\u00f3n de 2026 de la Comisi\u00f3n Provincial de Turismo de Entre R\u00edos en Colonia El\u00eda, dentro de la microrregi\u00f3n Caminos del Palacio. En este encuentro encabezado &hellip;<\/p>\n","protected":false},"author":3,"featured_media":8063,"comment_status":"closed","ping_status":"closed","sticky":false,"template":"","format":"standard","meta":{"footnotes":""},"categories":[1],"tags":[],"class_list":["post-8062","post","type-post","status-publish","format-standard","has-post-thumbnail","hentry","category-municipio"],"yoast_head":"<!-- This site is optimized with the Yoast SEO plugin v27.5 - https:\/\/yoast.com\/product\/yoast-seo-wordpress\/ -->\n<title>Oro Verde presente en la primera reuni\u00f3n anual de la Comisi\u00f3n Provincial de Turismo - Municipio de Oro Verde<\/title>\n<meta name=\"robots\" content=\"index, follow, max-snippet:-1, max-image-preview:large, max-video-preview:-1\" \/>\n<link rel=\"canonical\" href=\"https:\/\/oroverde.gob.ar\/portal\/oro-verde-presente-en-la-primera-reunion-anual-de-la-comision-provincial-de-turismo\/\" \/>\n<meta property=\"og:locale\" content=\"es_ES\" \/>\n<meta property=\"og:type\" content=\"article\" \/>\n<meta property=\"og:title\" content=\"Oro Verde presente en la primera reuni\u00f3n anual de la Comisi\u00f3n Provincial de Turismo - Municipio de Oro Verde\" \/>\n<meta property=\"og:description\" content=\"El responsable del \u00c1rea de Deporte, Recreaci\u00f3n y Turismo Marcelo Barreto particip\u00f3 este jueves de la primera reuni\u00f3n de 2026 de la Comisi\u00f3n Provincial de Turismo de Entre R\u00edos en Colonia El\u00eda, dentro de la microrregi\u00f3n Caminos del Palacio. En este encuentro encabezado &hellip;\" \/>\n<meta property=\"og:url\" content=\"https:\/\/oroverde.gob.ar\/portal\/oro-verde-presente-en-la-primera-reunion-anual-de-la-comision-provincial-de-turismo\/\" \/>\n<meta property=\"og:site_name\" content=\"Municipio de Oro Verde\" \/>\n<meta property=\"article:published_time\" content=\"2026-03-06T16:14:53+00:00\" \/>\n<meta property=\"og:image\" content=\"https:\/\/oroverde.gob.ar\/portal\/wp-content\/uploads\/2026\/03\/reunion-turismo.jpg\" \/>\n\t<meta property=\"og:image:width\" content=\"1600\" \/>\n\t<meta property=\"og:image:height\" content=\"1204\" \/>\n\t<meta property=\"og:image:type\" content=\"image\/jpeg\" \/>\n<meta name=\"author\" content=\"Soledad\" \/>\n<meta name=\"twitter:card\" content=\"summary_large_image\" \/>\n<meta name=\"twitter:label1\" content=\"Escrito por\" \/>\n\t<meta name=\"twitter:data1\" content=\"Soledad\" \/>\n\t<meta name=\"twitter:label2\" content=\"Tiempo de lectura\" \/>\n\t<meta name=\"twitter:data2\" content=\"1 minuto\" \/>\n<script type=\"application\/ld+json\" class=\"yoast-schema-graph\">{\"@context\":\"https:\\\/\\\/schema.org\",\"@graph\":[{\"@type\":\"Article\",\"@id\":\"https:\\\/\\\/oroverde.gob.ar\\\/portal\\\/oro-verde-presente-en-la-primera-reunion-anual-de-la-comision-provincial-de-turismo\\\/#article\",\"isPartOf\":{\"@id\":\"https:\\\/\\\/oroverde.gob.ar\\\/portal\\\/oro-verde-presente-en-la-primera-reunion-anual-de-la-comision-provincial-de-turismo\\\/\"},\"author\":{\"name\":\"Soledad\",\"@id\":\"https:\\\/\\\/oroverde.gob.ar\\\/portal\\\/#\\\/schema\\\/person\\\/b975e0cbcd43b7dcf9c64511ec84f10f\"},\"headline\":\"Oro Verde presente en la primera reuni\u00f3n anual de la Comisi\u00f3n Provincial de Turismo\",\"datePublished\":\"2026-03-06T16:14:53+00:00\",\"mainEntityOfPage\":{\"@id\":\"https:\\\/\\\/oroverde.gob.ar\\\/portal\\\/oro-verde-presente-en-la-primera-reunion-anual-de-la-comision-provincial-de-turismo\\\/\"},\"wordCount\":151,\"publisher\":{\"@id\":\"https:\\\/\\\/oroverde.gob.ar\\\/portal\\\/#organization\"},\"image\":{\"@id\":\"https:\\\/\\\/oroverde.gob.ar\\\/portal\\\/oro-verde-presente-en-la-primera-reunion-anual-de-la-comision-provincial-de-turismo\\\/#primaryimage\"},\"thumbnailUrl\":\"https:\\\/\\\/oroverde.gob.ar\\\/portal\\\/wp-content\\\/uploads\\\/2026\\\/03\\\/reunion-turismo.jpg\",\"articleSection\":[\"Municipio\"],\"inLanguage\":\"es\"},{\"@type\":\"WebPage\",\"@id\":\"https:\\\/\\\/oroverde.gob.ar\\\/portal\\\/oro-verde-presente-en-la-primera-reunion-anual-de-la-comision-provincial-de-turismo\\\/\",\"url\":\"https:\\\/\\\/oroverde.gob.ar\\\/portal\\\/oro-verde-presente-en-la-primera-reunion-anual-de-la-comision-provincial-de-turismo\\\/\",\"name\":\"Oro Verde presente en la primera reuni\u00f3n anual de la Comisi\u00f3n Provincial de Turismo - Municipio de Oro Verde\",\"isPartOf\":{\"@id\":\"https:\\\/\\\/oroverde.gob.ar\\\/portal\\\/#website\"},\"primaryImageOfPage\":{\"@id\":\"https:\\\/\\\/oroverde.gob.ar\\\/portal\\\/oro-verde-presente-en-la-primera-reunion-anual-de-la-comision-provincial-de-turismo\\\/#primaryimage\"},\"image\":{\"@id\":\"https:\\\/\\\/oroverde.gob.ar\\\/portal\\\/oro-verde-presente-en-la-primera-reunion-anual-de-la-comision-provincial-de-turismo\\\/#primaryimage\"},\"thumbnailUrl\":\"https:\\\/\\\/oroverde.gob.ar\\\/portal\\\/wp-content\\\/uploads\\\/2026\\\/03\\\/reunion-turismo.jpg\",\"datePublished\":\"2026-03-06T16:14:53+00:00\",\"breadcrumb\":{\"@id\":\"https:\\\/\\\/oroverde.gob.ar\\\/portal\\\/oro-verde-presente-en-la-primera-reunion-anual-de-la-comision-provincial-de-turismo\\\/#breadcrumb\"},\"inLanguage\":\"es\",\"potentialAction\":[{\"@type\":\"ReadAction\",\"target\":[\"https:\\\/\\\/oroverde.gob.ar\\\/portal\\\/oro-verde-presente-en-la-primera-reunion-anual-de-la-comision-provincial-de-turismo\\\/\"]}]},{\"@type\":\"ImageObject\",\"inLanguage\":\"es\",\"@id\":\"https:\\\/\\\/oroverde.gob.ar\\\/portal\\\/oro-verde-presente-en-la-primera-reunion-anual-de-la-comision-provincial-de-turismo\\\/#primaryimage\",\"url\":\"https:\\\/\\\/oroverde.gob.ar\\\/portal\\\/wp-content\\\/uploads\\\/2026\\\/03\\\/reunion-turismo.jpg\",\"contentUrl\":\"https:\\\/\\\/oroverde.gob.ar\\\/portal\\\/wp-content\\\/uploads\\\/2026\\\/03\\\/reunion-turismo.jpg\",\"width\":1600,\"height\":1204},{\"@type\":\"BreadcrumbList\",\"@id\":\"https:\\\/\\\/oroverde.gob.ar\\\/portal\\\/oro-verde-presente-en-la-primera-reunion-anual-de-la-comision-provincial-de-turismo\\\/#breadcrumb\",\"itemListElement\":[{\"@type\":\"ListItem\",\"position\":1,\"name\":\"Portada\",\"item\":\"https:\\\/\\\/oroverde.gob.ar\\\/portal\\\/\"},{\"@type\":\"ListItem\",\"position\":2,\"name\":\"Oro Verde presente en la primera reuni\u00f3n anual de la Comisi\u00f3n Provincial de Turismo\"}]},{\"@type\":\"WebSite\",\"@id\":\"https:\\\/\\\/oroverde.gob.ar\\\/portal\\\/#website\",\"url\":\"https:\\\/\\\/oroverde.gob.ar\\\/portal\\\/\",\"name\":\"Municipio de Oro Verde\",\"description\":\"Web Oficial\",\"publisher\":{\"@id\":\"https:\\\/\\\/oroverde.gob.ar\\\/portal\\\/#organization\"},\"potentialAction\":[{\"@type\":\"SearchAction\",\"target\":{\"@type\":\"EntryPoint\",\"urlTemplate\":\"https:\\\/\\\/oroverde.gob.ar\\\/portal\\\/?s={search_term_string}\"},\"query-input\":{\"@type\":\"PropertyValueSpecification\",\"valueRequired\":true,\"valueName\":\"search_term_string\"}}],\"inLanguage\":\"es\"},{\"@type\":\"Organization\",\"@id\":\"https:\\\/\\\/oroverde.gob.ar\\\/portal\\\/#organization\",\"name\":\"Municipio de Oro Verde\",\"url\":\"https:\\\/\\\/oroverde.gob.ar\\\/portal\\\/\",\"logo\":{\"@type\":\"ImageObject\",\"inLanguage\":\"es\",\"@id\":\"https:\\\/\\\/oroverde.gob.ar\\\/portal\\\/#\\\/schema\\\/logo\\\/image\\\/\",\"url\":\"https:\\\/\\\/oroverde.gob.ar\\\/portal\\\/wp-content\\\/uploads\\\/2024\\\/06\\\/cropped-cropped-logo-1.png\",\"contentUrl\":\"https:\\\/\\\/oroverde.gob.ar\\\/portal\\\/wp-content\\\/uploads\\\/2024\\\/06\\\/cropped-cropped-logo-1.png\",\"width\":1776,\"height\":738,\"caption\":\"Municipio de Oro Verde\"},\"image\":{\"@id\":\"https:\\\/\\\/oroverde.gob.ar\\\/portal\\\/#\\\/schema\\\/logo\\\/image\\\/\"}},{\"@type\":\"Person\",\"@id\":\"https:\\\/\\\/oroverde.gob.ar\\\/portal\\\/#\\\/schema\\\/person\\\/b975e0cbcd43b7dcf9c64511ec84f10f\",\"name\":\"Soledad\",\"image\":{\"@type\":\"ImageObject\",\"inLanguage\":\"es\",\"@id\":\"https:\\\/\\\/secure.gravatar.com\\\/avatar\\\/b2f5b6cda565395f31dc94c95932b9b3fbe6275bad58a1579843d3d1607d4a66?s=96&d=mm&r=g\",\"url\":\"https:\\\/\\\/secure.gravatar.com\\\/avatar\\\/b2f5b6cda565395f31dc94c95932b9b3fbe6275bad58a1579843d3d1607d4a66?s=96&d=mm&r=g\",\"contentUrl\":\"https:\\\/\\\/secure.gravatar.com\\\/avatar\\\/b2f5b6cda565395f31dc94c95932b9b3fbe6275bad58a1579843d3d1607d4a66?s=96&d=mm&r=g\",\"caption\":\"Soledad\"},\"url\":\"https:\\\/\\\/oroverde.gob.ar\\\/portal\\\/author\\\/soledad\\\/\"}]}<\/script>\n<!-- \/ Yoast SEO plugin. -->","yoast_head_json":{"title":"Oro Verde presente en la primera reuni\u00f3n anual de la Comisi\u00f3n Provincial de Turismo - Municipio de Oro Verde","robots":{"index":"index","follow":"follow","max-snippet":"max-snippet:-1","max-image-preview":"max-image-preview:large","max-video-preview":"max-video-preview:-1"},"canonical":"https:\/\/oroverde.gob.ar\/portal\/oro-verde-presente-en-la-primera-reunion-anual-de-la-comision-provincial-de-turismo\/","og_locale":"es_ES","og_type":"article","og_title":"Oro Verde presente en la primera reuni\u00f3n anual de la Comisi\u00f3n Provincial de Turismo - Municipio de Oro Verde","og_description":"El responsable del \u00c1rea de Deporte, Recreaci\u00f3n y Turismo Marcelo Barreto particip\u00f3 este jueves de la primera reuni\u00f3n de 2026 de la Comisi\u00f3n Provincial de Turismo de Entre R\u00edos en Colonia El\u00eda, dentro de la microrregi\u00f3n Caminos del Palacio. En este encuentro encabezado &hellip;","og_url":"https:\/\/oroverde.gob.ar\/portal\/oro-verde-presente-en-la-primera-reunion-anual-de-la-comision-provincial-de-turismo\/","og_site_name":"Municipio de Oro Verde","article_published_time":"2026-03-06T16:14:53+00:00","og_image":[{"width":1600,"height":1204,"url":"https:\/\/oroverde.gob.ar\/portal\/wp-content\/uploads\/2026\/03\/reunion-turismo.jpg","type":"image\/jpeg"}],"author":"Soledad","twitter_card":"summary_large_image","twitter_misc":{"Escrito por":"Soledad","Tiempo de lectura":"1 minuto"},"schema":{"@context":"https:\/\/schema.org","@graph":[{"@type":"Article","@id":"https:\/\/oroverde.gob.ar\/portal\/oro-verde-presente-en-la-primera-reunion-anual-de-la-comision-provincial-de-turismo\/#article","isPartOf":{"@id":"https:\/\/oroverde.gob.ar\/portal\/oro-verde-presente-en-la-primera-reunion-anual-de-la-comision-provincial-de-turismo\/"},"author":{"name":"Soledad","@id":"https:\/\/oroverde.gob.ar\/portal\/#\/schema\/person\/b975e0cbcd43b7dcf9c64511ec84f10f"},"headline":"Oro Verde presente en la primera reuni\u00f3n anual de la Comisi\u00f3n Provincial de Turismo","datePublished":"2026-03-06T16:14:53+00:00","mainEntityOfPage":{"@id":"https:\/\/oroverde.gob.ar\/portal\/oro-verde-presente-en-la-primera-reunion-anual-de-la-comision-provincial-de-turismo\/"},"wordCount":151,"publisher":{"@id":"https:\/\/oroverde.gob.ar\/portal\/#organization"},"image":{"@id":"https:\/\/oroverde.gob.ar\/portal\/oro-verde-presente-en-la-primera-reunion-anual-de-la-comision-provincial-de-turismo\/#primaryimage"},"thumbnailUrl":"https:\/\/oroverde.gob.ar\/portal\/wp-content\/uploads\/2026\/03\/reunion-turismo.jpg","articleSection":["Municipio"],"inLanguage":"es"},{"@type":"WebPage","@id":"https:\/\/oroverde.gob.ar\/portal\/oro-verde-presente-en-la-primera-reunion-anual-de-la-comision-provincial-de-turismo\/","url":"https:\/\/oroverde.gob.ar\/portal\/oro-verde-presente-en-la-primera-reunion-anual-de-la-comision-provincial-de-turismo\/","name":"Oro Verde presente en la primera reuni\u00f3n anual de la Comisi\u00f3n Provincial de Turismo - Municipio de Oro Verde","isPartOf":{"@id":"https:\/\/oroverde.gob.ar\/portal\/#website"},"primaryImageOfPage":{"@id":"https:\/\/oroverde.gob.ar\/portal\/oro-verde-presente-en-la-primera-reunion-anual-de-la-comision-provincial-de-turismo\/#primaryimage"},"image":{"@id":"https:\/\/oroverde.gob.ar\/portal\/oro-verde-presente-en-la-primera-reunion-anual-de-la-comision-provincial-de-turismo\/#primaryimage"},"thumbnailUrl":"https:\/\/oroverde.gob.ar\/portal\/wp-content\/uploads\/2026\/03\/reunion-turismo.jpg","datePublished":"2026-03-06T16:14:53+00:00","breadcrumb":{"@id":"https:\/\/oroverde.gob.ar\/portal\/oro-verde-presente-en-la-primera-reunion-anual-de-la-comision-provincial-de-turismo\/#breadcrumb"},"inLanguage":"es","potentialAction":[{"@type":"ReadAction","target":["https:\/\/oroverde.gob.ar\/portal\/oro-verde-presente-en-la-primera-reunion-anual-de-la-comision-provincial-de-turismo\/"]}]},{"@type":"ImageObject","inLanguage":"es","@id":"https:\/\/oroverde.gob.ar\/portal\/oro-verde-presente-en-la-primera-reunion-anual-de-la-comision-provincial-de-turismo\/#primaryimage","url":"https:\/\/oroverde.gob.ar\/portal\/wp-content\/uploads\/2026\/03\/reunion-turismo.jpg","contentUrl":"https:\/\/oroverde.gob.ar\/portal\/wp-content\/uploads\/2026\/03\/reunion-turismo.jpg","width":1600,"height":1204},{"@type":"BreadcrumbList","@id":"https:\/\/oroverde.gob.ar\/portal\/oro-verde-presente-en-la-primera-reunion-anual-de-la-comision-provincial-de-turismo\/#breadcrumb","itemListElement":[{"@type":"ListItem","position":1,"name":"Portada","item":"https:\/\/oroverde.gob.ar\/portal\/"},{"@type":"ListItem","position":2,"name":"Oro Verde presente en la primera reuni\u00f3n anual de la Comisi\u00f3n Provincial de Turismo"}]},{"@type":"WebSite","@id":"https:\/\/oroverde.gob.ar\/portal\/#website","url":"https:\/\/oroverde.gob.ar\/portal\/","name":"Municipio de Oro Verde","description":"Web Oficial","publisher":{"@id":"https:\/\/oroverde.gob.ar\/portal\/#organization"},"potentialAction":[{"@type":"SearchAction","target":{"@type":"EntryPoint","urlTemplate":"https:\/\/oroverde.gob.ar\/portal\/?s={search_term_string}"},"query-input":{"@type":"PropertyValueSpecification","valueRequired":true,"valueName":"search_term_string"}}],"inLanguage":"es"},{"@type":"Organization","@id":"https:\/\/oroverde.gob.ar\/portal\/#organization","name":"Municipio de Oro Verde","url":"https:\/\/oroverde.gob.ar\/portal\/","logo":{"@type":"ImageObject","inLanguage":"es","@id":"https:\/\/oroverde.gob.ar\/portal\/#\/schema\/logo\/image\/","url":"https:\/\/oroverde.gob.ar\/portal\/wp-content\/uploads\/2024\/06\/cropped-cropped-logo-1.png","contentUrl":"https:\/\/oroverde.gob.ar\/portal\/wp-content\/uploads\/2024\/06\/cropped-cropped-logo-1.png","width":1776,"height":738,"caption":"Municipio de Oro Verde"},"image":{"@id":"https:\/\/oroverde.gob.ar\/portal\/#\/schema\/logo\/image\/"}},{"@type":"Person","@id":"https:\/\/oroverde.gob.ar\/portal\/#\/schema\/person\/b975e0cbcd43b7dcf9c64511ec84f10f","name":"Soledad","image":{"@type":"ImageObject","inLanguage":"es","@id":"https:\/\/secure.gravatar.com\/avatar\/b2f5b6cda565395f31dc94c95932b9b3fbe6275bad58a1579843d3d1607d4a66?s=96&d=mm&r=g","url":"https:\/\/secure.gravatar.com\/avatar\/b2f5b6cda565395f31dc94c95932b9b3fbe6275bad58a1579843d3d1607d4a66?s=96&d=mm&r=g","contentUrl":"https:\/\/secure.gravatar.com\/avatar\/b2f5b6cda565395f31dc94c95932b9b3fbe6275bad58a1579843d3d1607d4a66?s=96&d=mm&r=g","caption":"Soledad"},"url":"https:\/\/oroverde.gob.ar\/portal\/author\/soledad\/"}]}},"_links":{"self":[{"href":"https:\/\/oroverde.gob.ar\/portal\/wp-json\/wp\/v2\/posts\/8062","targetHints":{"allow":["GET"]}}],"collection":[{"href":"https:\/\/oroverde.gob.ar\/portal\/wp-json\/wp\/v2\/posts"}],"about":[{"href":"https:\/\/oroverde.gob.ar\/portal\/wp-json\/wp\/v2\/types\/post"}],"author":[{"embeddable":true,"href":"https:\/\/oroverde.gob.ar\/portal\/wp-json\/wp\/v2\/users\/3"}],"replies":[{"embeddable":true,"href":"https:\/\/oroverde.gob.ar\/portal\/wp-json\/wp\/v2\/comments?post=8062"}],"version-history":[{"count":1,"href":"https:\/\/oroverde.gob.ar\/portal\/wp-json\/wp\/v2\/posts\/8062\/revisions"}],"predecessor-version":[{"id":8064,"href":"https:\/\/oroverde.gob.ar\/portal\/wp-json\/wp\/v2\/posts\/8062\/revisions\/8064"}],"wp:featuredmedia":[{"embeddable":true,"href":"https:\/\/oroverde.gob.ar\/portal\/wp-json\/wp\/v2\/media\/8063"}],"wp:attachment":[{"href":"https:\/\/oroverde.gob.ar\/portal\/wp-json\/wp\/v2\/media?parent=8062"}],"wp:term":[{"taxonomy":"category","embeddable":true,"href":"https:\/\/oroverde.gob.ar\/portal\/wp-json\/wp\/v2\/categories?post=8062"},{"taxonomy":"post_tag","embeddable":true,"href":"https:\/\/oroverde.gob.ar\/portal\/wp-json\/wp\/v2\/tags?post=8062"}],"curies":[{"name":"wp","href":"https:\/\/api.w.org\/{rel}","templated":true}]}}