{"id":8075,"date":"2026-03-09T15:25:47","date_gmt":"2026-03-09T18:25:47","guid":{"rendered":"https:\/\/oroverde.gob.ar\/portal\/?p=8075"},"modified":"2026-03-10T09:00:57","modified_gmt":"2026-03-10T12:00:57","slug":"comienzan-los-talleres-del-cge-en-oro-verde-los-cursos-certificados-que-se-daran-en-2026","status":"publish","type":"post","link":"https:\/\/oroverde.gob.ar\/portal\/comienzan-los-talleres-del-cge-en-oro-verde-los-cursos-certificados-que-se-daran-en-2026\/","title":{"rendered":"Comienzan los talleres del CGE en Oro Verde: los cursos certificados que se dar\u00e1n en 2026"},"content":{"rendered":"<div class=\"xdj266r x14z9mp xat24cr x1lziwak x1vvkbs x126k92a\">\n<div dir=\"auto\">En un nuevo a\u00f1o del Centro Comunitario N\u00b037 dependiente de la Direcci\u00f3n de j\u00f3venes y adultos del Consejo General de Educaci\u00f3n (CGE), los vecinos tendr\u00e1n la posibilidad de acceder diferentes cursos con aval oficial.<\/div>\n<\/div>\n<div class=\"x14z9mp xat24cr x1lziwak x1vvkbs xtlvy1s x126k92a\">\n<div dir=\"auto\">Hay una preinscripci\u00f3n que se realiza escaneando el QR de las im\u00e1genes y accediendo al formulario: <span class=\"html-span xdj266r x14z9mp xat24cr x1lziwak xexx8yu xyri2b x18d9i69 x1c1uobl x1hl2dhg x16tdsg8 x1vvkbs\"><a class=\"x1i10hfl xjbqb8w x1ejq31n x18oe1m7 x1sy0etr xstzfhl x972fbf x10w94by x1qhh985 x14e42zd x9f619 x1ypdohk xt0psk2 x3ct3a4 xdj266r x14z9mp xat24cr x1lziwak xexx8yu xyri2b x18d9i69 x1c1uobl x16tdsg8 x1hl2dhg xggy1nq x1a2a7pz xkrqix3 x1sur9pj x1fey0fg x1s688f\" tabindex=\"0\" role=\"link\" href=\"https:\/\/forms.gle\/3Jk3oUHkZ7y1VLMcA?fbclid=IwZXh0bgNhZW0CMTAAYnJpZBExUkc5MDRSUTcwdW1zOU5kSXNydGMGYXBwX2lkEDIyMjAzOTE3ODgyMDA4OTIAAR6sdGUDyolLnwkRUGu0ih1qGpeHwyEoXLnraeA2DmjCSH5N3JDweau40ED6QQ_aem_RGbu6RcgJs20RfY_c-Pd9w\" target=\"_blank\" rel=\"nofollow noopener noreferrer\">https:\/\/forms.gle\/3Jk3oUHkZ7y1VLMcA<\/a><\/span><\/div>\n<\/div>\n<div class=\"x14z9mp xat24cr x1lziwak x1vvkbs xtlvy1s x126k92a\">\n<div dir=\"auto\">Est\u00e1n destinados a personas que ya hayan cumplido los 18 a\u00f1os.<\/div>\n<\/div>\n<div class=\"x14z9mp xat24cr x1lziwak x1vvkbs xtlvy1s x126k92a\">\n<div dir=\"auto\">Es semestral y se solicita fotocopia de DNI y t\u00edtulo secundario.<\/div>\n<\/div>\n<div class=\"x14z9mp xat24cr x1lziwak x1vvkbs xtlvy1s x126k92a\">\n<div dir=\"auto\">Detalles de d\u00edas y horarios:<\/div>\n<\/div>\n<div class=\"x14z9mp xat24cr x1lziwak x1vvkbs xtlvy1s x126k92a\">\n<div dir=\"auto\">-Auxiliar en refrigeraci\u00f3n y aire acondicionado domiciliario: lunes y mi\u00e9rcoles de 9 a 12 hs &#8211; Lugar: Sal\u00f3n del Triangular (Las Rosas 164)<\/div>\n<\/div>\n<div class=\"x14z9mp xat24cr x1lziwak x1vvkbs xtlvy1s x126k92a\">\n<div dir=\"auto\">&#8211; Peluquer\u00eda: mi\u00e9rcoles y viernes de 9:30 a 12:30 Lugar: Sal\u00f3n del Triangular (Las Rosas 164)<\/div>\n<\/div>\n<div class=\"x14z9mp xat24cr x1lziwak x1vvkbs xtlvy1s x126k92a\">\n<div dir=\"auto\">Estampador gr\u00e1fico: martes de 8 a 12. Jueves de 16 a 20 Lugar: Centro Integrador Comunitario (Av. Los Cha\u00f1ares 397)<\/div>\n<\/div>\n<div dir=\"auto\">Imagen Ilustrativa<\/div>\n","protected":false},"excerpt":{"rendered":"<p>En un nuevo a\u00f1o del Centro Comunitario N\u00b037 dependiente de la Direcci\u00f3n de j\u00f3venes y adultos del Consejo General de Educaci\u00f3n (CGE), los vecinos tendr\u00e1n la posibilidad de acceder diferentes cursos con aval oficial. Hay una preinscripci\u00f3n que se realiza escaneando el QR &hellip;<\/p>\n","protected":false},"author":3,"featured_media":8076,"comment_status":"closed","ping_status":"closed","sticky":false,"template":"","format":"standard","meta":{"footnotes":""},"categories":[1],"tags":[],"class_list":["post-8075","post","type-post","status-publish","format-standard","has-post-thumbnail","hentry","category-municipio"],"yoast_head":"<!-- This site is optimized with the Yoast SEO plugin v27.5 - https:\/\/yoast.com\/product\/yoast-seo-wordpress\/ -->\n<title>Comienzan los talleres del CGE en Oro Verde: los cursos certificados que se dar\u00e1n en 2026 - Municipio de Oro Verde<\/title>\n<meta name=\"robots\" content=\"index, follow, max-snippet:-1, max-image-preview:large, max-video-preview:-1\" \/>\n<link rel=\"canonical\" href=\"https:\/\/oroverde.gob.ar\/portal\/comienzan-los-talleres-del-cge-en-oro-verde-los-cursos-certificados-que-se-daran-en-2026\/\" \/>\n<meta property=\"og:locale\" content=\"es_ES\" \/>\n<meta property=\"og:type\" content=\"article\" \/>\n<meta property=\"og:title\" content=\"Comienzan los talleres del CGE en Oro Verde: los cursos certificados que se dar\u00e1n en 2026 - Municipio de Oro Verde\" \/>\n<meta property=\"og:description\" content=\"En un nuevo a\u00f1o del Centro Comunitario N\u00b037 dependiente de la Direcci\u00f3n de j\u00f3venes y adultos del Consejo General de Educaci\u00f3n (CGE), los vecinos tendr\u00e1n la posibilidad de acceder diferentes cursos con aval oficial. Hay una preinscripci\u00f3n que se realiza escaneando el QR &hellip;\" \/>\n<meta property=\"og:url\" content=\"https:\/\/oroverde.gob.ar\/portal\/comienzan-los-talleres-del-cge-en-oro-verde-los-cursos-certificados-que-se-daran-en-2026\/\" \/>\n<meta property=\"og:site_name\" content=\"Municipio de Oro Verde\" \/>\n<meta property=\"article:published_time\" content=\"2026-03-09T18:25:47+00:00\" \/>\n<meta property=\"article:modified_time\" content=\"2026-03-10T12:00:57+00:00\" \/>\n<meta property=\"og:image\" content=\"https:\/\/oroverde.gob.ar\/portal\/wp-content\/uploads\/2026\/03\/481058555_933159978988984_5394119082631482514_n.jpg\" \/>\n\t<meta property=\"og:image:width\" content=\"1080\" \/>\n\t<meta property=\"og:image:height\" content=\"810\" \/>\n\t<meta property=\"og:image:type\" content=\"image\/jpeg\" \/>\n<meta name=\"author\" content=\"Soledad\" \/>\n<meta name=\"twitter:card\" content=\"summary_large_image\" \/>\n<meta name=\"twitter:label1\" content=\"Escrito por\" \/>\n\t<meta name=\"twitter:data1\" content=\"Soledad\" \/>\n\t<meta name=\"twitter:label2\" content=\"Tiempo de lectura\" \/>\n\t<meta name=\"twitter:data2\" content=\"1 minuto\" \/>\n<script type=\"application\/ld+json\" class=\"yoast-schema-graph\">{\"@context\":\"https:\\\/\\\/schema.org\",\"@graph\":[{\"@type\":\"Article\",\"@id\":\"https:\\\/\\\/oroverde.gob.ar\\\/portal\\\/comienzan-los-talleres-del-cge-en-oro-verde-los-cursos-certificados-que-se-daran-en-2026\\\/#article\",\"isPartOf\":{\"@id\":\"https:\\\/\\\/oroverde.gob.ar\\\/portal\\\/comienzan-los-talleres-del-cge-en-oro-verde-los-cursos-certificados-que-se-daran-en-2026\\\/\"},\"author\":{\"name\":\"Soledad\",\"@id\":\"https:\\\/\\\/oroverde.gob.ar\\\/portal\\\/#\\\/schema\\\/person\\\/b975e0cbcd43b7dcf9c64511ec84f10f\"},\"headline\":\"Comienzan los talleres del CGE en Oro Verde: los cursos certificados que se dar\u00e1n en 2026\",\"datePublished\":\"2026-03-09T18:25:47+00:00\",\"dateModified\":\"2026-03-10T12:00:57+00:00\",\"mainEntityOfPage\":{\"@id\":\"https:\\\/\\\/oroverde.gob.ar\\\/portal\\\/comienzan-los-talleres-del-cge-en-oro-verde-los-cursos-certificados-que-se-daran-en-2026\\\/\"},\"wordCount\":168,\"publisher\":{\"@id\":\"https:\\\/\\\/oroverde.gob.ar\\\/portal\\\/#organization\"},\"image\":{\"@id\":\"https:\\\/\\\/oroverde.gob.ar\\\/portal\\\/comienzan-los-talleres-del-cge-en-oro-verde-los-cursos-certificados-que-se-daran-en-2026\\\/#primaryimage\"},\"thumbnailUrl\":\"https:\\\/\\\/oroverde.gob.ar\\\/portal\\\/wp-content\\\/uploads\\\/2026\\\/03\\\/481058555_933159978988984_5394119082631482514_n.jpg\",\"articleSection\":[\"Municipio\"],\"inLanguage\":\"es\"},{\"@type\":\"WebPage\",\"@id\":\"https:\\\/\\\/oroverde.gob.ar\\\/portal\\\/comienzan-los-talleres-del-cge-en-oro-verde-los-cursos-certificados-que-se-daran-en-2026\\\/\",\"url\":\"https:\\\/\\\/oroverde.gob.ar\\\/portal\\\/comienzan-los-talleres-del-cge-en-oro-verde-los-cursos-certificados-que-se-daran-en-2026\\\/\",\"name\":\"Comienzan los talleres del CGE en Oro Verde: los cursos certificados que se dar\u00e1n en 2026 - Municipio de Oro Verde\",\"isPartOf\":{\"@id\":\"https:\\\/\\\/oroverde.gob.ar\\\/portal\\\/#website\"},\"primaryImageOfPage\":{\"@id\":\"https:\\\/\\\/oroverde.gob.ar\\\/portal\\\/comienzan-los-talleres-del-cge-en-oro-verde-los-cursos-certificados-que-se-daran-en-2026\\\/#primaryimage\"},\"image\":{\"@id\":\"https:\\\/\\\/oroverde.gob.ar\\\/portal\\\/comienzan-los-talleres-del-cge-en-oro-verde-los-cursos-certificados-que-se-daran-en-2026\\\/#primaryimage\"},\"thumbnailUrl\":\"https:\\\/\\\/oroverde.gob.ar\\\/portal\\\/wp-content\\\/uploads\\\/2026\\\/03\\\/481058555_933159978988984_5394119082631482514_n.jpg\",\"datePublished\":\"2026-03-09T18:25:47+00:00\",\"dateModified\":\"2026-03-10T12:00:57+00:00\",\"breadcrumb\":{\"@id\":\"https:\\\/\\\/oroverde.gob.ar\\\/portal\\\/comienzan-los-talleres-del-cge-en-oro-verde-los-cursos-certificados-que-se-daran-en-2026\\\/#breadcrumb\"},\"inLanguage\":\"es\",\"potentialAction\":[{\"@type\":\"ReadAction\",\"target\":[\"https:\\\/\\\/oroverde.gob.ar\\\/portal\\\/comienzan-los-talleres-del-cge-en-oro-verde-los-cursos-certificados-que-se-daran-en-2026\\\/\"]}]},{\"@type\":\"ImageObject\",\"inLanguage\":\"es\",\"@id\":\"https:\\\/\\\/oroverde.gob.ar\\\/portal\\\/comienzan-los-talleres-del-cge-en-oro-verde-los-cursos-certificados-que-se-daran-en-2026\\\/#primaryimage\",\"url\":\"https:\\\/\\\/oroverde.gob.ar\\\/portal\\\/wp-content\\\/uploads\\\/2026\\\/03\\\/481058555_933159978988984_5394119082631482514_n.jpg\",\"contentUrl\":\"https:\\\/\\\/oroverde.gob.ar\\\/portal\\\/wp-content\\\/uploads\\\/2026\\\/03\\\/481058555_933159978988984_5394119082631482514_n.jpg\",\"width\":1080,\"height\":810},{\"@type\":\"BreadcrumbList\",\"@id\":\"https:\\\/\\\/oroverde.gob.ar\\\/portal\\\/comienzan-los-talleres-del-cge-en-oro-verde-los-cursos-certificados-que-se-daran-en-2026\\\/#breadcrumb\",\"itemListElement\":[{\"@type\":\"ListItem\",\"position\":1,\"name\":\"Portada\",\"item\":\"https:\\\/\\\/oroverde.gob.ar\\\/portal\\\/\"},{\"@type\":\"ListItem\",\"position\":2,\"name\":\"Comienzan los talleres del CGE en Oro Verde: los cursos certificados que se dar\u00e1n en 2026\"}]},{\"@type\":\"WebSite\",\"@id\":\"https:\\\/\\\/oroverde.gob.ar\\\/portal\\\/#website\",\"url\":\"https:\\\/\\\/oroverde.gob.ar\\\/portal\\\/\",\"name\":\"Municipio de Oro Verde\",\"description\":\"Web Oficial\",\"publisher\":{\"@id\":\"https:\\\/\\\/oroverde.gob.ar\\\/portal\\\/#organization\"},\"potentialAction\":[{\"@type\":\"SearchAction\",\"target\":{\"@type\":\"EntryPoint\",\"urlTemplate\":\"https:\\\/\\\/oroverde.gob.ar\\\/portal\\\/?s={search_term_string}\"},\"query-input\":{\"@type\":\"PropertyValueSpecification\",\"valueRequired\":true,\"valueName\":\"search_term_string\"}}],\"inLanguage\":\"es\"},{\"@type\":\"Organization\",\"@id\":\"https:\\\/\\\/oroverde.gob.ar\\\/portal\\\/#organization\",\"name\":\"Municipio de Oro Verde\",\"url\":\"https:\\\/\\\/oroverde.gob.ar\\\/portal\\\/\",\"logo\":{\"@type\":\"ImageObject\",\"inLanguage\":\"es\",\"@id\":\"https:\\\/\\\/oroverde.gob.ar\\\/portal\\\/#\\\/schema\\\/logo\\\/image\\\/\",\"url\":\"https:\\\/\\\/oroverde.gob.ar\\\/portal\\\/wp-content\\\/uploads\\\/2024\\\/06\\\/cropped-cropped-logo-1.png\",\"contentUrl\":\"https:\\\/\\\/oroverde.gob.ar\\\/portal\\\/wp-content\\\/uploads\\\/2024\\\/06\\\/cropped-cropped-logo-1.png\",\"width\":1776,\"height\":738,\"caption\":\"Municipio de Oro Verde\"},\"image\":{\"@id\":\"https:\\\/\\\/oroverde.gob.ar\\\/portal\\\/#\\\/schema\\\/logo\\\/image\\\/\"}},{\"@type\":\"Person\",\"@id\":\"https:\\\/\\\/oroverde.gob.ar\\\/portal\\\/#\\\/schema\\\/person\\\/b975e0cbcd43b7dcf9c64511ec84f10f\",\"name\":\"Soledad\",\"image\":{\"@type\":\"ImageObject\",\"inLanguage\":\"es\",\"@id\":\"https:\\\/\\\/secure.gravatar.com\\\/avatar\\\/b2f5b6cda565395f31dc94c95932b9b3fbe6275bad58a1579843d3d1607d4a66?s=96&d=mm&r=g\",\"url\":\"https:\\\/\\\/secure.gravatar.com\\\/avatar\\\/b2f5b6cda565395f31dc94c95932b9b3fbe6275bad58a1579843d3d1607d4a66?s=96&d=mm&r=g\",\"contentUrl\":\"https:\\\/\\\/secure.gravatar.com\\\/avatar\\\/b2f5b6cda565395f31dc94c95932b9b3fbe6275bad58a1579843d3d1607d4a66?s=96&d=mm&r=g\",\"caption\":\"Soledad\"},\"url\":\"https:\\\/\\\/oroverde.gob.ar\\\/portal\\\/author\\\/soledad\\\/\"}]}<\/script>\n<!-- \/ Yoast SEO plugin. -->","yoast_head_json":{"title":"Comienzan los talleres del CGE en Oro Verde: los cursos certificados que se dar\u00e1n en 2026 - Municipio de Oro Verde","robots":{"index":"index","follow":"follow","max-snippet":"max-snippet:-1","max-image-preview":"max-image-preview:large","max-video-preview":"max-video-preview:-1"},"canonical":"https:\/\/oroverde.gob.ar\/portal\/comienzan-los-talleres-del-cge-en-oro-verde-los-cursos-certificados-que-se-daran-en-2026\/","og_locale":"es_ES","og_type":"article","og_title":"Comienzan los talleres del CGE en Oro Verde: los cursos certificados que se dar\u00e1n en 2026 - Municipio de Oro Verde","og_description":"En un nuevo a\u00f1o del Centro Comunitario N\u00b037 dependiente de la Direcci\u00f3n de j\u00f3venes y adultos del Consejo General de Educaci\u00f3n (CGE), los vecinos tendr\u00e1n la posibilidad de acceder diferentes cursos con aval oficial. Hay una preinscripci\u00f3n que se realiza escaneando el QR &hellip;","og_url":"https:\/\/oroverde.gob.ar\/portal\/comienzan-los-talleres-del-cge-en-oro-verde-los-cursos-certificados-que-se-daran-en-2026\/","og_site_name":"Municipio de Oro Verde","article_published_time":"2026-03-09T18:25:47+00:00","article_modified_time":"2026-03-10T12:00:57+00:00","og_image":[{"width":1080,"height":810,"url":"https:\/\/oroverde.gob.ar\/portal\/wp-content\/uploads\/2026\/03\/481058555_933159978988984_5394119082631482514_n.jpg","type":"image\/jpeg"}],"author":"Soledad","twitter_card":"summary_large_image","twitter_misc":{"Escrito por":"Soledad","Tiempo de lectura":"1 minuto"},"schema":{"@context":"https:\/\/schema.org","@graph":[{"@type":"Article","@id":"https:\/\/oroverde.gob.ar\/portal\/comienzan-los-talleres-del-cge-en-oro-verde-los-cursos-certificados-que-se-daran-en-2026\/#article","isPartOf":{"@id":"https:\/\/oroverde.gob.ar\/portal\/comienzan-los-talleres-del-cge-en-oro-verde-los-cursos-certificados-que-se-daran-en-2026\/"},"author":{"name":"Soledad","@id":"https:\/\/oroverde.gob.ar\/portal\/#\/schema\/person\/b975e0cbcd43b7dcf9c64511ec84f10f"},"headline":"Comienzan los talleres del CGE en Oro Verde: los cursos certificados que se dar\u00e1n en 2026","datePublished":"2026-03-09T18:25:47+00:00","dateModified":"2026-03-10T12:00:57+00:00","mainEntityOfPage":{"@id":"https:\/\/oroverde.gob.ar\/portal\/comienzan-los-talleres-del-cge-en-oro-verde-los-cursos-certificados-que-se-daran-en-2026\/"},"wordCount":168,"publisher":{"@id":"https:\/\/oroverde.gob.ar\/portal\/#organization"},"image":{"@id":"https:\/\/oroverde.gob.ar\/portal\/comienzan-los-talleres-del-cge-en-oro-verde-los-cursos-certificados-que-se-daran-en-2026\/#primaryimage"},"thumbnailUrl":"https:\/\/oroverde.gob.ar\/portal\/wp-content\/uploads\/2026\/03\/481058555_933159978988984_5394119082631482514_n.jpg","articleSection":["Municipio"],"inLanguage":"es"},{"@type":"WebPage","@id":"https:\/\/oroverde.gob.ar\/portal\/comienzan-los-talleres-del-cge-en-oro-verde-los-cursos-certificados-que-se-daran-en-2026\/","url":"https:\/\/oroverde.gob.ar\/portal\/comienzan-los-talleres-del-cge-en-oro-verde-los-cursos-certificados-que-se-daran-en-2026\/","name":"Comienzan los talleres del CGE en Oro Verde: los cursos certificados que se dar\u00e1n en 2026 - Municipio de Oro Verde","isPartOf":{"@id":"https:\/\/oroverde.gob.ar\/portal\/#website"},"primaryImageOfPage":{"@id":"https:\/\/oroverde.gob.ar\/portal\/comienzan-los-talleres-del-cge-en-oro-verde-los-cursos-certificados-que-se-daran-en-2026\/#primaryimage"},"image":{"@id":"https:\/\/oroverde.gob.ar\/portal\/comienzan-los-talleres-del-cge-en-oro-verde-los-cursos-certificados-que-se-daran-en-2026\/#primaryimage"},"thumbnailUrl":"https:\/\/oroverde.gob.ar\/portal\/wp-content\/uploads\/2026\/03\/481058555_933159978988984_5394119082631482514_n.jpg","datePublished":"2026-03-09T18:25:47+00:00","dateModified":"2026-03-10T12:00:57+00:00","breadcrumb":{"@id":"https:\/\/oroverde.gob.ar\/portal\/comienzan-los-talleres-del-cge-en-oro-verde-los-cursos-certificados-que-se-daran-en-2026\/#breadcrumb"},"inLanguage":"es","potentialAction":[{"@type":"ReadAction","target":["https:\/\/oroverde.gob.ar\/portal\/comienzan-los-talleres-del-cge-en-oro-verde-los-cursos-certificados-que-se-daran-en-2026\/"]}]},{"@type":"ImageObject","inLanguage":"es","@id":"https:\/\/oroverde.gob.ar\/portal\/comienzan-los-talleres-del-cge-en-oro-verde-los-cursos-certificados-que-se-daran-en-2026\/#primaryimage","url":"https:\/\/oroverde.gob.ar\/portal\/wp-content\/uploads\/2026\/03\/481058555_933159978988984_5394119082631482514_n.jpg","contentUrl":"https:\/\/oroverde.gob.ar\/portal\/wp-content\/uploads\/2026\/03\/481058555_933159978988984_5394119082631482514_n.jpg","width":1080,"height":810},{"@type":"BreadcrumbList","@id":"https:\/\/oroverde.gob.ar\/portal\/comienzan-los-talleres-del-cge-en-oro-verde-los-cursos-certificados-que-se-daran-en-2026\/#breadcrumb","itemListElement":[{"@type":"ListItem","position":1,"name":"Portada","item":"https:\/\/oroverde.gob.ar\/portal\/"},{"@type":"ListItem","position":2,"name":"Comienzan los talleres del CGE en Oro Verde: los cursos certificados que se dar\u00e1n en 2026"}]},{"@type":"WebSite","@id":"https:\/\/oroverde.gob.ar\/portal\/#website","url":"https:\/\/oroverde.gob.ar\/portal\/","name":"Municipio de Oro Verde","description":"Web Oficial","publisher":{"@id":"https:\/\/oroverde.gob.ar\/portal\/#organization"},"potentialAction":[{"@type":"SearchAction","target":{"@type":"EntryPoint","urlTemplate":"https:\/\/oroverde.gob.ar\/portal\/?s={search_term_string}"},"query-input":{"@type":"PropertyValueSpecification","valueRequired":true,"valueName":"search_term_string"}}],"inLanguage":"es"},{"@type":"Organization","@id":"https:\/\/oroverde.gob.ar\/portal\/#organization","name":"Municipio de Oro Verde","url":"https:\/\/oroverde.gob.ar\/portal\/","logo":{"@type":"ImageObject","inLanguage":"es","@id":"https:\/\/oroverde.gob.ar\/portal\/#\/schema\/logo\/image\/","url":"https:\/\/oroverde.gob.ar\/portal\/wp-content\/uploads\/2024\/06\/cropped-cropped-logo-1.png","contentUrl":"https:\/\/oroverde.gob.ar\/portal\/wp-content\/uploads\/2024\/06\/cropped-cropped-logo-1.png","width":1776,"height":738,"caption":"Municipio de Oro Verde"},"image":{"@id":"https:\/\/oroverde.gob.ar\/portal\/#\/schema\/logo\/image\/"}},{"@type":"Person","@id":"https:\/\/oroverde.gob.ar\/portal\/#\/schema\/person\/b975e0cbcd43b7dcf9c64511ec84f10f","name":"Soledad","image":{"@type":"ImageObject","inLanguage":"es","@id":"https:\/\/secure.gravatar.com\/avatar\/b2f5b6cda565395f31dc94c95932b9b3fbe6275bad58a1579843d3d1607d4a66?s=96&d=mm&r=g","url":"https:\/\/secure.gravatar.com\/avatar\/b2f5b6cda565395f31dc94c95932b9b3fbe6275bad58a1579843d3d1607d4a66?s=96&d=mm&r=g","contentUrl":"https:\/\/secure.gravatar.com\/avatar\/b2f5b6cda565395f31dc94c95932b9b3fbe6275bad58a1579843d3d1607d4a66?s=96&d=mm&r=g","caption":"Soledad"},"url":"https:\/\/oroverde.gob.ar\/portal\/author\/soledad\/"}]}},"_links":{"self":[{"href":"https:\/\/oroverde.gob.ar\/portal\/wp-json\/wp\/v2\/posts\/8075","targetHints":{"allow":["GET"]}}],"collection":[{"href":"https:\/\/oroverde.gob.ar\/portal\/wp-json\/wp\/v2\/posts"}],"about":[{"href":"https:\/\/oroverde.gob.ar\/portal\/wp-json\/wp\/v2\/types\/post"}],"author":[{"embeddable":true,"href":"https:\/\/oroverde.gob.ar\/portal\/wp-json\/wp\/v2\/users\/3"}],"replies":[{"embeddable":true,"href":"https:\/\/oroverde.gob.ar\/portal\/wp-json\/wp\/v2\/comments?post=8075"}],"version-history":[{"count":2,"href":"https:\/\/oroverde.gob.ar\/portal\/wp-json\/wp\/v2\/posts\/8075\/revisions"}],"predecessor-version":[{"id":8084,"href":"https:\/\/oroverde.gob.ar\/portal\/wp-json\/wp\/v2\/posts\/8075\/revisions\/8084"}],"wp:featuredmedia":[{"embeddable":true,"href":"https:\/\/oroverde.gob.ar\/portal\/wp-json\/wp\/v2\/media\/8076"}],"wp:attachment":[{"href":"https:\/\/oroverde.gob.ar\/portal\/wp-json\/wp\/v2\/media?parent=8075"}],"wp:term":[{"taxonomy":"category","embeddable":true,"href":"https:\/\/oroverde.gob.ar\/portal\/wp-json\/wp\/v2\/categories?post=8075"},{"taxonomy":"post_tag","embeddable":true,"href":"https:\/\/oroverde.gob.ar\/portal\/wp-json\/wp\/v2\/tags?post=8075"}],"curies":[{"name":"wp","href":"https:\/\/api.w.org\/{rel}","templated":true}]}}