{"id":8101,"date":"2026-03-12T11:58:31","date_gmt":"2026-03-12T14:58:31","guid":{"rendered":"https:\/\/oroverde.gob.ar\/portal\/?p=8101"},"modified":"2026-03-12T11:58:31","modified_gmt":"2026-03-12T14:58:31","slug":"el-intendente-cesar-clement-dejo-inaugurado-el-periodo-de-sesiones-ordinarias-del-hcd-2","status":"publish","type":"post","link":"https:\/\/oroverde.gob.ar\/portal\/el-intendente-cesar-clement-dejo-inaugurado-el-periodo-de-sesiones-ordinarias-del-hcd-2\/","title":{"rendered":"El intendente C\u00e9sar Clement dej\u00f3 inaugurado el Per\u00edodo de Sesiones Ordinarias del HCD"},"content":{"rendered":"<p>&nbsp;<\/p>\n<p>El presidente municipal C\u00e9sar Clement dej\u00f3 inaugurado el per\u00edodo de Sesiones Ordinarias del Concejo Deliberante de Oro Verde. Fue en el Sal\u00f3n Auditorio Municipal y all\u00ed, tal como lo establece la legislaci\u00f3n dio cuenta de lo actuado en 2025 y brind\u00f3 un mensaje con los principales lineamientos de lo que el Municipio realizar\u00e1 este a\u00f1o ante el HCD, autoridades de instituciones locales y vecinos en general.<\/p>\n<p>Para comenzar, la presidente del Honorable Concejo Deliberante Mercedes Schvindt, dio la bienvenida y se realiz\u00f3 lectura del decreto que establece el inicio del per\u00edodo de sesiones ordinarias, en cumplimiento a lo establecido en la Constituci\u00f3n Provincial y la Ley de Municipios.<\/p>\n<p>Posteriormente, ante los concejales Oscar Ocampo, Rosana Cappellacci, Amelia Gerstner, Oscar Almir\u00f3n, Ver\u00f3nica Mi\u00f1o y Horacio Unrein, el presidente Municipal C\u00e9sar Clement realiz\u00f3 un detalle de las actividades de las \u00e1reas municipales durante 2025.<\/p>\n<p>Para este a\u00f1o anunci\u00f3 la conclusi\u00f3n de obras y proyectos, y se\u00f1al\u00f3 que tanto las que est\u00e1n en marcha como las nuevas se realizar\u00e1n exclusivamente con recursos municipales. Entre ellas destac\u00f3 la finalizaci\u00f3n de la senda hacia Lomas de Oro Verde y Loma Hermosa; puesta en funcionamiento del Juzgado de Faltas, la entrega de Lotes Sociales y la ampliaci\u00f3n de la Sala de Primeros Auxilios de El Triangular.<\/p>\n<p>Memoria Completa en el siguiente link: https:\/\/qrcd.org\/9oOS<\/p>\n","protected":false},"excerpt":{"rendered":"<p>&nbsp; El presidente municipal C\u00e9sar Clement dej\u00f3 inaugurado el per\u00edodo de Sesiones Ordinarias del Concejo Deliberante de Oro Verde. Fue en el Sal\u00f3n Auditorio Municipal y all\u00ed, tal como lo establece la legislaci\u00f3n dio cuenta de lo actuado en 2025 y brind\u00f3 un &hellip;<\/p>\n","protected":false},"author":2,"featured_media":8102,"comment_status":"closed","ping_status":"closed","sticky":false,"template":"","format":"standard","meta":{"footnotes":""},"categories":[1,14],"tags":[],"class_list":["post-8101","post","type-post","status-publish","format-standard","has-post-thumbnail","hentry","category-municipio","category-noticias"],"yoast_head":"<!-- This site is optimized with the Yoast SEO plugin v27.5 - https:\/\/yoast.com\/product\/yoast-seo-wordpress\/ -->\n<title>El intendente C\u00e9sar Clement dej\u00f3 inaugurado el Per\u00edodo de Sesiones Ordinarias del HCD - Municipio de Oro Verde<\/title>\n<meta name=\"robots\" content=\"index, follow, max-snippet:-1, max-image-preview:large, max-video-preview:-1\" \/>\n<link rel=\"canonical\" href=\"https:\/\/oroverde.gob.ar\/portal\/el-intendente-cesar-clement-dejo-inaugurado-el-periodo-de-sesiones-ordinarias-del-hcd-2\/\" \/>\n<meta property=\"og:locale\" content=\"es_ES\" \/>\n<meta property=\"og:type\" content=\"article\" \/>\n<meta property=\"og:title\" content=\"El intendente C\u00e9sar Clement dej\u00f3 inaugurado el Per\u00edodo de Sesiones Ordinarias del HCD - Municipio de Oro Verde\" \/>\n<meta property=\"og:description\" content=\"&nbsp; El presidente municipal C\u00e9sar Clement dej\u00f3 inaugurado el per\u00edodo de Sesiones Ordinarias del Concejo Deliberante de Oro Verde. Fue en el Sal\u00f3n Auditorio Municipal y all\u00ed, tal como lo establece la legislaci\u00f3n dio cuenta de lo actuado en 2025 y brind\u00f3 un &hellip;\" \/>\n<meta property=\"og:url\" content=\"https:\/\/oroverde.gob.ar\/portal\/el-intendente-cesar-clement-dejo-inaugurado-el-periodo-de-sesiones-ordinarias-del-hcd-2\/\" \/>\n<meta property=\"og:site_name\" content=\"Municipio de Oro Verde\" \/>\n<meta property=\"article:published_time\" content=\"2026-03-12T14:58:31+00:00\" \/>\n<meta property=\"og:image\" content=\"https:\/\/oroverde.gob.ar\/portal\/wp-content\/uploads\/2026\/03\/66b820db-9433-4085-909f-1dba3437161c.jpg\" \/>\n\t<meta property=\"og:image:width\" content=\"1600\" \/>\n\t<meta property=\"og:image:height\" content=\"1066\" \/>\n\t<meta property=\"og:image:type\" content=\"image\/jpeg\" \/>\n<meta name=\"author\" content=\"Leticia\" \/>\n<meta name=\"twitter:card\" content=\"summary_large_image\" \/>\n<meta name=\"twitter:label1\" content=\"Escrito por\" \/>\n\t<meta name=\"twitter:data1\" content=\"Leticia\" \/>\n\t<meta name=\"twitter:label2\" content=\"Tiempo de lectura\" \/>\n\t<meta name=\"twitter:data2\" content=\"2 minutos\" \/>\n<script type=\"application\/ld+json\" class=\"yoast-schema-graph\">{\"@context\":\"https:\\\/\\\/schema.org\",\"@graph\":[{\"@type\":\"Article\",\"@id\":\"https:\\\/\\\/oroverde.gob.ar\\\/portal\\\/el-intendente-cesar-clement-dejo-inaugurado-el-periodo-de-sesiones-ordinarias-del-hcd-2\\\/#article\",\"isPartOf\":{\"@id\":\"https:\\\/\\\/oroverde.gob.ar\\\/portal\\\/el-intendente-cesar-clement-dejo-inaugurado-el-periodo-de-sesiones-ordinarias-del-hcd-2\\\/\"},\"author\":{\"name\":\"Leticia\",\"@id\":\"https:\\\/\\\/oroverde.gob.ar\\\/portal\\\/#\\\/schema\\\/person\\\/d904a5e1011c58db8d79e823207854f4\"},\"headline\":\"El intendente C\u00e9sar Clement dej\u00f3 inaugurado el Per\u00edodo de Sesiones Ordinarias del HCD\",\"datePublished\":\"2026-03-12T14:58:31+00:00\",\"mainEntityOfPage\":{\"@id\":\"https:\\\/\\\/oroverde.gob.ar\\\/portal\\\/el-intendente-cesar-clement-dejo-inaugurado-el-periodo-de-sesiones-ordinarias-del-hcd-2\\\/\"},\"wordCount\":252,\"publisher\":{\"@id\":\"https:\\\/\\\/oroverde.gob.ar\\\/portal\\\/#organization\"},\"image\":{\"@id\":\"https:\\\/\\\/oroverde.gob.ar\\\/portal\\\/el-intendente-cesar-clement-dejo-inaugurado-el-periodo-de-sesiones-ordinarias-del-hcd-2\\\/#primaryimage\"},\"thumbnailUrl\":\"https:\\\/\\\/oroverde.gob.ar\\\/portal\\\/wp-content\\\/uploads\\\/2026\\\/03\\\/66b820db-9433-4085-909f-1dba3437161c.jpg\",\"articleSection\":[\"Municipio\",\"Noticias\"],\"inLanguage\":\"es\"},{\"@type\":\"WebPage\",\"@id\":\"https:\\\/\\\/oroverde.gob.ar\\\/portal\\\/el-intendente-cesar-clement-dejo-inaugurado-el-periodo-de-sesiones-ordinarias-del-hcd-2\\\/\",\"url\":\"https:\\\/\\\/oroverde.gob.ar\\\/portal\\\/el-intendente-cesar-clement-dejo-inaugurado-el-periodo-de-sesiones-ordinarias-del-hcd-2\\\/\",\"name\":\"El intendente C\u00e9sar Clement dej\u00f3 inaugurado el Per\u00edodo de Sesiones Ordinarias del HCD - Municipio de Oro Verde\",\"isPartOf\":{\"@id\":\"https:\\\/\\\/oroverde.gob.ar\\\/portal\\\/#website\"},\"primaryImageOfPage\":{\"@id\":\"https:\\\/\\\/oroverde.gob.ar\\\/portal\\\/el-intendente-cesar-clement-dejo-inaugurado-el-periodo-de-sesiones-ordinarias-del-hcd-2\\\/#primaryimage\"},\"image\":{\"@id\":\"https:\\\/\\\/oroverde.gob.ar\\\/portal\\\/el-intendente-cesar-clement-dejo-inaugurado-el-periodo-de-sesiones-ordinarias-del-hcd-2\\\/#primaryimage\"},\"thumbnailUrl\":\"https:\\\/\\\/oroverde.gob.ar\\\/portal\\\/wp-content\\\/uploads\\\/2026\\\/03\\\/66b820db-9433-4085-909f-1dba3437161c.jpg\",\"datePublished\":\"2026-03-12T14:58:31+00:00\",\"breadcrumb\":{\"@id\":\"https:\\\/\\\/oroverde.gob.ar\\\/portal\\\/el-intendente-cesar-clement-dejo-inaugurado-el-periodo-de-sesiones-ordinarias-del-hcd-2\\\/#breadcrumb\"},\"inLanguage\":\"es\",\"potentialAction\":[{\"@type\":\"ReadAction\",\"target\":[\"https:\\\/\\\/oroverde.gob.ar\\\/portal\\\/el-intendente-cesar-clement-dejo-inaugurado-el-periodo-de-sesiones-ordinarias-del-hcd-2\\\/\"]}]},{\"@type\":\"ImageObject\",\"inLanguage\":\"es\",\"@id\":\"https:\\\/\\\/oroverde.gob.ar\\\/portal\\\/el-intendente-cesar-clement-dejo-inaugurado-el-periodo-de-sesiones-ordinarias-del-hcd-2\\\/#primaryimage\",\"url\":\"https:\\\/\\\/oroverde.gob.ar\\\/portal\\\/wp-content\\\/uploads\\\/2026\\\/03\\\/66b820db-9433-4085-909f-1dba3437161c.jpg\",\"contentUrl\":\"https:\\\/\\\/oroverde.gob.ar\\\/portal\\\/wp-content\\\/uploads\\\/2026\\\/03\\\/66b820db-9433-4085-909f-1dba3437161c.jpg\",\"width\":1600,\"height\":1066},{\"@type\":\"BreadcrumbList\",\"@id\":\"https:\\\/\\\/oroverde.gob.ar\\\/portal\\\/el-intendente-cesar-clement-dejo-inaugurado-el-periodo-de-sesiones-ordinarias-del-hcd-2\\\/#breadcrumb\",\"itemListElement\":[{\"@type\":\"ListItem\",\"position\":1,\"name\":\"Portada\",\"item\":\"https:\\\/\\\/oroverde.gob.ar\\\/portal\\\/\"},{\"@type\":\"ListItem\",\"position\":2,\"name\":\"El intendente C\u00e9sar Clement dej\u00f3 inaugurado el Per\u00edodo de Sesiones Ordinarias del HCD\"}]},{\"@type\":\"WebSite\",\"@id\":\"https:\\\/\\\/oroverde.gob.ar\\\/portal\\\/#website\",\"url\":\"https:\\\/\\\/oroverde.gob.ar\\\/portal\\\/\",\"name\":\"Municipio de Oro Verde\",\"description\":\"Web Oficial\",\"publisher\":{\"@id\":\"https:\\\/\\\/oroverde.gob.ar\\\/portal\\\/#organization\"},\"potentialAction\":[{\"@type\":\"SearchAction\",\"target\":{\"@type\":\"EntryPoint\",\"urlTemplate\":\"https:\\\/\\\/oroverde.gob.ar\\\/portal\\\/?s={search_term_string}\"},\"query-input\":{\"@type\":\"PropertyValueSpecification\",\"valueRequired\":true,\"valueName\":\"search_term_string\"}}],\"inLanguage\":\"es\"},{\"@type\":\"Organization\",\"@id\":\"https:\\\/\\\/oroverde.gob.ar\\\/portal\\\/#organization\",\"name\":\"Municipio de Oro Verde\",\"url\":\"https:\\\/\\\/oroverde.gob.ar\\\/portal\\\/\",\"logo\":{\"@type\":\"ImageObject\",\"inLanguage\":\"es\",\"@id\":\"https:\\\/\\\/oroverde.gob.ar\\\/portal\\\/#\\\/schema\\\/logo\\\/image\\\/\",\"url\":\"https:\\\/\\\/oroverde.gob.ar\\\/portal\\\/wp-content\\\/uploads\\\/2024\\\/06\\\/cropped-cropped-logo-1.png\",\"contentUrl\":\"https:\\\/\\\/oroverde.gob.ar\\\/portal\\\/wp-content\\\/uploads\\\/2024\\\/06\\\/cropped-cropped-logo-1.png\",\"width\":1776,\"height\":738,\"caption\":\"Municipio de Oro Verde\"},\"image\":{\"@id\":\"https:\\\/\\\/oroverde.gob.ar\\\/portal\\\/#\\\/schema\\\/logo\\\/image\\\/\"}},{\"@type\":\"Person\",\"@id\":\"https:\\\/\\\/oroverde.gob.ar\\\/portal\\\/#\\\/schema\\\/person\\\/d904a5e1011c58db8d79e823207854f4\",\"name\":\"Leticia\",\"image\":{\"@type\":\"ImageObject\",\"inLanguage\":\"es\",\"@id\":\"https:\\\/\\\/secure.gravatar.com\\\/avatar\\\/123f2cb69f2bf9cfae92cffddba9b0ead63e22c03f87ba23c7c1a885cf667d4d?s=96&d=mm&r=g\",\"url\":\"https:\\\/\\\/secure.gravatar.com\\\/avatar\\\/123f2cb69f2bf9cfae92cffddba9b0ead63e22c03f87ba23c7c1a885cf667d4d?s=96&d=mm&r=g\",\"contentUrl\":\"https:\\\/\\\/secure.gravatar.com\\\/avatar\\\/123f2cb69f2bf9cfae92cffddba9b0ead63e22c03f87ba23c7c1a885cf667d4d?s=96&d=mm&r=g\",\"caption\":\"Leticia\"},\"url\":\"https:\\\/\\\/oroverde.gob.ar\\\/portal\\\/author\\\/leticia\\\/\"}]}<\/script>\n<!-- \/ Yoast SEO plugin. -->","yoast_head_json":{"title":"El intendente C\u00e9sar Clement dej\u00f3 inaugurado el Per\u00edodo de Sesiones Ordinarias del HCD - Municipio de Oro Verde","robots":{"index":"index","follow":"follow","max-snippet":"max-snippet:-1","max-image-preview":"max-image-preview:large","max-video-preview":"max-video-preview:-1"},"canonical":"https:\/\/oroverde.gob.ar\/portal\/el-intendente-cesar-clement-dejo-inaugurado-el-periodo-de-sesiones-ordinarias-del-hcd-2\/","og_locale":"es_ES","og_type":"article","og_title":"El intendente C\u00e9sar Clement dej\u00f3 inaugurado el Per\u00edodo de Sesiones Ordinarias del HCD - Municipio de Oro Verde","og_description":"&nbsp; El presidente municipal C\u00e9sar Clement dej\u00f3 inaugurado el per\u00edodo de Sesiones Ordinarias del Concejo Deliberante de Oro Verde. Fue en el Sal\u00f3n Auditorio Municipal y all\u00ed, tal como lo establece la legislaci\u00f3n dio cuenta de lo actuado en 2025 y brind\u00f3 un &hellip;","og_url":"https:\/\/oroverde.gob.ar\/portal\/el-intendente-cesar-clement-dejo-inaugurado-el-periodo-de-sesiones-ordinarias-del-hcd-2\/","og_site_name":"Municipio de Oro Verde","article_published_time":"2026-03-12T14:58:31+00:00","og_image":[{"width":1600,"height":1066,"url":"https:\/\/oroverde.gob.ar\/portal\/wp-content\/uploads\/2026\/03\/66b820db-9433-4085-909f-1dba3437161c.jpg","type":"image\/jpeg"}],"author":"Leticia","twitter_card":"summary_large_image","twitter_misc":{"Escrito por":"Leticia","Tiempo de lectura":"2 minutos"},"schema":{"@context":"https:\/\/schema.org","@graph":[{"@type":"Article","@id":"https:\/\/oroverde.gob.ar\/portal\/el-intendente-cesar-clement-dejo-inaugurado-el-periodo-de-sesiones-ordinarias-del-hcd-2\/#article","isPartOf":{"@id":"https:\/\/oroverde.gob.ar\/portal\/el-intendente-cesar-clement-dejo-inaugurado-el-periodo-de-sesiones-ordinarias-del-hcd-2\/"},"author":{"name":"Leticia","@id":"https:\/\/oroverde.gob.ar\/portal\/#\/schema\/person\/d904a5e1011c58db8d79e823207854f4"},"headline":"El intendente C\u00e9sar Clement dej\u00f3 inaugurado el Per\u00edodo de Sesiones Ordinarias del HCD","datePublished":"2026-03-12T14:58:31+00:00","mainEntityOfPage":{"@id":"https:\/\/oroverde.gob.ar\/portal\/el-intendente-cesar-clement-dejo-inaugurado-el-periodo-de-sesiones-ordinarias-del-hcd-2\/"},"wordCount":252,"publisher":{"@id":"https:\/\/oroverde.gob.ar\/portal\/#organization"},"image":{"@id":"https:\/\/oroverde.gob.ar\/portal\/el-intendente-cesar-clement-dejo-inaugurado-el-periodo-de-sesiones-ordinarias-del-hcd-2\/#primaryimage"},"thumbnailUrl":"https:\/\/oroverde.gob.ar\/portal\/wp-content\/uploads\/2026\/03\/66b820db-9433-4085-909f-1dba3437161c.jpg","articleSection":["Municipio","Noticias"],"inLanguage":"es"},{"@type":"WebPage","@id":"https:\/\/oroverde.gob.ar\/portal\/el-intendente-cesar-clement-dejo-inaugurado-el-periodo-de-sesiones-ordinarias-del-hcd-2\/","url":"https:\/\/oroverde.gob.ar\/portal\/el-intendente-cesar-clement-dejo-inaugurado-el-periodo-de-sesiones-ordinarias-del-hcd-2\/","name":"El intendente C\u00e9sar Clement dej\u00f3 inaugurado el Per\u00edodo de Sesiones Ordinarias del HCD - Municipio de Oro Verde","isPartOf":{"@id":"https:\/\/oroverde.gob.ar\/portal\/#website"},"primaryImageOfPage":{"@id":"https:\/\/oroverde.gob.ar\/portal\/el-intendente-cesar-clement-dejo-inaugurado-el-periodo-de-sesiones-ordinarias-del-hcd-2\/#primaryimage"},"image":{"@id":"https:\/\/oroverde.gob.ar\/portal\/el-intendente-cesar-clement-dejo-inaugurado-el-periodo-de-sesiones-ordinarias-del-hcd-2\/#primaryimage"},"thumbnailUrl":"https:\/\/oroverde.gob.ar\/portal\/wp-content\/uploads\/2026\/03\/66b820db-9433-4085-909f-1dba3437161c.jpg","datePublished":"2026-03-12T14:58:31+00:00","breadcrumb":{"@id":"https:\/\/oroverde.gob.ar\/portal\/el-intendente-cesar-clement-dejo-inaugurado-el-periodo-de-sesiones-ordinarias-del-hcd-2\/#breadcrumb"},"inLanguage":"es","potentialAction":[{"@type":"ReadAction","target":["https:\/\/oroverde.gob.ar\/portal\/el-intendente-cesar-clement-dejo-inaugurado-el-periodo-de-sesiones-ordinarias-del-hcd-2\/"]}]},{"@type":"ImageObject","inLanguage":"es","@id":"https:\/\/oroverde.gob.ar\/portal\/el-intendente-cesar-clement-dejo-inaugurado-el-periodo-de-sesiones-ordinarias-del-hcd-2\/#primaryimage","url":"https:\/\/oroverde.gob.ar\/portal\/wp-content\/uploads\/2026\/03\/66b820db-9433-4085-909f-1dba3437161c.jpg","contentUrl":"https:\/\/oroverde.gob.ar\/portal\/wp-content\/uploads\/2026\/03\/66b820db-9433-4085-909f-1dba3437161c.jpg","width":1600,"height":1066},{"@type":"BreadcrumbList","@id":"https:\/\/oroverde.gob.ar\/portal\/el-intendente-cesar-clement-dejo-inaugurado-el-periodo-de-sesiones-ordinarias-del-hcd-2\/#breadcrumb","itemListElement":[{"@type":"ListItem","position":1,"name":"Portada","item":"https:\/\/oroverde.gob.ar\/portal\/"},{"@type":"ListItem","position":2,"name":"El intendente C\u00e9sar Clement dej\u00f3 inaugurado el Per\u00edodo de Sesiones Ordinarias del HCD"}]},{"@type":"WebSite","@id":"https:\/\/oroverde.gob.ar\/portal\/#website","url":"https:\/\/oroverde.gob.ar\/portal\/","name":"Municipio de Oro Verde","description":"Web Oficial","publisher":{"@id":"https:\/\/oroverde.gob.ar\/portal\/#organization"},"potentialAction":[{"@type":"SearchAction","target":{"@type":"EntryPoint","urlTemplate":"https:\/\/oroverde.gob.ar\/portal\/?s={search_term_string}"},"query-input":{"@type":"PropertyValueSpecification","valueRequired":true,"valueName":"search_term_string"}}],"inLanguage":"es"},{"@type":"Organization","@id":"https:\/\/oroverde.gob.ar\/portal\/#organization","name":"Municipio de Oro Verde","url":"https:\/\/oroverde.gob.ar\/portal\/","logo":{"@type":"ImageObject","inLanguage":"es","@id":"https:\/\/oroverde.gob.ar\/portal\/#\/schema\/logo\/image\/","url":"https:\/\/oroverde.gob.ar\/portal\/wp-content\/uploads\/2024\/06\/cropped-cropped-logo-1.png","contentUrl":"https:\/\/oroverde.gob.ar\/portal\/wp-content\/uploads\/2024\/06\/cropped-cropped-logo-1.png","width":1776,"height":738,"caption":"Municipio de Oro Verde"},"image":{"@id":"https:\/\/oroverde.gob.ar\/portal\/#\/schema\/logo\/image\/"}},{"@type":"Person","@id":"https:\/\/oroverde.gob.ar\/portal\/#\/schema\/person\/d904a5e1011c58db8d79e823207854f4","name":"Leticia","image":{"@type":"ImageObject","inLanguage":"es","@id":"https:\/\/secure.gravatar.com\/avatar\/123f2cb69f2bf9cfae92cffddba9b0ead63e22c03f87ba23c7c1a885cf667d4d?s=96&d=mm&r=g","url":"https:\/\/secure.gravatar.com\/avatar\/123f2cb69f2bf9cfae92cffddba9b0ead63e22c03f87ba23c7c1a885cf667d4d?s=96&d=mm&r=g","contentUrl":"https:\/\/secure.gravatar.com\/avatar\/123f2cb69f2bf9cfae92cffddba9b0ead63e22c03f87ba23c7c1a885cf667d4d?s=96&d=mm&r=g","caption":"Leticia"},"url":"https:\/\/oroverde.gob.ar\/portal\/author\/leticia\/"}]}},"_links":{"self":[{"href":"https:\/\/oroverde.gob.ar\/portal\/wp-json\/wp\/v2\/posts\/8101","targetHints":{"allow":["GET"]}}],"collection":[{"href":"https:\/\/oroverde.gob.ar\/portal\/wp-json\/wp\/v2\/posts"}],"about":[{"href":"https:\/\/oroverde.gob.ar\/portal\/wp-json\/wp\/v2\/types\/post"}],"author":[{"embeddable":true,"href":"https:\/\/oroverde.gob.ar\/portal\/wp-json\/wp\/v2\/users\/2"}],"replies":[{"embeddable":true,"href":"https:\/\/oroverde.gob.ar\/portal\/wp-json\/wp\/v2\/comments?post=8101"}],"version-history":[{"count":1,"href":"https:\/\/oroverde.gob.ar\/portal\/wp-json\/wp\/v2\/posts\/8101\/revisions"}],"predecessor-version":[{"id":8103,"href":"https:\/\/oroverde.gob.ar\/portal\/wp-json\/wp\/v2\/posts\/8101\/revisions\/8103"}],"wp:featuredmedia":[{"embeddable":true,"href":"https:\/\/oroverde.gob.ar\/portal\/wp-json\/wp\/v2\/media\/8102"}],"wp:attachment":[{"href":"https:\/\/oroverde.gob.ar\/portal\/wp-json\/wp\/v2\/media?parent=8101"}],"wp:term":[{"taxonomy":"category","embeddable":true,"href":"https:\/\/oroverde.gob.ar\/portal\/wp-json\/wp\/v2\/categories?post=8101"},{"taxonomy":"post_tag","embeddable":true,"href":"https:\/\/oroverde.gob.ar\/portal\/wp-json\/wp\/v2\/tags?post=8101"}],"curies":[{"name":"wp","href":"https:\/\/api.w.org\/{rel}","templated":true}]}}