{"id":8309,"date":"2026-04-07T12:38:39","date_gmt":"2026-04-07T15:38:39","guid":{"rendered":"https:\/\/oroverde.gob.ar\/portal\/?p=8309"},"modified":"2026-04-07T12:38:39","modified_gmt":"2026-04-07T15:38:39","slug":"reunion-con-autoridades-de-la-cooperativa-de-agua-potable-por-un-nuevo-pozo","status":"publish","type":"post","link":"https:\/\/oroverde.gob.ar\/portal\/reunion-con-autoridades-de-la-cooperativa-de-agua-potable-por-un-nuevo-pozo\/","title":{"rendered":"Reuni\u00f3n con autoridades de la Cooperativa de Agua Potable por un nuevo pozo"},"content":{"rendered":"<div class=\"html-div xdj266r x14z9mp xat24cr x1lziwak xexx8yu xyri2b x18d9i69 x1c1uobl\">\n<div class=\"html-div xdj266r x14z9mp xat24cr x1lziwak xexx8yu xyri2b x18d9i69 x1c1uobl\" dir=\"auto\">\n<div class=\"html-div xdj266r x14z9mp xat24cr x1lziwak xexx8yu xyri2b x18d9i69 x1c1uobl\" data-ad-rendering-role=\"story_message\">\n<div class=\"x1l90r2v x1iorvi4 x1g0dm76 xpdmqnj\" data-ad-comet-preview=\"message\" data-ad-preview=\"message\">\n<div class=\"x78zum5 xdt5ytf xz62fqu x16ldp7u\">\n<div class=\"xu06os2 x1ok221b\">\n<div class=\"html-div xdj266r x14z9mp xat24cr x1lziwak xexx8yu xyri2b x18d9i69 x1c1uobl\">\n<div class=\"xdj266r x14z9mp xat24cr x1lziwak x1vvkbs x126k92a\">\n<div dir=\"auto\">El intendente C\u00e9sar Clement mantuvo una reuni\u00f3n con el presidente de la Cooperativa de Agua Potable de la localidad Jos\u00e9 Servin, su secretario Gast\u00f3n Schvindt y el empleado administrativo Ra\u00fal Ram\u00edrez.<\/div>\n<div dir=\"auto\"><\/div>\n<\/div>\n<div class=\"x14z9mp xat24cr x1lziwak x1vvkbs xtlvy1s x126k92a\">\n<div dir=\"auto\">Ante los hechos de p\u00fablico conocimiento sobre la situaci\u00f3n del agua potable en la localidad, los integrantes de esta Cooperativa solicitaron al presidente municipal su acompa\u00f1amiento ante los organismos provinciales en la propuesta de un nuevo pozo de perforaci\u00f3n.<\/div>\n<div dir=\"auto\"><\/div>\n<\/div>\n<div class=\"x14z9mp xat24cr x1lziwak x1vvkbs xtlvy1s x126k92a\">\n<div dir=\"auto\">Estar\u00e1 ubicado en la zona de barrio El Triangular y permitir\u00e1 mejorar la calidad del agua, incrementar la capacidad de producci\u00f3n del sistema, reducir riesgos operativos ante fallas en pozos existentes y garantizar el suministro continuo a la poblaci\u00f3n.<\/div>\n<div dir=\"auto\"><\/div>\n<\/div>\n<div class=\"x14z9mp xat24cr x1lziwak x1vvkbs xtlvy1s x126k92a\">\n<div dir=\"auto\">En este sentido el intendente expres\u00f3 \u201cestamos a disposici\u00f3n para gestionar ante las autoridades provinciales esta propuesta de un nuevo pozo de perforaci\u00f3n ya que nuestra prioridad es mejorar la calidad del agua. Tambi\u00e9n entendemos que tanto para el Municipio como para la Cooperativa es muy dif\u00edcil afrontar los altos costos que representan este nuevo pozo, pero haremos todo lo que est\u00e9 a nuestro alcance para que el gobierno provincial acompa\u00f1e esto\u201d.<\/div>\n<\/div>\n<\/div>\n<\/div>\n<\/div>\n<\/div>\n<\/div>\n<\/div>\n<div class=\"html-div xdj266r x14z9mp xat24cr x1lziwak xexx8yu xyri2b x18d9i69 x1c1uobl x1n2onr6\">\n<div class=\"html-div xdj266r x14z9mp xat24cr x1lziwak xexx8yu xyri2b x18d9i69 x1c1uobl x1n2onr6\"><\/div>\n<div class=\"html-div xdj266r x14z9mp xat24cr x1lziwak xexx8yu xyri2b x18d9i69 x1c1uobl x6ikm8r x10wlt62\"><\/div>\n<\/div>\n<\/div>\n<div>\n<div class=\"x8gbvx8 x80vd3b x1q0q8m5 xso031l x8cjs6t x13fuv20 x178xt8z x78zum5 x1q0g3np x1qughib x1y1aw1k xf159sx xwib8y2 x1g0dm76\">\n<div class=\"x6s0dn4 x78zum5 x1nhvcw1\"><\/div>\n<div class=\"x78zum5 x13a6bvl\"><\/div>\n<\/div>\n<\/div>\n<div>\n<div class=\"xabvvm4 xeyy32k x1ia1hqs x1a2w583 x6ikm8r x10wlt62\" data-visualcompletion=\"ignore-dynamic\">\n<div>\n<div>\n<div>\n<div class=\"xn3w4p2 x1gslohp\">\n<div class=\"x9f619 x1ja2u2z x78zum5 x2lah0s x1n2onr6 x1qughib x6s0dn4 xozqiw3 x1q0g3np x11lfxj5 x135b78x x18d9i69 xexx8yu x4cne27 xifccgj\">\n<div class=\"x9f619 x1n2onr6 x1ja2u2z x78zum5 xdt5ytf x2lah0s x193iq5w xeuugli x10b6aqq x1yrsyyn\"><\/div>\n<div class=\"x9f619 x1n2onr6 x1ja2u2z x78zum5 xdt5ytf x2lah0s x193iq5w xeuugli x10b6aqq x1yrsyyn\"><\/div>\n<div class=\"x9f619 x1n2onr6 x1ja2u2z x78zum5 xdt5ytf x2lah0s x193iq5w xeuugli x10b6aqq x1yrsyyn\"><\/div>\n<\/div>\n<\/div>\n<\/div>\n<\/div>\n<\/div>\n<\/div>\n<\/div>\n","protected":false},"excerpt":{"rendered":"<p>El intendente C\u00e9sar Clement mantuvo una reuni\u00f3n con el presidente de la Cooperativa de Agua Potable de la localidad Jos\u00e9 Servin, su secretario Gast\u00f3n Schvindt y el empleado administrativo Ra\u00fal Ram\u00edrez. Ante los hechos de p\u00fablico conocimiento sobre la situaci\u00f3n del agua potable &hellip;<\/p>\n","protected":false},"author":3,"featured_media":8310,"comment_status":"closed","ping_status":"closed","sticky":false,"template":"","format":"standard","meta":{"footnotes":""},"categories":[25],"tags":[],"class_list":["post-8309","post","type-post","status-publish","format-standard","has-post-thumbnail","hentry","category-gobierno"],"yoast_head":"<!-- This site is optimized with the Yoast SEO plugin v27.5 - https:\/\/yoast.com\/product\/yoast-seo-wordpress\/ -->\n<title>Reuni\u00f3n con autoridades de la Cooperativa de Agua Potable por un nuevo pozo - Municipio de Oro Verde<\/title>\n<meta name=\"robots\" content=\"index, follow, max-snippet:-1, max-image-preview:large, max-video-preview:-1\" \/>\n<link rel=\"canonical\" href=\"https:\/\/oroverde.gob.ar\/portal\/reunion-con-autoridades-de-la-cooperativa-de-agua-potable-por-un-nuevo-pozo\/\" \/>\n<meta property=\"og:locale\" content=\"es_ES\" \/>\n<meta property=\"og:type\" content=\"article\" \/>\n<meta property=\"og:title\" content=\"Reuni\u00f3n con autoridades de la Cooperativa de Agua Potable por un nuevo pozo - Municipio de Oro Verde\" \/>\n<meta property=\"og:description\" content=\"El intendente C\u00e9sar Clement mantuvo una reuni\u00f3n con el presidente de la Cooperativa de Agua Potable de la localidad Jos\u00e9 Servin, su secretario Gast\u00f3n Schvindt y el empleado administrativo Ra\u00fal Ram\u00edrez. Ante los hechos de p\u00fablico conocimiento sobre la situaci\u00f3n del agua potable &hellip;\" \/>\n<meta property=\"og:url\" content=\"https:\/\/oroverde.gob.ar\/portal\/reunion-con-autoridades-de-la-cooperativa-de-agua-potable-por-un-nuevo-pozo\/\" \/>\n<meta property=\"og:site_name\" content=\"Municipio de Oro Verde\" \/>\n<meta property=\"article:published_time\" content=\"2026-04-07T15:38:39+00:00\" \/>\n<meta property=\"og:image\" content=\"https:\/\/oroverde.gob.ar\/portal\/wp-content\/uploads\/2026\/04\/DSC02445-b-c-scaled.jpg\" \/>\n\t<meta property=\"og:image:width\" content=\"2560\" \/>\n\t<meta property=\"og:image:height\" content=\"1707\" \/>\n\t<meta property=\"og:image:type\" content=\"image\/jpeg\" \/>\n<meta name=\"author\" content=\"Soledad\" \/>\n<meta name=\"twitter:card\" content=\"summary_large_image\" \/>\n<meta name=\"twitter:label1\" content=\"Escrito por\" \/>\n\t<meta name=\"twitter:data1\" content=\"Soledad\" \/>\n\t<meta name=\"twitter:label2\" content=\"Tiempo de lectura\" \/>\n\t<meta name=\"twitter:data2\" content=\"2 minutos\" \/>\n<script type=\"application\/ld+json\" class=\"yoast-schema-graph\">{\"@context\":\"https:\\\/\\\/schema.org\",\"@graph\":[{\"@type\":\"Article\",\"@id\":\"https:\\\/\\\/oroverde.gob.ar\\\/portal\\\/reunion-con-autoridades-de-la-cooperativa-de-agua-potable-por-un-nuevo-pozo\\\/#article\",\"isPartOf\":{\"@id\":\"https:\\\/\\\/oroverde.gob.ar\\\/portal\\\/reunion-con-autoridades-de-la-cooperativa-de-agua-potable-por-un-nuevo-pozo\\\/\"},\"author\":{\"name\":\"Soledad\",\"@id\":\"https:\\\/\\\/oroverde.gob.ar\\\/portal\\\/#\\\/schema\\\/person\\\/b975e0cbcd43b7dcf9c64511ec84f10f\"},\"headline\":\"Reuni\u00f3n con autoridades de la Cooperativa de Agua Potable por un nuevo pozo\",\"datePublished\":\"2026-04-07T15:38:39+00:00\",\"mainEntityOfPage\":{\"@id\":\"https:\\\/\\\/oroverde.gob.ar\\\/portal\\\/reunion-con-autoridades-de-la-cooperativa-de-agua-potable-por-un-nuevo-pozo\\\/\"},\"wordCount\":211,\"publisher\":{\"@id\":\"https:\\\/\\\/oroverde.gob.ar\\\/portal\\\/#organization\"},\"image\":{\"@id\":\"https:\\\/\\\/oroverde.gob.ar\\\/portal\\\/reunion-con-autoridades-de-la-cooperativa-de-agua-potable-por-un-nuevo-pozo\\\/#primaryimage\"},\"thumbnailUrl\":\"https:\\\/\\\/oroverde.gob.ar\\\/portal\\\/wp-content\\\/uploads\\\/2026\\\/04\\\/DSC02445-b-c-scaled.jpg\",\"articleSection\":[\"Gobierno\"],\"inLanguage\":\"es\"},{\"@type\":\"WebPage\",\"@id\":\"https:\\\/\\\/oroverde.gob.ar\\\/portal\\\/reunion-con-autoridades-de-la-cooperativa-de-agua-potable-por-un-nuevo-pozo\\\/\",\"url\":\"https:\\\/\\\/oroverde.gob.ar\\\/portal\\\/reunion-con-autoridades-de-la-cooperativa-de-agua-potable-por-un-nuevo-pozo\\\/\",\"name\":\"Reuni\u00f3n con autoridades de la Cooperativa de Agua Potable por un nuevo pozo - Municipio de Oro Verde\",\"isPartOf\":{\"@id\":\"https:\\\/\\\/oroverde.gob.ar\\\/portal\\\/#website\"},\"primaryImageOfPage\":{\"@id\":\"https:\\\/\\\/oroverde.gob.ar\\\/portal\\\/reunion-con-autoridades-de-la-cooperativa-de-agua-potable-por-un-nuevo-pozo\\\/#primaryimage\"},\"image\":{\"@id\":\"https:\\\/\\\/oroverde.gob.ar\\\/portal\\\/reunion-con-autoridades-de-la-cooperativa-de-agua-potable-por-un-nuevo-pozo\\\/#primaryimage\"},\"thumbnailUrl\":\"https:\\\/\\\/oroverde.gob.ar\\\/portal\\\/wp-content\\\/uploads\\\/2026\\\/04\\\/DSC02445-b-c-scaled.jpg\",\"datePublished\":\"2026-04-07T15:38:39+00:00\",\"breadcrumb\":{\"@id\":\"https:\\\/\\\/oroverde.gob.ar\\\/portal\\\/reunion-con-autoridades-de-la-cooperativa-de-agua-potable-por-un-nuevo-pozo\\\/#breadcrumb\"},\"inLanguage\":\"es\",\"potentialAction\":[{\"@type\":\"ReadAction\",\"target\":[\"https:\\\/\\\/oroverde.gob.ar\\\/portal\\\/reunion-con-autoridades-de-la-cooperativa-de-agua-potable-por-un-nuevo-pozo\\\/\"]}]},{\"@type\":\"ImageObject\",\"inLanguage\":\"es\",\"@id\":\"https:\\\/\\\/oroverde.gob.ar\\\/portal\\\/reunion-con-autoridades-de-la-cooperativa-de-agua-potable-por-un-nuevo-pozo\\\/#primaryimage\",\"url\":\"https:\\\/\\\/oroverde.gob.ar\\\/portal\\\/wp-content\\\/uploads\\\/2026\\\/04\\\/DSC02445-b-c-scaled.jpg\",\"contentUrl\":\"https:\\\/\\\/oroverde.gob.ar\\\/portal\\\/wp-content\\\/uploads\\\/2026\\\/04\\\/DSC02445-b-c-scaled.jpg\",\"width\":2560,\"height\":1707},{\"@type\":\"BreadcrumbList\",\"@id\":\"https:\\\/\\\/oroverde.gob.ar\\\/portal\\\/reunion-con-autoridades-de-la-cooperativa-de-agua-potable-por-un-nuevo-pozo\\\/#breadcrumb\",\"itemListElement\":[{\"@type\":\"ListItem\",\"position\":1,\"name\":\"Portada\",\"item\":\"https:\\\/\\\/oroverde.gob.ar\\\/portal\\\/\"},{\"@type\":\"ListItem\",\"position\":2,\"name\":\"Reuni\u00f3n con autoridades de la Cooperativa de Agua Potable por un nuevo pozo\"}]},{\"@type\":\"WebSite\",\"@id\":\"https:\\\/\\\/oroverde.gob.ar\\\/portal\\\/#website\",\"url\":\"https:\\\/\\\/oroverde.gob.ar\\\/portal\\\/\",\"name\":\"Municipio de Oro Verde\",\"description\":\"Web Oficial\",\"publisher\":{\"@id\":\"https:\\\/\\\/oroverde.gob.ar\\\/portal\\\/#organization\"},\"potentialAction\":[{\"@type\":\"SearchAction\",\"target\":{\"@type\":\"EntryPoint\",\"urlTemplate\":\"https:\\\/\\\/oroverde.gob.ar\\\/portal\\\/?s={search_term_string}\"},\"query-input\":{\"@type\":\"PropertyValueSpecification\",\"valueRequired\":true,\"valueName\":\"search_term_string\"}}],\"inLanguage\":\"es\"},{\"@type\":\"Organization\",\"@id\":\"https:\\\/\\\/oroverde.gob.ar\\\/portal\\\/#organization\",\"name\":\"Municipio de Oro Verde\",\"url\":\"https:\\\/\\\/oroverde.gob.ar\\\/portal\\\/\",\"logo\":{\"@type\":\"ImageObject\",\"inLanguage\":\"es\",\"@id\":\"https:\\\/\\\/oroverde.gob.ar\\\/portal\\\/#\\\/schema\\\/logo\\\/image\\\/\",\"url\":\"https:\\\/\\\/oroverde.gob.ar\\\/portal\\\/wp-content\\\/uploads\\\/2024\\\/06\\\/cropped-cropped-logo-1.png\",\"contentUrl\":\"https:\\\/\\\/oroverde.gob.ar\\\/portal\\\/wp-content\\\/uploads\\\/2024\\\/06\\\/cropped-cropped-logo-1.png\",\"width\":1776,\"height\":738,\"caption\":\"Municipio de Oro Verde\"},\"image\":{\"@id\":\"https:\\\/\\\/oroverde.gob.ar\\\/portal\\\/#\\\/schema\\\/logo\\\/image\\\/\"}},{\"@type\":\"Person\",\"@id\":\"https:\\\/\\\/oroverde.gob.ar\\\/portal\\\/#\\\/schema\\\/person\\\/b975e0cbcd43b7dcf9c64511ec84f10f\",\"name\":\"Soledad\",\"image\":{\"@type\":\"ImageObject\",\"inLanguage\":\"es\",\"@id\":\"https:\\\/\\\/secure.gravatar.com\\\/avatar\\\/b2f5b6cda565395f31dc94c95932b9b3fbe6275bad58a1579843d3d1607d4a66?s=96&d=mm&r=g\",\"url\":\"https:\\\/\\\/secure.gravatar.com\\\/avatar\\\/b2f5b6cda565395f31dc94c95932b9b3fbe6275bad58a1579843d3d1607d4a66?s=96&d=mm&r=g\",\"contentUrl\":\"https:\\\/\\\/secure.gravatar.com\\\/avatar\\\/b2f5b6cda565395f31dc94c95932b9b3fbe6275bad58a1579843d3d1607d4a66?s=96&d=mm&r=g\",\"caption\":\"Soledad\"},\"url\":\"https:\\\/\\\/oroverde.gob.ar\\\/portal\\\/author\\\/soledad\\\/\"}]}<\/script>\n<!-- \/ Yoast SEO plugin. -->","yoast_head_json":{"title":"Reuni\u00f3n con autoridades de la Cooperativa de Agua Potable por un nuevo pozo - Municipio de Oro Verde","robots":{"index":"index","follow":"follow","max-snippet":"max-snippet:-1","max-image-preview":"max-image-preview:large","max-video-preview":"max-video-preview:-1"},"canonical":"https:\/\/oroverde.gob.ar\/portal\/reunion-con-autoridades-de-la-cooperativa-de-agua-potable-por-un-nuevo-pozo\/","og_locale":"es_ES","og_type":"article","og_title":"Reuni\u00f3n con autoridades de la Cooperativa de Agua Potable por un nuevo pozo - Municipio de Oro Verde","og_description":"El intendente C\u00e9sar Clement mantuvo una reuni\u00f3n con el presidente de la Cooperativa de Agua Potable de la localidad Jos\u00e9 Servin, su secretario Gast\u00f3n Schvindt y el empleado administrativo Ra\u00fal Ram\u00edrez. Ante los hechos de p\u00fablico conocimiento sobre la situaci\u00f3n del agua potable &hellip;","og_url":"https:\/\/oroverde.gob.ar\/portal\/reunion-con-autoridades-de-la-cooperativa-de-agua-potable-por-un-nuevo-pozo\/","og_site_name":"Municipio de Oro Verde","article_published_time":"2026-04-07T15:38:39+00:00","og_image":[{"width":2560,"height":1707,"url":"https:\/\/oroverde.gob.ar\/portal\/wp-content\/uploads\/2026\/04\/DSC02445-b-c-scaled.jpg","type":"image\/jpeg"}],"author":"Soledad","twitter_card":"summary_large_image","twitter_misc":{"Escrito por":"Soledad","Tiempo de lectura":"2 minutos"},"schema":{"@context":"https:\/\/schema.org","@graph":[{"@type":"Article","@id":"https:\/\/oroverde.gob.ar\/portal\/reunion-con-autoridades-de-la-cooperativa-de-agua-potable-por-un-nuevo-pozo\/#article","isPartOf":{"@id":"https:\/\/oroverde.gob.ar\/portal\/reunion-con-autoridades-de-la-cooperativa-de-agua-potable-por-un-nuevo-pozo\/"},"author":{"name":"Soledad","@id":"https:\/\/oroverde.gob.ar\/portal\/#\/schema\/person\/b975e0cbcd43b7dcf9c64511ec84f10f"},"headline":"Reuni\u00f3n con autoridades de la Cooperativa de Agua Potable por un nuevo pozo","datePublished":"2026-04-07T15:38:39+00:00","mainEntityOfPage":{"@id":"https:\/\/oroverde.gob.ar\/portal\/reunion-con-autoridades-de-la-cooperativa-de-agua-potable-por-un-nuevo-pozo\/"},"wordCount":211,"publisher":{"@id":"https:\/\/oroverde.gob.ar\/portal\/#organization"},"image":{"@id":"https:\/\/oroverde.gob.ar\/portal\/reunion-con-autoridades-de-la-cooperativa-de-agua-potable-por-un-nuevo-pozo\/#primaryimage"},"thumbnailUrl":"https:\/\/oroverde.gob.ar\/portal\/wp-content\/uploads\/2026\/04\/DSC02445-b-c-scaled.jpg","articleSection":["Gobierno"],"inLanguage":"es"},{"@type":"WebPage","@id":"https:\/\/oroverde.gob.ar\/portal\/reunion-con-autoridades-de-la-cooperativa-de-agua-potable-por-un-nuevo-pozo\/","url":"https:\/\/oroverde.gob.ar\/portal\/reunion-con-autoridades-de-la-cooperativa-de-agua-potable-por-un-nuevo-pozo\/","name":"Reuni\u00f3n con autoridades de la Cooperativa de Agua Potable por un nuevo pozo - Municipio de Oro Verde","isPartOf":{"@id":"https:\/\/oroverde.gob.ar\/portal\/#website"},"primaryImageOfPage":{"@id":"https:\/\/oroverde.gob.ar\/portal\/reunion-con-autoridades-de-la-cooperativa-de-agua-potable-por-un-nuevo-pozo\/#primaryimage"},"image":{"@id":"https:\/\/oroverde.gob.ar\/portal\/reunion-con-autoridades-de-la-cooperativa-de-agua-potable-por-un-nuevo-pozo\/#primaryimage"},"thumbnailUrl":"https:\/\/oroverde.gob.ar\/portal\/wp-content\/uploads\/2026\/04\/DSC02445-b-c-scaled.jpg","datePublished":"2026-04-07T15:38:39+00:00","breadcrumb":{"@id":"https:\/\/oroverde.gob.ar\/portal\/reunion-con-autoridades-de-la-cooperativa-de-agua-potable-por-un-nuevo-pozo\/#breadcrumb"},"inLanguage":"es","potentialAction":[{"@type":"ReadAction","target":["https:\/\/oroverde.gob.ar\/portal\/reunion-con-autoridades-de-la-cooperativa-de-agua-potable-por-un-nuevo-pozo\/"]}]},{"@type":"ImageObject","inLanguage":"es","@id":"https:\/\/oroverde.gob.ar\/portal\/reunion-con-autoridades-de-la-cooperativa-de-agua-potable-por-un-nuevo-pozo\/#primaryimage","url":"https:\/\/oroverde.gob.ar\/portal\/wp-content\/uploads\/2026\/04\/DSC02445-b-c-scaled.jpg","contentUrl":"https:\/\/oroverde.gob.ar\/portal\/wp-content\/uploads\/2026\/04\/DSC02445-b-c-scaled.jpg","width":2560,"height":1707},{"@type":"BreadcrumbList","@id":"https:\/\/oroverde.gob.ar\/portal\/reunion-con-autoridades-de-la-cooperativa-de-agua-potable-por-un-nuevo-pozo\/#breadcrumb","itemListElement":[{"@type":"ListItem","position":1,"name":"Portada","item":"https:\/\/oroverde.gob.ar\/portal\/"},{"@type":"ListItem","position":2,"name":"Reuni\u00f3n con autoridades de la Cooperativa de Agua Potable por un nuevo pozo"}]},{"@type":"WebSite","@id":"https:\/\/oroverde.gob.ar\/portal\/#website","url":"https:\/\/oroverde.gob.ar\/portal\/","name":"Municipio de Oro Verde","description":"Web Oficial","publisher":{"@id":"https:\/\/oroverde.gob.ar\/portal\/#organization"},"potentialAction":[{"@type":"SearchAction","target":{"@type":"EntryPoint","urlTemplate":"https:\/\/oroverde.gob.ar\/portal\/?s={search_term_string}"},"query-input":{"@type":"PropertyValueSpecification","valueRequired":true,"valueName":"search_term_string"}}],"inLanguage":"es"},{"@type":"Organization","@id":"https:\/\/oroverde.gob.ar\/portal\/#organization","name":"Municipio de Oro Verde","url":"https:\/\/oroverde.gob.ar\/portal\/","logo":{"@type":"ImageObject","inLanguage":"es","@id":"https:\/\/oroverde.gob.ar\/portal\/#\/schema\/logo\/image\/","url":"https:\/\/oroverde.gob.ar\/portal\/wp-content\/uploads\/2024\/06\/cropped-cropped-logo-1.png","contentUrl":"https:\/\/oroverde.gob.ar\/portal\/wp-content\/uploads\/2024\/06\/cropped-cropped-logo-1.png","width":1776,"height":738,"caption":"Municipio de Oro Verde"},"image":{"@id":"https:\/\/oroverde.gob.ar\/portal\/#\/schema\/logo\/image\/"}},{"@type":"Person","@id":"https:\/\/oroverde.gob.ar\/portal\/#\/schema\/person\/b975e0cbcd43b7dcf9c64511ec84f10f","name":"Soledad","image":{"@type":"ImageObject","inLanguage":"es","@id":"https:\/\/secure.gravatar.com\/avatar\/b2f5b6cda565395f31dc94c95932b9b3fbe6275bad58a1579843d3d1607d4a66?s=96&d=mm&r=g","url":"https:\/\/secure.gravatar.com\/avatar\/b2f5b6cda565395f31dc94c95932b9b3fbe6275bad58a1579843d3d1607d4a66?s=96&d=mm&r=g","contentUrl":"https:\/\/secure.gravatar.com\/avatar\/b2f5b6cda565395f31dc94c95932b9b3fbe6275bad58a1579843d3d1607d4a66?s=96&d=mm&r=g","caption":"Soledad"},"url":"https:\/\/oroverde.gob.ar\/portal\/author\/soledad\/"}]}},"_links":{"self":[{"href":"https:\/\/oroverde.gob.ar\/portal\/wp-json\/wp\/v2\/posts\/8309","targetHints":{"allow":["GET"]}}],"collection":[{"href":"https:\/\/oroverde.gob.ar\/portal\/wp-json\/wp\/v2\/posts"}],"about":[{"href":"https:\/\/oroverde.gob.ar\/portal\/wp-json\/wp\/v2\/types\/post"}],"author":[{"embeddable":true,"href":"https:\/\/oroverde.gob.ar\/portal\/wp-json\/wp\/v2\/users\/3"}],"replies":[{"embeddable":true,"href":"https:\/\/oroverde.gob.ar\/portal\/wp-json\/wp\/v2\/comments?post=8309"}],"version-history":[{"count":1,"href":"https:\/\/oroverde.gob.ar\/portal\/wp-json\/wp\/v2\/posts\/8309\/revisions"}],"predecessor-version":[{"id":8311,"href":"https:\/\/oroverde.gob.ar\/portal\/wp-json\/wp\/v2\/posts\/8309\/revisions\/8311"}],"wp:featuredmedia":[{"embeddable":true,"href":"https:\/\/oroverde.gob.ar\/portal\/wp-json\/wp\/v2\/media\/8310"}],"wp:attachment":[{"href":"https:\/\/oroverde.gob.ar\/portal\/wp-json\/wp\/v2\/media?parent=8309"}],"wp:term":[{"taxonomy":"category","embeddable":true,"href":"https:\/\/oroverde.gob.ar\/portal\/wp-json\/wp\/v2\/categories?post=8309"},{"taxonomy":"post_tag","embeddable":true,"href":"https:\/\/oroverde.gob.ar\/portal\/wp-json\/wp\/v2\/tags?post=8309"}],"curies":[{"name":"wp","href":"https:\/\/api.w.org\/{rel}","templated":true}]}}