{"id":8456,"date":"2026-04-28T12:58:39","date_gmt":"2026-04-28T15:58:39","guid":{"rendered":"https:\/\/oroverde.gob.ar\/portal\/?p=8456"},"modified":"2026-04-28T12:58:39","modified_gmt":"2026-04-28T15:58:39","slug":"el-predio-multieventos-se-llamara-jorge-mendez-en-homenaje-al-gran-cantautor-entrerriano","status":"publish","type":"post","link":"https:\/\/oroverde.gob.ar\/portal\/el-predio-multieventos-se-llamara-jorge-mendez-en-homenaje-al-gran-cantautor-entrerriano\/","title":{"rendered":"El predio Multieventos se llamar\u00e1 Jorge M\u00e9ndez en homenaje al gran cantautor entrerriano"},"content":{"rendered":"<div class=\"xdj266r x14z9mp xat24cr x1lziwak x1vvkbs x126k92a\">\n<div dir=\"auto\">El Concejo Deliberante sancion\u00f3 una Ordenanza estableciendo que el predio Multieventos se denomine \u201cJorge M\u00e9ndez\u201d en homenaje al querido m\u00fasico, vecino de Oro Verde. M\u00e9ndez hab\u00eda sido declarado Ciudadano Ilustre en 2023 y es el creador de la canci\u00f3n oficial de nuestra ciudad.<\/div>\n<div dir=\"auto\"><\/div>\n<\/div>\n<div class=\"x14z9mp xat24cr x1lziwak x1vvkbs xtlvy1s x126k92a\">\n<div dir=\"auto\">El acto de nominaci\u00f3n oficial se har\u00e1 durante la pr\u00f3xima edici\u00f3n de la Fiesta Regional del Locro, el pr\u00f3ximo 5 de julio.<\/div>\n<div dir=\"auto\"><\/div>\n<\/div>\n<div class=\"x14z9mp xat24cr x1lziwak x1vvkbs xtlvy1s x126k92a\">\n<div dir=\"auto\">En la normativa (Ordenanza N\u00b0004\/MOV) los concejales resaltan la relevancia de que el predio lleve su nombre, ya que el lugar se transform\u00f3 en el epicentro de la cultura oroverdense: \u201cse cree oportuno asignarle un nombre que identifique el lugar y adem\u00e1s as\u00ed rendir homenaje a una persona importante de nuestra localidad\u201d, detallan.<\/div>\n<div dir=\"auto\"><\/div>\n<\/div>\n<div class=\"x14z9mp xat24cr x1lziwak x1vvkbs xtlvy1s x126k92a\">\n<div dir=\"auto\">M\u00e1s adelante resaltan algo que M\u00e9ndez resaltaba en sus apariciones p\u00fablicas, \u201celigi\u00f3 nuestra localidad con un entorno m\u00e1s tranquilo y natural, algo que armonizaba profundamente con su sensibilidad art\u00edstica y su inspiraci\u00f3n ligada al paisaje del litoral. Aqu\u00ed escribi\u00f3 parte de su obra y desarrollo su vida familiar y cultural\u201d.<\/div>\n<\/div>\n","protected":false},"excerpt":{"rendered":"<p>El Concejo Deliberante sancion\u00f3 una Ordenanza estableciendo que el predio Multieventos se denomine \u201cJorge M\u00e9ndez\u201d en homenaje al querido m\u00fasico, vecino de Oro Verde. M\u00e9ndez hab\u00eda sido declarado Ciudadano Ilustre en 2023 y es el creador de la canci\u00f3n oficial de nuestra ciudad. &hellip;<\/p>\n","protected":false},"author":3,"featured_media":8457,"comment_status":"closed","ping_status":"closed","sticky":false,"template":"","format":"standard","meta":{"footnotes":""},"categories":[1],"tags":[],"class_list":["post-8456","post","type-post","status-publish","format-standard","has-post-thumbnail","hentry","category-municipio"],"yoast_head":"<!-- This site is optimized with the Yoast SEO plugin v27.5 - https:\/\/yoast.com\/product\/yoast-seo-wordpress\/ -->\n<title>El predio Multieventos se llamar\u00e1 Jorge M\u00e9ndez en homenaje al gran cantautor entrerriano - Municipio de Oro Verde<\/title>\n<meta name=\"robots\" content=\"index, follow, max-snippet:-1, max-image-preview:large, max-video-preview:-1\" \/>\n<link rel=\"canonical\" href=\"https:\/\/oroverde.gob.ar\/portal\/el-predio-multieventos-se-llamara-jorge-mendez-en-homenaje-al-gran-cantautor-entrerriano\/\" \/>\n<meta property=\"og:locale\" content=\"es_ES\" \/>\n<meta property=\"og:type\" content=\"article\" \/>\n<meta property=\"og:title\" content=\"El predio Multieventos se llamar\u00e1 Jorge M\u00e9ndez en homenaje al gran cantautor entrerriano - Municipio de Oro Verde\" \/>\n<meta property=\"og:description\" content=\"El Concejo Deliberante sancion\u00f3 una Ordenanza estableciendo que el predio Multieventos se denomine \u201cJorge M\u00e9ndez\u201d en homenaje al querido m\u00fasico, vecino de Oro Verde. M\u00e9ndez hab\u00eda sido declarado Ciudadano Ilustre en 2023 y es el creador de la canci\u00f3n oficial de nuestra ciudad. &hellip;\" \/>\n<meta property=\"og:url\" content=\"https:\/\/oroverde.gob.ar\/portal\/el-predio-multieventos-se-llamara-jorge-mendez-en-homenaje-al-gran-cantautor-entrerriano\/\" \/>\n<meta property=\"og:site_name\" content=\"Municipio de Oro Verde\" \/>\n<meta property=\"article:published_time\" content=\"2026-04-28T15:58:39+00:00\" \/>\n<meta property=\"og:image\" content=\"https:\/\/oroverde.gob.ar\/portal\/wp-content\/uploads\/2026\/04\/Jorge-Mendez.jpg\" \/>\n\t<meta property=\"og:image:width\" content=\"1600\" \/>\n\t<meta property=\"og:image:height\" content=\"900\" \/>\n\t<meta property=\"og:image:type\" content=\"image\/jpeg\" \/>\n<meta name=\"author\" content=\"Soledad\" \/>\n<meta name=\"twitter:card\" content=\"summary_large_image\" \/>\n<meta name=\"twitter:label1\" content=\"Escrito por\" \/>\n\t<meta name=\"twitter:data1\" content=\"Soledad\" \/>\n\t<meta name=\"twitter:label2\" content=\"Tiempo de lectura\" \/>\n\t<meta name=\"twitter:data2\" content=\"1 minuto\" \/>\n<script type=\"application\/ld+json\" class=\"yoast-schema-graph\">{\"@context\":\"https:\\\/\\\/schema.org\",\"@graph\":[{\"@type\":\"Article\",\"@id\":\"https:\\\/\\\/oroverde.gob.ar\\\/portal\\\/el-predio-multieventos-se-llamara-jorge-mendez-en-homenaje-al-gran-cantautor-entrerriano\\\/#article\",\"isPartOf\":{\"@id\":\"https:\\\/\\\/oroverde.gob.ar\\\/portal\\\/el-predio-multieventos-se-llamara-jorge-mendez-en-homenaje-al-gran-cantautor-entrerriano\\\/\"},\"author\":{\"name\":\"Soledad\",\"@id\":\"https:\\\/\\\/oroverde.gob.ar\\\/portal\\\/#\\\/schema\\\/person\\\/b975e0cbcd43b7dcf9c64511ec84f10f\"},\"headline\":\"El predio Multieventos se llamar\u00e1 Jorge M\u00e9ndez en homenaje al gran cantautor entrerriano\",\"datePublished\":\"2026-04-28T15:58:39+00:00\",\"mainEntityOfPage\":{\"@id\":\"https:\\\/\\\/oroverde.gob.ar\\\/portal\\\/el-predio-multieventos-se-llamara-jorge-mendez-en-homenaje-al-gran-cantautor-entrerriano\\\/\"},\"wordCount\":197,\"publisher\":{\"@id\":\"https:\\\/\\\/oroverde.gob.ar\\\/portal\\\/#organization\"},\"image\":{\"@id\":\"https:\\\/\\\/oroverde.gob.ar\\\/portal\\\/el-predio-multieventos-se-llamara-jorge-mendez-en-homenaje-al-gran-cantautor-entrerriano\\\/#primaryimage\"},\"thumbnailUrl\":\"https:\\\/\\\/oroverde.gob.ar\\\/portal\\\/wp-content\\\/uploads\\\/2026\\\/04\\\/Jorge-Mendez.jpg\",\"articleSection\":[\"Municipio\"],\"inLanguage\":\"es\"},{\"@type\":\"WebPage\",\"@id\":\"https:\\\/\\\/oroverde.gob.ar\\\/portal\\\/el-predio-multieventos-se-llamara-jorge-mendez-en-homenaje-al-gran-cantautor-entrerriano\\\/\",\"url\":\"https:\\\/\\\/oroverde.gob.ar\\\/portal\\\/el-predio-multieventos-se-llamara-jorge-mendez-en-homenaje-al-gran-cantautor-entrerriano\\\/\",\"name\":\"El predio Multieventos se llamar\u00e1 Jorge M\u00e9ndez en homenaje al gran cantautor entrerriano - Municipio de Oro Verde\",\"isPartOf\":{\"@id\":\"https:\\\/\\\/oroverde.gob.ar\\\/portal\\\/#website\"},\"primaryImageOfPage\":{\"@id\":\"https:\\\/\\\/oroverde.gob.ar\\\/portal\\\/el-predio-multieventos-se-llamara-jorge-mendez-en-homenaje-al-gran-cantautor-entrerriano\\\/#primaryimage\"},\"image\":{\"@id\":\"https:\\\/\\\/oroverde.gob.ar\\\/portal\\\/el-predio-multieventos-se-llamara-jorge-mendez-en-homenaje-al-gran-cantautor-entrerriano\\\/#primaryimage\"},\"thumbnailUrl\":\"https:\\\/\\\/oroverde.gob.ar\\\/portal\\\/wp-content\\\/uploads\\\/2026\\\/04\\\/Jorge-Mendez.jpg\",\"datePublished\":\"2026-04-28T15:58:39+00:00\",\"breadcrumb\":{\"@id\":\"https:\\\/\\\/oroverde.gob.ar\\\/portal\\\/el-predio-multieventos-se-llamara-jorge-mendez-en-homenaje-al-gran-cantautor-entrerriano\\\/#breadcrumb\"},\"inLanguage\":\"es\",\"potentialAction\":[{\"@type\":\"ReadAction\",\"target\":[\"https:\\\/\\\/oroverde.gob.ar\\\/portal\\\/el-predio-multieventos-se-llamara-jorge-mendez-en-homenaje-al-gran-cantautor-entrerriano\\\/\"]}]},{\"@type\":\"ImageObject\",\"inLanguage\":\"es\",\"@id\":\"https:\\\/\\\/oroverde.gob.ar\\\/portal\\\/el-predio-multieventos-se-llamara-jorge-mendez-en-homenaje-al-gran-cantautor-entrerriano\\\/#primaryimage\",\"url\":\"https:\\\/\\\/oroverde.gob.ar\\\/portal\\\/wp-content\\\/uploads\\\/2026\\\/04\\\/Jorge-Mendez.jpg\",\"contentUrl\":\"https:\\\/\\\/oroverde.gob.ar\\\/portal\\\/wp-content\\\/uploads\\\/2026\\\/04\\\/Jorge-Mendez.jpg\",\"width\":1600,\"height\":900},{\"@type\":\"BreadcrumbList\",\"@id\":\"https:\\\/\\\/oroverde.gob.ar\\\/portal\\\/el-predio-multieventos-se-llamara-jorge-mendez-en-homenaje-al-gran-cantautor-entrerriano\\\/#breadcrumb\",\"itemListElement\":[{\"@type\":\"ListItem\",\"position\":1,\"name\":\"Portada\",\"item\":\"https:\\\/\\\/oroverde.gob.ar\\\/portal\\\/\"},{\"@type\":\"ListItem\",\"position\":2,\"name\":\"El predio Multieventos se llamar\u00e1 Jorge M\u00e9ndez en homenaje al gran cantautor entrerriano\"}]},{\"@type\":\"WebSite\",\"@id\":\"https:\\\/\\\/oroverde.gob.ar\\\/portal\\\/#website\",\"url\":\"https:\\\/\\\/oroverde.gob.ar\\\/portal\\\/\",\"name\":\"Municipio de Oro Verde\",\"description\":\"Web Oficial\",\"publisher\":{\"@id\":\"https:\\\/\\\/oroverde.gob.ar\\\/portal\\\/#organization\"},\"potentialAction\":[{\"@type\":\"SearchAction\",\"target\":{\"@type\":\"EntryPoint\",\"urlTemplate\":\"https:\\\/\\\/oroverde.gob.ar\\\/portal\\\/?s={search_term_string}\"},\"query-input\":{\"@type\":\"PropertyValueSpecification\",\"valueRequired\":true,\"valueName\":\"search_term_string\"}}],\"inLanguage\":\"es\"},{\"@type\":\"Organization\",\"@id\":\"https:\\\/\\\/oroverde.gob.ar\\\/portal\\\/#organization\",\"name\":\"Municipio de Oro Verde\",\"url\":\"https:\\\/\\\/oroverde.gob.ar\\\/portal\\\/\",\"logo\":{\"@type\":\"ImageObject\",\"inLanguage\":\"es\",\"@id\":\"https:\\\/\\\/oroverde.gob.ar\\\/portal\\\/#\\\/schema\\\/logo\\\/image\\\/\",\"url\":\"https:\\\/\\\/oroverde.gob.ar\\\/portal\\\/wp-content\\\/uploads\\\/2024\\\/06\\\/cropped-cropped-logo-1.png\",\"contentUrl\":\"https:\\\/\\\/oroverde.gob.ar\\\/portal\\\/wp-content\\\/uploads\\\/2024\\\/06\\\/cropped-cropped-logo-1.png\",\"width\":1776,\"height\":738,\"caption\":\"Municipio de Oro Verde\"},\"image\":{\"@id\":\"https:\\\/\\\/oroverde.gob.ar\\\/portal\\\/#\\\/schema\\\/logo\\\/image\\\/\"}},{\"@type\":\"Person\",\"@id\":\"https:\\\/\\\/oroverde.gob.ar\\\/portal\\\/#\\\/schema\\\/person\\\/b975e0cbcd43b7dcf9c64511ec84f10f\",\"name\":\"Soledad\",\"image\":{\"@type\":\"ImageObject\",\"inLanguage\":\"es\",\"@id\":\"https:\\\/\\\/secure.gravatar.com\\\/avatar\\\/b2f5b6cda565395f31dc94c95932b9b3fbe6275bad58a1579843d3d1607d4a66?s=96&d=mm&r=g\",\"url\":\"https:\\\/\\\/secure.gravatar.com\\\/avatar\\\/b2f5b6cda565395f31dc94c95932b9b3fbe6275bad58a1579843d3d1607d4a66?s=96&d=mm&r=g\",\"contentUrl\":\"https:\\\/\\\/secure.gravatar.com\\\/avatar\\\/b2f5b6cda565395f31dc94c95932b9b3fbe6275bad58a1579843d3d1607d4a66?s=96&d=mm&r=g\",\"caption\":\"Soledad\"},\"url\":\"https:\\\/\\\/oroverde.gob.ar\\\/portal\\\/author\\\/soledad\\\/\"}]}<\/script>\n<!-- \/ Yoast SEO plugin. -->","yoast_head_json":{"title":"El predio Multieventos se llamar\u00e1 Jorge M\u00e9ndez en homenaje al gran cantautor entrerriano - Municipio de Oro Verde","robots":{"index":"index","follow":"follow","max-snippet":"max-snippet:-1","max-image-preview":"max-image-preview:large","max-video-preview":"max-video-preview:-1"},"canonical":"https:\/\/oroverde.gob.ar\/portal\/el-predio-multieventos-se-llamara-jorge-mendez-en-homenaje-al-gran-cantautor-entrerriano\/","og_locale":"es_ES","og_type":"article","og_title":"El predio Multieventos se llamar\u00e1 Jorge M\u00e9ndez en homenaje al gran cantautor entrerriano - Municipio de Oro Verde","og_description":"El Concejo Deliberante sancion\u00f3 una Ordenanza estableciendo que el predio Multieventos se denomine \u201cJorge M\u00e9ndez\u201d en homenaje al querido m\u00fasico, vecino de Oro Verde. M\u00e9ndez hab\u00eda sido declarado Ciudadano Ilustre en 2023 y es el creador de la canci\u00f3n oficial de nuestra ciudad. &hellip;","og_url":"https:\/\/oroverde.gob.ar\/portal\/el-predio-multieventos-se-llamara-jorge-mendez-en-homenaje-al-gran-cantautor-entrerriano\/","og_site_name":"Municipio de Oro Verde","article_published_time":"2026-04-28T15:58:39+00:00","og_image":[{"width":1600,"height":900,"url":"https:\/\/oroverde.gob.ar\/portal\/wp-content\/uploads\/2026\/04\/Jorge-Mendez.jpg","type":"image\/jpeg"}],"author":"Soledad","twitter_card":"summary_large_image","twitter_misc":{"Escrito por":"Soledad","Tiempo de lectura":"1 minuto"},"schema":{"@context":"https:\/\/schema.org","@graph":[{"@type":"Article","@id":"https:\/\/oroverde.gob.ar\/portal\/el-predio-multieventos-se-llamara-jorge-mendez-en-homenaje-al-gran-cantautor-entrerriano\/#article","isPartOf":{"@id":"https:\/\/oroverde.gob.ar\/portal\/el-predio-multieventos-se-llamara-jorge-mendez-en-homenaje-al-gran-cantautor-entrerriano\/"},"author":{"name":"Soledad","@id":"https:\/\/oroverde.gob.ar\/portal\/#\/schema\/person\/b975e0cbcd43b7dcf9c64511ec84f10f"},"headline":"El predio Multieventos se llamar\u00e1 Jorge M\u00e9ndez en homenaje al gran cantautor entrerriano","datePublished":"2026-04-28T15:58:39+00:00","mainEntityOfPage":{"@id":"https:\/\/oroverde.gob.ar\/portal\/el-predio-multieventos-se-llamara-jorge-mendez-en-homenaje-al-gran-cantautor-entrerriano\/"},"wordCount":197,"publisher":{"@id":"https:\/\/oroverde.gob.ar\/portal\/#organization"},"image":{"@id":"https:\/\/oroverde.gob.ar\/portal\/el-predio-multieventos-se-llamara-jorge-mendez-en-homenaje-al-gran-cantautor-entrerriano\/#primaryimage"},"thumbnailUrl":"https:\/\/oroverde.gob.ar\/portal\/wp-content\/uploads\/2026\/04\/Jorge-Mendez.jpg","articleSection":["Municipio"],"inLanguage":"es"},{"@type":"WebPage","@id":"https:\/\/oroverde.gob.ar\/portal\/el-predio-multieventos-se-llamara-jorge-mendez-en-homenaje-al-gran-cantautor-entrerriano\/","url":"https:\/\/oroverde.gob.ar\/portal\/el-predio-multieventos-se-llamara-jorge-mendez-en-homenaje-al-gran-cantautor-entrerriano\/","name":"El predio Multieventos se llamar\u00e1 Jorge M\u00e9ndez en homenaje al gran cantautor entrerriano - Municipio de Oro Verde","isPartOf":{"@id":"https:\/\/oroverde.gob.ar\/portal\/#website"},"primaryImageOfPage":{"@id":"https:\/\/oroverde.gob.ar\/portal\/el-predio-multieventos-se-llamara-jorge-mendez-en-homenaje-al-gran-cantautor-entrerriano\/#primaryimage"},"image":{"@id":"https:\/\/oroverde.gob.ar\/portal\/el-predio-multieventos-se-llamara-jorge-mendez-en-homenaje-al-gran-cantautor-entrerriano\/#primaryimage"},"thumbnailUrl":"https:\/\/oroverde.gob.ar\/portal\/wp-content\/uploads\/2026\/04\/Jorge-Mendez.jpg","datePublished":"2026-04-28T15:58:39+00:00","breadcrumb":{"@id":"https:\/\/oroverde.gob.ar\/portal\/el-predio-multieventos-se-llamara-jorge-mendez-en-homenaje-al-gran-cantautor-entrerriano\/#breadcrumb"},"inLanguage":"es","potentialAction":[{"@type":"ReadAction","target":["https:\/\/oroverde.gob.ar\/portal\/el-predio-multieventos-se-llamara-jorge-mendez-en-homenaje-al-gran-cantautor-entrerriano\/"]}]},{"@type":"ImageObject","inLanguage":"es","@id":"https:\/\/oroverde.gob.ar\/portal\/el-predio-multieventos-se-llamara-jorge-mendez-en-homenaje-al-gran-cantautor-entrerriano\/#primaryimage","url":"https:\/\/oroverde.gob.ar\/portal\/wp-content\/uploads\/2026\/04\/Jorge-Mendez.jpg","contentUrl":"https:\/\/oroverde.gob.ar\/portal\/wp-content\/uploads\/2026\/04\/Jorge-Mendez.jpg","width":1600,"height":900},{"@type":"BreadcrumbList","@id":"https:\/\/oroverde.gob.ar\/portal\/el-predio-multieventos-se-llamara-jorge-mendez-en-homenaje-al-gran-cantautor-entrerriano\/#breadcrumb","itemListElement":[{"@type":"ListItem","position":1,"name":"Portada","item":"https:\/\/oroverde.gob.ar\/portal\/"},{"@type":"ListItem","position":2,"name":"El predio Multieventos se llamar\u00e1 Jorge M\u00e9ndez en homenaje al gran cantautor entrerriano"}]},{"@type":"WebSite","@id":"https:\/\/oroverde.gob.ar\/portal\/#website","url":"https:\/\/oroverde.gob.ar\/portal\/","name":"Municipio de Oro Verde","description":"Web Oficial","publisher":{"@id":"https:\/\/oroverde.gob.ar\/portal\/#organization"},"potentialAction":[{"@type":"SearchAction","target":{"@type":"EntryPoint","urlTemplate":"https:\/\/oroverde.gob.ar\/portal\/?s={search_term_string}"},"query-input":{"@type":"PropertyValueSpecification","valueRequired":true,"valueName":"search_term_string"}}],"inLanguage":"es"},{"@type":"Organization","@id":"https:\/\/oroverde.gob.ar\/portal\/#organization","name":"Municipio de Oro Verde","url":"https:\/\/oroverde.gob.ar\/portal\/","logo":{"@type":"ImageObject","inLanguage":"es","@id":"https:\/\/oroverde.gob.ar\/portal\/#\/schema\/logo\/image\/","url":"https:\/\/oroverde.gob.ar\/portal\/wp-content\/uploads\/2024\/06\/cropped-cropped-logo-1.png","contentUrl":"https:\/\/oroverde.gob.ar\/portal\/wp-content\/uploads\/2024\/06\/cropped-cropped-logo-1.png","width":1776,"height":738,"caption":"Municipio de Oro Verde"},"image":{"@id":"https:\/\/oroverde.gob.ar\/portal\/#\/schema\/logo\/image\/"}},{"@type":"Person","@id":"https:\/\/oroverde.gob.ar\/portal\/#\/schema\/person\/b975e0cbcd43b7dcf9c64511ec84f10f","name":"Soledad","image":{"@type":"ImageObject","inLanguage":"es","@id":"https:\/\/secure.gravatar.com\/avatar\/b2f5b6cda565395f31dc94c95932b9b3fbe6275bad58a1579843d3d1607d4a66?s=96&d=mm&r=g","url":"https:\/\/secure.gravatar.com\/avatar\/b2f5b6cda565395f31dc94c95932b9b3fbe6275bad58a1579843d3d1607d4a66?s=96&d=mm&r=g","contentUrl":"https:\/\/secure.gravatar.com\/avatar\/b2f5b6cda565395f31dc94c95932b9b3fbe6275bad58a1579843d3d1607d4a66?s=96&d=mm&r=g","caption":"Soledad"},"url":"https:\/\/oroverde.gob.ar\/portal\/author\/soledad\/"}]}},"_links":{"self":[{"href":"https:\/\/oroverde.gob.ar\/portal\/wp-json\/wp\/v2\/posts\/8456","targetHints":{"allow":["GET"]}}],"collection":[{"href":"https:\/\/oroverde.gob.ar\/portal\/wp-json\/wp\/v2\/posts"}],"about":[{"href":"https:\/\/oroverde.gob.ar\/portal\/wp-json\/wp\/v2\/types\/post"}],"author":[{"embeddable":true,"href":"https:\/\/oroverde.gob.ar\/portal\/wp-json\/wp\/v2\/users\/3"}],"replies":[{"embeddable":true,"href":"https:\/\/oroverde.gob.ar\/portal\/wp-json\/wp\/v2\/comments?post=8456"}],"version-history":[{"count":1,"href":"https:\/\/oroverde.gob.ar\/portal\/wp-json\/wp\/v2\/posts\/8456\/revisions"}],"predecessor-version":[{"id":8458,"href":"https:\/\/oroverde.gob.ar\/portal\/wp-json\/wp\/v2\/posts\/8456\/revisions\/8458"}],"wp:featuredmedia":[{"embeddable":true,"href":"https:\/\/oroverde.gob.ar\/portal\/wp-json\/wp\/v2\/media\/8457"}],"wp:attachment":[{"href":"https:\/\/oroverde.gob.ar\/portal\/wp-json\/wp\/v2\/media?parent=8456"}],"wp:term":[{"taxonomy":"category","embeddable":true,"href":"https:\/\/oroverde.gob.ar\/portal\/wp-json\/wp\/v2\/categories?post=8456"},{"taxonomy":"post_tag","embeddable":true,"href":"https:\/\/oroverde.gob.ar\/portal\/wp-json\/wp\/v2\/tags?post=8456"}],"curies":[{"name":"wp","href":"https:\/\/api.w.org\/{rel}","templated":true}]}}