{"id":8469,"date":"2026-04-30T10:30:14","date_gmt":"2026-04-30T13:30:14","guid":{"rendered":"https:\/\/oroverde.gob.ar\/portal\/?p=8469"},"modified":"2026-04-30T10:35:22","modified_gmt":"2026-04-30T13:35:22","slug":"aclaracion-del-gobierno-municipal-acerca-del-proyecto-del-parque-ambiental","status":"publish","type":"post","link":"https:\/\/oroverde.gob.ar\/portal\/aclaracion-del-gobierno-municipal-acerca-del-proyecto-del-parque-ambiental\/","title":{"rendered":"Aclaraci\u00f3n del Gobierno municipal acerca del proyecto del Parque Ambiental"},"content":{"rendered":"<p>El Gobierno municipal de Oro Verde aclara la informaci\u00f3n que tom\u00f3 estado p\u00fablico acerca del Parque Ambiental presentado hace unos d\u00edas donde la localidad figura como el lugar m\u00e1s viable para su ubicaci\u00f3n.<br \/>\nSobre la conformaci\u00f3n del Consorcio el intendente C\u00e9sar Clement explic\u00f3 \u201cdesde el inicio de esta convocatoria de la Provincia decidimos ser parte del consorcio porque queremos tener voz y voto en decisiones que son muy importantes para nuestra localidad. El proyecto a\u00fan est\u00e1 en sus inicios, s\u00f3lo tenemos precisiones generales y el martes se present\u00f3 la posible ubicaci\u00f3n, a pocos kil\u00f3metros de Oro Verde, dentro de nuestro ejido\u201d.<br \/>\n\u201cPersonalmente quiero aclarar mis dichos p\u00fablicos: lo que mencion\u00e9 fue la posibilidad de analizar alternativas dentro de un esquema regional, de ninguna manera es una decisi\u00f3n tomada, ni un proyecto definido para Oro Verde\u201d.<br \/>\nAcerca del lugar que se present\u00f3 en la reuni\u00f3n realizada en el CPC Clement afirm\u00f3 \u201cno entregamos ning\u00fan terreno para el Parque Ambiental. De hecho, el inmueble se\u00f1alado est\u00e1 cedido en comodato al Frigor\u00edfico Alberdi (Res. O11\/MOV\/2025) para el traslado de sus lagunas de tratamiento en el marco de un trabajo de dos a\u00f1os entre el Municipio, la empresa y la secretar\u00eda de Ambiente de la Provincia para solucionar el problema ambiental m\u00e1s grave que tiene la ciudad\u201d.<br \/>\nTambi\u00e9n destac\u00f3 que desde el Municipio se trabaj\u00f3 en el Plan Base con instituciones y vecinos junto a la Secretar\u00eda de Planificaci\u00f3n e Inversi\u00f3n P\u00fablica de la provincia, la \u00abFundaci\u00f3n En Obras\u00bb y la C\u00e1tedra de la UNESCO Jdl \u00abCiudades intermedias\u00bb que marca lineamientos generales acerca de hacia d\u00f3nde debe crecer Oro Verde y el uso del suelo en distintas zonas. El resultado es un crecimiento urban\u00edstico para la zona oeste (donde se propuso el Parque) y se hab\u00eda avanzado en un proyecto que fue enviado al Concejo Deliberante y que a\u00fan no ha tenido tratamiento. Esperamos que pueda ser analizado a la brevedad para darnos una herramienta sobre la ubicaci\u00f3n en este momento.<br \/>\nSobre el proyecto del Parque Ambiental<br \/>\nEl intendente C\u00e9sar Clement destac\u00f3 \u201cdesde el municipio vamos a trabajar para tener lo antes posible la informaci\u00f3n y el proyecto para darlo a conocer a la sociedad y poder analizar en profundidad de qu\u00e9 se trata. No tenemos un detalle sobre el impacto ambiental ni las tecnolog\u00edas que se usar\u00edan en el tratamiento de los residuos. El estudio que nos presentaron s\u00f3lo fue acerca de la ubicaci\u00f3n\u201d, se\u00f1al\u00f3 Clement.<br \/>\n\u201cEn este momento hago un compromiso p\u00fablico de nuestro Gobierno: vamos a generar instancias para debatir este proyecto con la ciudadan\u00eda. Adem\u00e1s, queremos convocar ni bien lo tengamos a las Facultades e instituciones que producen conocimiento en nuestra localidad que son muchas, como lo hicimos en otras instancias. El problema de los residuos existe y hay que resolverlo, pero tiene que ser con planificaci\u00f3n, responsabilidad y transparencia. Quienes eligieron Oro Verde para vivir lo hicieron por muchos factores, pero sabemos que el ambiente es uno de los pilares que tenemos que preservar por nuestras familias\u201d.<br \/>\n\u201cNo voy a hacer nada a espaldas de los vecinos ni mucho menos acompa\u00f1ar una iniciativa que perjudique a nuestra localidad. Entiendo la preocupaci\u00f3n que se gener\u00f3, porque es la misma que tenemos como Gobierno\u201d, finaliz\u00f3.<\/p>\n","protected":false},"excerpt":{"rendered":"<p>El Gobierno municipal de Oro Verde aclara la informaci\u00f3n que tom\u00f3 estado p\u00fablico acerca del Parque Ambiental presentado hace unos d\u00edas donde la localidad figura como el lugar m\u00e1s viable para su ubicaci\u00f3n. Sobre la conformaci\u00f3n del Consorcio el intendente C\u00e9sar Clement explic\u00f3 &hellip;<\/p>\n","protected":false},"author":3,"featured_media":8470,"comment_status":"closed","ping_status":"closed","sticky":false,"template":"","format":"standard","meta":{"footnotes":""},"categories":[1],"tags":[],"class_list":["post-8469","post","type-post","status-publish","format-standard","has-post-thumbnail","hentry","category-municipio"],"yoast_head":"<!-- This site is optimized with the Yoast SEO plugin v27.5 - https:\/\/yoast.com\/product\/yoast-seo-wordpress\/ -->\n<title>Aclaraci\u00f3n del Gobierno municipal acerca del proyecto del Parque Ambiental - Municipio de Oro Verde<\/title>\n<meta name=\"robots\" content=\"index, follow, max-snippet:-1, max-image-preview:large, max-video-preview:-1\" \/>\n<link rel=\"canonical\" href=\"https:\/\/oroverde.gob.ar\/portal\/aclaracion-del-gobierno-municipal-acerca-del-proyecto-del-parque-ambiental\/\" \/>\n<meta property=\"og:locale\" content=\"es_ES\" \/>\n<meta property=\"og:type\" content=\"article\" \/>\n<meta property=\"og:title\" content=\"Aclaraci\u00f3n del Gobierno municipal acerca del proyecto del Parque Ambiental - Municipio de Oro Verde\" \/>\n<meta property=\"og:description\" content=\"El Gobierno municipal de Oro Verde aclara la informaci\u00f3n que tom\u00f3 estado p\u00fablico acerca del Parque Ambiental presentado hace unos d\u00edas donde la localidad figura como el lugar m\u00e1s viable para su ubicaci\u00f3n. Sobre la conformaci\u00f3n del Consorcio el intendente C\u00e9sar Clement explic\u00f3 &hellip;\" \/>\n<meta property=\"og:url\" content=\"https:\/\/oroverde.gob.ar\/portal\/aclaracion-del-gobierno-municipal-acerca-del-proyecto-del-parque-ambiental\/\" \/>\n<meta property=\"og:site_name\" content=\"Municipio de Oro Verde\" \/>\n<meta property=\"article:published_time\" content=\"2026-04-30T13:30:14+00:00\" \/>\n<meta property=\"article:modified_time\" content=\"2026-04-30T13:35:22+00:00\" \/>\n<meta property=\"og:image\" content=\"https:\/\/oroverde.gob.ar\/portal\/wp-content\/uploads\/2026\/04\/Cesar-Clement-scaled.jpg\" \/>\n\t<meta property=\"og:image:width\" content=\"2560\" \/>\n\t<meta property=\"og:image:height\" content=\"1707\" \/>\n\t<meta property=\"og:image:type\" content=\"image\/jpeg\" \/>\n<meta name=\"author\" content=\"Soledad\" \/>\n<meta name=\"twitter:card\" content=\"summary_large_image\" \/>\n<meta name=\"twitter:label1\" content=\"Escrito por\" \/>\n\t<meta name=\"twitter:data1\" content=\"Soledad\" \/>\n\t<meta name=\"twitter:label2\" content=\"Tiempo de lectura\" \/>\n\t<meta name=\"twitter:data2\" content=\"3 minutos\" \/>\n<script type=\"application\/ld+json\" class=\"yoast-schema-graph\">{\"@context\":\"https:\\\/\\\/schema.org\",\"@graph\":[{\"@type\":\"Article\",\"@id\":\"https:\\\/\\\/oroverde.gob.ar\\\/portal\\\/aclaracion-del-gobierno-municipal-acerca-del-proyecto-del-parque-ambiental\\\/#article\",\"isPartOf\":{\"@id\":\"https:\\\/\\\/oroverde.gob.ar\\\/portal\\\/aclaracion-del-gobierno-municipal-acerca-del-proyecto-del-parque-ambiental\\\/\"},\"author\":{\"name\":\"Soledad\",\"@id\":\"https:\\\/\\\/oroverde.gob.ar\\\/portal\\\/#\\\/schema\\\/person\\\/b975e0cbcd43b7dcf9c64511ec84f10f\"},\"headline\":\"Aclaraci\u00f3n del Gobierno municipal acerca del proyecto del Parque Ambiental\",\"datePublished\":\"2026-04-30T13:30:14+00:00\",\"dateModified\":\"2026-04-30T13:35:22+00:00\",\"mainEntityOfPage\":{\"@id\":\"https:\\\/\\\/oroverde.gob.ar\\\/portal\\\/aclaracion-del-gobierno-municipal-acerca-del-proyecto-del-parque-ambiental\\\/\"},\"wordCount\":591,\"publisher\":{\"@id\":\"https:\\\/\\\/oroverde.gob.ar\\\/portal\\\/#organization\"},\"image\":{\"@id\":\"https:\\\/\\\/oroverde.gob.ar\\\/portal\\\/aclaracion-del-gobierno-municipal-acerca-del-proyecto-del-parque-ambiental\\\/#primaryimage\"},\"thumbnailUrl\":\"https:\\\/\\\/oroverde.gob.ar\\\/portal\\\/wp-content\\\/uploads\\\/2026\\\/04\\\/Cesar-Clement-scaled.jpg\",\"articleSection\":[\"Municipio\"],\"inLanguage\":\"es\"},{\"@type\":\"WebPage\",\"@id\":\"https:\\\/\\\/oroverde.gob.ar\\\/portal\\\/aclaracion-del-gobierno-municipal-acerca-del-proyecto-del-parque-ambiental\\\/\",\"url\":\"https:\\\/\\\/oroverde.gob.ar\\\/portal\\\/aclaracion-del-gobierno-municipal-acerca-del-proyecto-del-parque-ambiental\\\/\",\"name\":\"Aclaraci\u00f3n del Gobierno municipal acerca del proyecto del Parque Ambiental - Municipio de Oro Verde\",\"isPartOf\":{\"@id\":\"https:\\\/\\\/oroverde.gob.ar\\\/portal\\\/#website\"},\"primaryImageOfPage\":{\"@id\":\"https:\\\/\\\/oroverde.gob.ar\\\/portal\\\/aclaracion-del-gobierno-municipal-acerca-del-proyecto-del-parque-ambiental\\\/#primaryimage\"},\"image\":{\"@id\":\"https:\\\/\\\/oroverde.gob.ar\\\/portal\\\/aclaracion-del-gobierno-municipal-acerca-del-proyecto-del-parque-ambiental\\\/#primaryimage\"},\"thumbnailUrl\":\"https:\\\/\\\/oroverde.gob.ar\\\/portal\\\/wp-content\\\/uploads\\\/2026\\\/04\\\/Cesar-Clement-scaled.jpg\",\"datePublished\":\"2026-04-30T13:30:14+00:00\",\"dateModified\":\"2026-04-30T13:35:22+00:00\",\"breadcrumb\":{\"@id\":\"https:\\\/\\\/oroverde.gob.ar\\\/portal\\\/aclaracion-del-gobierno-municipal-acerca-del-proyecto-del-parque-ambiental\\\/#breadcrumb\"},\"inLanguage\":\"es\",\"potentialAction\":[{\"@type\":\"ReadAction\",\"target\":[\"https:\\\/\\\/oroverde.gob.ar\\\/portal\\\/aclaracion-del-gobierno-municipal-acerca-del-proyecto-del-parque-ambiental\\\/\"]}]},{\"@type\":\"ImageObject\",\"inLanguage\":\"es\",\"@id\":\"https:\\\/\\\/oroverde.gob.ar\\\/portal\\\/aclaracion-del-gobierno-municipal-acerca-del-proyecto-del-parque-ambiental\\\/#primaryimage\",\"url\":\"https:\\\/\\\/oroverde.gob.ar\\\/portal\\\/wp-content\\\/uploads\\\/2026\\\/04\\\/Cesar-Clement-scaled.jpg\",\"contentUrl\":\"https:\\\/\\\/oroverde.gob.ar\\\/portal\\\/wp-content\\\/uploads\\\/2026\\\/04\\\/Cesar-Clement-scaled.jpg\",\"width\":2560,\"height\":1707},{\"@type\":\"BreadcrumbList\",\"@id\":\"https:\\\/\\\/oroverde.gob.ar\\\/portal\\\/aclaracion-del-gobierno-municipal-acerca-del-proyecto-del-parque-ambiental\\\/#breadcrumb\",\"itemListElement\":[{\"@type\":\"ListItem\",\"position\":1,\"name\":\"Portada\",\"item\":\"https:\\\/\\\/oroverde.gob.ar\\\/portal\\\/\"},{\"@type\":\"ListItem\",\"position\":2,\"name\":\"Aclaraci\u00f3n del Gobierno municipal acerca del proyecto del Parque Ambiental\"}]},{\"@type\":\"WebSite\",\"@id\":\"https:\\\/\\\/oroverde.gob.ar\\\/portal\\\/#website\",\"url\":\"https:\\\/\\\/oroverde.gob.ar\\\/portal\\\/\",\"name\":\"Municipio de Oro Verde\",\"description\":\"Web Oficial\",\"publisher\":{\"@id\":\"https:\\\/\\\/oroverde.gob.ar\\\/portal\\\/#organization\"},\"potentialAction\":[{\"@type\":\"SearchAction\",\"target\":{\"@type\":\"EntryPoint\",\"urlTemplate\":\"https:\\\/\\\/oroverde.gob.ar\\\/portal\\\/?s={search_term_string}\"},\"query-input\":{\"@type\":\"PropertyValueSpecification\",\"valueRequired\":true,\"valueName\":\"search_term_string\"}}],\"inLanguage\":\"es\"},{\"@type\":\"Organization\",\"@id\":\"https:\\\/\\\/oroverde.gob.ar\\\/portal\\\/#organization\",\"name\":\"Municipio de Oro Verde\",\"url\":\"https:\\\/\\\/oroverde.gob.ar\\\/portal\\\/\",\"logo\":{\"@type\":\"ImageObject\",\"inLanguage\":\"es\",\"@id\":\"https:\\\/\\\/oroverde.gob.ar\\\/portal\\\/#\\\/schema\\\/logo\\\/image\\\/\",\"url\":\"https:\\\/\\\/oroverde.gob.ar\\\/portal\\\/wp-content\\\/uploads\\\/2024\\\/06\\\/cropped-cropped-logo-1.png\",\"contentUrl\":\"https:\\\/\\\/oroverde.gob.ar\\\/portal\\\/wp-content\\\/uploads\\\/2024\\\/06\\\/cropped-cropped-logo-1.png\",\"width\":1776,\"height\":738,\"caption\":\"Municipio de Oro Verde\"},\"image\":{\"@id\":\"https:\\\/\\\/oroverde.gob.ar\\\/portal\\\/#\\\/schema\\\/logo\\\/image\\\/\"}},{\"@type\":\"Person\",\"@id\":\"https:\\\/\\\/oroverde.gob.ar\\\/portal\\\/#\\\/schema\\\/person\\\/b975e0cbcd43b7dcf9c64511ec84f10f\",\"name\":\"Soledad\",\"image\":{\"@type\":\"ImageObject\",\"inLanguage\":\"es\",\"@id\":\"https:\\\/\\\/secure.gravatar.com\\\/avatar\\\/b2f5b6cda565395f31dc94c95932b9b3fbe6275bad58a1579843d3d1607d4a66?s=96&d=mm&r=g\",\"url\":\"https:\\\/\\\/secure.gravatar.com\\\/avatar\\\/b2f5b6cda565395f31dc94c95932b9b3fbe6275bad58a1579843d3d1607d4a66?s=96&d=mm&r=g\",\"contentUrl\":\"https:\\\/\\\/secure.gravatar.com\\\/avatar\\\/b2f5b6cda565395f31dc94c95932b9b3fbe6275bad58a1579843d3d1607d4a66?s=96&d=mm&r=g\",\"caption\":\"Soledad\"},\"url\":\"https:\\\/\\\/oroverde.gob.ar\\\/portal\\\/author\\\/soledad\\\/\"}]}<\/script>\n<!-- \/ Yoast SEO plugin. -->","yoast_head_json":{"title":"Aclaraci\u00f3n del Gobierno municipal acerca del proyecto del Parque Ambiental - Municipio de Oro Verde","robots":{"index":"index","follow":"follow","max-snippet":"max-snippet:-1","max-image-preview":"max-image-preview:large","max-video-preview":"max-video-preview:-1"},"canonical":"https:\/\/oroverde.gob.ar\/portal\/aclaracion-del-gobierno-municipal-acerca-del-proyecto-del-parque-ambiental\/","og_locale":"es_ES","og_type":"article","og_title":"Aclaraci\u00f3n del Gobierno municipal acerca del proyecto del Parque Ambiental - Municipio de Oro Verde","og_description":"El Gobierno municipal de Oro Verde aclara la informaci\u00f3n que tom\u00f3 estado p\u00fablico acerca del Parque Ambiental presentado hace unos d\u00edas donde la localidad figura como el lugar m\u00e1s viable para su ubicaci\u00f3n. Sobre la conformaci\u00f3n del Consorcio el intendente C\u00e9sar Clement explic\u00f3 &hellip;","og_url":"https:\/\/oroverde.gob.ar\/portal\/aclaracion-del-gobierno-municipal-acerca-del-proyecto-del-parque-ambiental\/","og_site_name":"Municipio de Oro Verde","article_published_time":"2026-04-30T13:30:14+00:00","article_modified_time":"2026-04-30T13:35:22+00:00","og_image":[{"width":2560,"height":1707,"url":"https:\/\/oroverde.gob.ar\/portal\/wp-content\/uploads\/2026\/04\/Cesar-Clement-scaled.jpg","type":"image\/jpeg"}],"author":"Soledad","twitter_card":"summary_large_image","twitter_misc":{"Escrito por":"Soledad","Tiempo de lectura":"3 minutos"},"schema":{"@context":"https:\/\/schema.org","@graph":[{"@type":"Article","@id":"https:\/\/oroverde.gob.ar\/portal\/aclaracion-del-gobierno-municipal-acerca-del-proyecto-del-parque-ambiental\/#article","isPartOf":{"@id":"https:\/\/oroverde.gob.ar\/portal\/aclaracion-del-gobierno-municipal-acerca-del-proyecto-del-parque-ambiental\/"},"author":{"name":"Soledad","@id":"https:\/\/oroverde.gob.ar\/portal\/#\/schema\/person\/b975e0cbcd43b7dcf9c64511ec84f10f"},"headline":"Aclaraci\u00f3n del Gobierno municipal acerca del proyecto del Parque Ambiental","datePublished":"2026-04-30T13:30:14+00:00","dateModified":"2026-04-30T13:35:22+00:00","mainEntityOfPage":{"@id":"https:\/\/oroverde.gob.ar\/portal\/aclaracion-del-gobierno-municipal-acerca-del-proyecto-del-parque-ambiental\/"},"wordCount":591,"publisher":{"@id":"https:\/\/oroverde.gob.ar\/portal\/#organization"},"image":{"@id":"https:\/\/oroverde.gob.ar\/portal\/aclaracion-del-gobierno-municipal-acerca-del-proyecto-del-parque-ambiental\/#primaryimage"},"thumbnailUrl":"https:\/\/oroverde.gob.ar\/portal\/wp-content\/uploads\/2026\/04\/Cesar-Clement-scaled.jpg","articleSection":["Municipio"],"inLanguage":"es"},{"@type":"WebPage","@id":"https:\/\/oroverde.gob.ar\/portal\/aclaracion-del-gobierno-municipal-acerca-del-proyecto-del-parque-ambiental\/","url":"https:\/\/oroverde.gob.ar\/portal\/aclaracion-del-gobierno-municipal-acerca-del-proyecto-del-parque-ambiental\/","name":"Aclaraci\u00f3n del Gobierno municipal acerca del proyecto del Parque Ambiental - Municipio de Oro Verde","isPartOf":{"@id":"https:\/\/oroverde.gob.ar\/portal\/#website"},"primaryImageOfPage":{"@id":"https:\/\/oroverde.gob.ar\/portal\/aclaracion-del-gobierno-municipal-acerca-del-proyecto-del-parque-ambiental\/#primaryimage"},"image":{"@id":"https:\/\/oroverde.gob.ar\/portal\/aclaracion-del-gobierno-municipal-acerca-del-proyecto-del-parque-ambiental\/#primaryimage"},"thumbnailUrl":"https:\/\/oroverde.gob.ar\/portal\/wp-content\/uploads\/2026\/04\/Cesar-Clement-scaled.jpg","datePublished":"2026-04-30T13:30:14+00:00","dateModified":"2026-04-30T13:35:22+00:00","breadcrumb":{"@id":"https:\/\/oroverde.gob.ar\/portal\/aclaracion-del-gobierno-municipal-acerca-del-proyecto-del-parque-ambiental\/#breadcrumb"},"inLanguage":"es","potentialAction":[{"@type":"ReadAction","target":["https:\/\/oroverde.gob.ar\/portal\/aclaracion-del-gobierno-municipal-acerca-del-proyecto-del-parque-ambiental\/"]}]},{"@type":"ImageObject","inLanguage":"es","@id":"https:\/\/oroverde.gob.ar\/portal\/aclaracion-del-gobierno-municipal-acerca-del-proyecto-del-parque-ambiental\/#primaryimage","url":"https:\/\/oroverde.gob.ar\/portal\/wp-content\/uploads\/2026\/04\/Cesar-Clement-scaled.jpg","contentUrl":"https:\/\/oroverde.gob.ar\/portal\/wp-content\/uploads\/2026\/04\/Cesar-Clement-scaled.jpg","width":2560,"height":1707},{"@type":"BreadcrumbList","@id":"https:\/\/oroverde.gob.ar\/portal\/aclaracion-del-gobierno-municipal-acerca-del-proyecto-del-parque-ambiental\/#breadcrumb","itemListElement":[{"@type":"ListItem","position":1,"name":"Portada","item":"https:\/\/oroverde.gob.ar\/portal\/"},{"@type":"ListItem","position":2,"name":"Aclaraci\u00f3n del Gobierno municipal acerca del proyecto del Parque Ambiental"}]},{"@type":"WebSite","@id":"https:\/\/oroverde.gob.ar\/portal\/#website","url":"https:\/\/oroverde.gob.ar\/portal\/","name":"Municipio de Oro Verde","description":"Web Oficial","publisher":{"@id":"https:\/\/oroverde.gob.ar\/portal\/#organization"},"potentialAction":[{"@type":"SearchAction","target":{"@type":"EntryPoint","urlTemplate":"https:\/\/oroverde.gob.ar\/portal\/?s={search_term_string}"},"query-input":{"@type":"PropertyValueSpecification","valueRequired":true,"valueName":"search_term_string"}}],"inLanguage":"es"},{"@type":"Organization","@id":"https:\/\/oroverde.gob.ar\/portal\/#organization","name":"Municipio de Oro Verde","url":"https:\/\/oroverde.gob.ar\/portal\/","logo":{"@type":"ImageObject","inLanguage":"es","@id":"https:\/\/oroverde.gob.ar\/portal\/#\/schema\/logo\/image\/","url":"https:\/\/oroverde.gob.ar\/portal\/wp-content\/uploads\/2024\/06\/cropped-cropped-logo-1.png","contentUrl":"https:\/\/oroverde.gob.ar\/portal\/wp-content\/uploads\/2024\/06\/cropped-cropped-logo-1.png","width":1776,"height":738,"caption":"Municipio de Oro Verde"},"image":{"@id":"https:\/\/oroverde.gob.ar\/portal\/#\/schema\/logo\/image\/"}},{"@type":"Person","@id":"https:\/\/oroverde.gob.ar\/portal\/#\/schema\/person\/b975e0cbcd43b7dcf9c64511ec84f10f","name":"Soledad","image":{"@type":"ImageObject","inLanguage":"es","@id":"https:\/\/secure.gravatar.com\/avatar\/b2f5b6cda565395f31dc94c95932b9b3fbe6275bad58a1579843d3d1607d4a66?s=96&d=mm&r=g","url":"https:\/\/secure.gravatar.com\/avatar\/b2f5b6cda565395f31dc94c95932b9b3fbe6275bad58a1579843d3d1607d4a66?s=96&d=mm&r=g","contentUrl":"https:\/\/secure.gravatar.com\/avatar\/b2f5b6cda565395f31dc94c95932b9b3fbe6275bad58a1579843d3d1607d4a66?s=96&d=mm&r=g","caption":"Soledad"},"url":"https:\/\/oroverde.gob.ar\/portal\/author\/soledad\/"}]}},"_links":{"self":[{"href":"https:\/\/oroverde.gob.ar\/portal\/wp-json\/wp\/v2\/posts\/8469","targetHints":{"allow":["GET"]}}],"collection":[{"href":"https:\/\/oroverde.gob.ar\/portal\/wp-json\/wp\/v2\/posts"}],"about":[{"href":"https:\/\/oroverde.gob.ar\/portal\/wp-json\/wp\/v2\/types\/post"}],"author":[{"embeddable":true,"href":"https:\/\/oroverde.gob.ar\/portal\/wp-json\/wp\/v2\/users\/3"}],"replies":[{"embeddable":true,"href":"https:\/\/oroverde.gob.ar\/portal\/wp-json\/wp\/v2\/comments?post=8469"}],"version-history":[{"count":3,"href":"https:\/\/oroverde.gob.ar\/portal\/wp-json\/wp\/v2\/posts\/8469\/revisions"}],"predecessor-version":[{"id":8473,"href":"https:\/\/oroverde.gob.ar\/portal\/wp-json\/wp\/v2\/posts\/8469\/revisions\/8473"}],"wp:featuredmedia":[{"embeddable":true,"href":"https:\/\/oroverde.gob.ar\/portal\/wp-json\/wp\/v2\/media\/8470"}],"wp:attachment":[{"href":"https:\/\/oroverde.gob.ar\/portal\/wp-json\/wp\/v2\/media?parent=8469"}],"wp:term":[{"taxonomy":"category","embeddable":true,"href":"https:\/\/oroverde.gob.ar\/portal\/wp-json\/wp\/v2\/categories?post=8469"},{"taxonomy":"post_tag","embeddable":true,"href":"https:\/\/oroverde.gob.ar\/portal\/wp-json\/wp\/v2\/tags?post=8469"}],"curies":[{"name":"wp","href":"https:\/\/api.w.org\/{rel}","templated":true}]}}