{"id":9492,"date":"2026-09-03T12:46:32","date_gmt":"2026-09-03T15:46:32","guid":{"rendered":"https:\/\/oroverde.gob.ar\/portal\/?p=9492"},"modified":"2026-09-03T12:46:32","modified_gmt":"2026-09-03T15:46:32","slug":"ferny-kosiak-ofrecio-un-taller-de-escritura-abierto-y-presento-su-libro-juanele-mitico-en-oro-verde","status":"publish","type":"post","link":"https:\/\/oroverde.gob.ar\/portal\/ferny-kosiak-ofrecio-un-taller-de-escritura-abierto-y-presento-su-libro-juanele-mitico-en-oro-verde\/","title":{"rendered":"Ferny Kosiak ofreci\u00f3 un taller de escritura abierto y present\u00f3 su libro Juanele M\u00edtico en Oro Verde"},"content":{"rendered":"<div class=\"xdj266r x14z9mp xat24cr x1lziwak x1vvkbs x126k92a\">\n<div dir=\"auto\"><span class=\"html-span xexx8yu xyri2b x18d9i69 x1c1uobl x1hl2dhg x16tdsg8 x1vvkbs x3nfvp2 x1j61x8r x1fcty0u xdj266r xat24cr xm2jcoa x1mpyi22 xxymvpz xlup9mm x1kky2od\">En <\/span>el marco de los homenajes por el natalicio de Juan Laurentino Ortiz, este mi\u00e9rcoles el escritor y profesor Fernando Kosiak llev\u00f3 adelante el taller de escritura gratuito \u201c130 a\u00f1os de Juanele\u201d. Fue en el Museo Conrado Hasenauer de nuestra ciudad, donde trabaj\u00f3 a trav\u00e9s de la lectura y el an\u00e1lisis el universo de Juan L. Ortiz.<\/div>\n<\/div>\n<div class=\"x14z9mp xat24cr x1lziwak x1vvkbs xtlvy1s x126k92a\">\n<div dir=\"auto\">Luego, present\u00f3 su libro \u201cJuanele m\u00edtico\u201d, un ensayo donde recorre la vida y obra de este gran poeta entrerriano, de quien el pasado 11 de junio se conmemoraron los 130 a\u00f1os de su nacimiento. Este trabajo tambi\u00e9n explora un conjunto de 59 textos literarios que homenajean a Juanele.<\/div>\n<\/div>\n<div class=\"x14z9mp xat24cr x1lziwak x1vvkbs xtlvy1s x126k92a\">\n<div dir=\"auto\">El libro fue construido a lo largo de una d\u00e9cada en un trabajo minucioso en diferentes bibliotecas populares de nuestra provincia en las que Kosiak busc\u00f3 aquellos textos que se inspiraron en todo lo que Juanele supo representar a trav\u00e9s de su obra y de su persona. Al finalizar la presentaci\u00f3n firm\u00f3 aut\u00f3grafos con dedicatorias para sus lectores.<\/p>\n<div class=\"x1i10hfl xjbqb8w x1ejq31n x18oe1m7 x1sy0etr xstzfhl x972fbf x10w94by x1qhh985 x14e42zd x9f619 x1ypdohk xt0psk2 x3ct3a4 xdj266r x14z9mp xat24cr x1lziwak xexx8yu xyri2b x18d9i69 x1c1uobl x16tdsg8 x1hl2dhg xggy1nq x1a2a7pz xkrqix3 x1sur9pj xzsf02u x1s688f\" tabindex=\"0\" role=\"button\"><\/div>\n<\/div>\n<\/div>\n","protected":false},"excerpt":{"rendered":"<p>En el marco de los homenajes por el natalicio de Juan Laurentino Ortiz, este mi\u00e9rcoles el escritor y profesor Fernando Kosiak llev\u00f3 adelante el taller de escritura gratuito \u201c130 a\u00f1os de Juanele\u201d. Fue en el Museo Conrado Hasenauer de nuestra ciudad, donde trabaj\u00f3 &hellip;<\/p>\n","protected":false},"author":3,"featured_media":9493,"comment_status":"closed","ping_status":"closed","sticky":false,"template":"","format":"standard","meta":{"footnotes":"","_members_access_role":[],"_members_access_error":""},"categories":[39],"tags":[],"class_list":["post-9492","post","type-post","status-publish","format-standard","has-post-thumbnail","hentry","category-cultura"],"yoast_head":"<!-- This site is optimized with the Yoast SEO plugin v28.4 - https:\/\/yoast.com\/product\/yoast-seo-wordpress\/ -->\n<title>Ferny Kosiak ofreci\u00f3 un taller de escritura abierto y present\u00f3 su libro Juanele M\u00edtico en Oro Verde - Municipio de Oro Verde<\/title>\n<meta name=\"robots\" content=\"index, follow, max-snippet:-1, max-image-preview:large, max-video-preview:-1\" \/>\n<link rel=\"canonical\" href=\"https:\/\/oroverde.gob.ar\/portal\/ferny-kosiak-ofrecio-un-taller-de-escritura-abierto-y-presento-su-libro-juanele-mitico-en-oro-verde\/\" \/>\n<meta property=\"og:locale\" content=\"es_ES\" \/>\n<meta property=\"og:type\" content=\"article\" \/>\n<meta property=\"og:title\" content=\"Ferny Kosiak ofreci\u00f3 un taller de escritura abierto y present\u00f3 su libro Juanele M\u00edtico en Oro Verde - Municipio de Oro Verde\" \/>\n<meta property=\"og:description\" content=\"En el marco de los homenajes por el natalicio de Juan Laurentino Ortiz, este mi\u00e9rcoles el escritor y profesor Fernando Kosiak llev\u00f3 adelante el taller de escritura gratuito \u201c130 a\u00f1os de Juanele\u201d. Fue en el Museo Conrado Hasenauer de nuestra ciudad, donde trabaj\u00f3 &hellip;\" \/>\n<meta property=\"og:url\" content=\"https:\/\/oroverde.gob.ar\/portal\/ferny-kosiak-ofrecio-un-taller-de-escritura-abierto-y-presento-su-libro-juanele-mitico-en-oro-verde\/\" \/>\n<meta property=\"og:site_name\" content=\"Municipio de Oro Verde\" \/>\n<meta property=\"article:published_time\" content=\"2026-09-03T15:46:32+00:00\" \/>\n<meta property=\"og:image\" content=\"https:\/\/oroverde.gob.ar\/portal\/wp-content\/uploads\/2026\/09\/DSC06364-scaled.jpg\" \/>\n\t<meta property=\"og:image:width\" content=\"2560\" \/>\n\t<meta property=\"og:image:height\" content=\"1707\" \/>\n\t<meta property=\"og:image:type\" content=\"image\/jpeg\" \/>\n<meta name=\"author\" content=\"Soledad\" \/>\n<meta name=\"twitter:card\" content=\"summary_large_image\" \/>\n<meta name=\"twitter:label1\" content=\"Escrito por\" \/>\n\t<meta name=\"twitter:data1\" content=\"Soledad\" \/>\n\t<meta name=\"twitter:label2\" content=\"Tiempo de lectura\" \/>\n\t<meta name=\"twitter:data2\" content=\"1 minuto\" \/>\n<script type=\"application\/ld+json\" class=\"yoast-schema-graph\">{\"@context\":\"https:\\\/\\\/schema.org\",\"@graph\":[{\"@type\":\"Article\",\"@id\":\"https:\\\/\\\/oroverde.gob.ar\\\/portal\\\/ferny-kosiak-ofrecio-un-taller-de-escritura-abierto-y-presento-su-libro-juanele-mitico-en-oro-verde\\\/#article\",\"isPartOf\":{\"@id\":\"https:\\\/\\\/oroverde.gob.ar\\\/portal\\\/ferny-kosiak-ofrecio-un-taller-de-escritura-abierto-y-presento-su-libro-juanele-mitico-en-oro-verde\\\/\"},\"author\":{\"name\":\"Soledad\",\"@id\":\"https:\\\/\\\/oroverde.gob.ar\\\/portal\\\/#\\\/schema\\\/person\\\/b975e0cbcd43b7dcf9c64511ec84f10f\"},\"headline\":\"Ferny Kosiak ofreci\u00f3 un taller de escritura abierto y present\u00f3 su libro Juanele M\u00edtico en Oro Verde\",\"datePublished\":\"2026-09-03T15:46:32+00:00\",\"mainEntityOfPage\":{\"@id\":\"https:\\\/\\\/oroverde.gob.ar\\\/portal\\\/ferny-kosiak-ofrecio-un-taller-de-escritura-abierto-y-presento-su-libro-juanele-mitico-en-oro-verde\\\/\"},\"wordCount\":188,\"publisher\":{\"@id\":\"https:\\\/\\\/oroverde.gob.ar\\\/portal\\\/#organization\"},\"image\":{\"@id\":\"https:\\\/\\\/oroverde.gob.ar\\\/portal\\\/ferny-kosiak-ofrecio-un-taller-de-escritura-abierto-y-presento-su-libro-juanele-mitico-en-oro-verde\\\/#primaryimage\"},\"thumbnailUrl\":\"https:\\\/\\\/oroverde.gob.ar\\\/portal\\\/wp-content\\\/uploads\\\/2026\\\/09\\\/DSC06364-scaled.jpg\",\"articleSection\":[\"Cultura\"],\"inLanguage\":\"es\"},{\"@type\":\"WebPage\",\"@id\":\"https:\\\/\\\/oroverde.gob.ar\\\/portal\\\/ferny-kosiak-ofrecio-un-taller-de-escritura-abierto-y-presento-su-libro-juanele-mitico-en-oro-verde\\\/\",\"url\":\"https:\\\/\\\/oroverde.gob.ar\\\/portal\\\/ferny-kosiak-ofrecio-un-taller-de-escritura-abierto-y-presento-su-libro-juanele-mitico-en-oro-verde\\\/\",\"name\":\"Ferny Kosiak ofreci\u00f3 un taller de escritura abierto y present\u00f3 su libro Juanele M\u00edtico en Oro Verde - Municipio de Oro Verde\",\"isPartOf\":{\"@id\":\"https:\\\/\\\/oroverde.gob.ar\\\/portal\\\/#website\"},\"primaryImageOfPage\":{\"@id\":\"https:\\\/\\\/oroverde.gob.ar\\\/portal\\\/ferny-kosiak-ofrecio-un-taller-de-escritura-abierto-y-presento-su-libro-juanele-mitico-en-oro-verde\\\/#primaryimage\"},\"image\":{\"@id\":\"https:\\\/\\\/oroverde.gob.ar\\\/portal\\\/ferny-kosiak-ofrecio-un-taller-de-escritura-abierto-y-presento-su-libro-juanele-mitico-en-oro-verde\\\/#primaryimage\"},\"thumbnailUrl\":\"https:\\\/\\\/oroverde.gob.ar\\\/portal\\\/wp-content\\\/uploads\\\/2026\\\/09\\\/DSC06364-scaled.jpg\",\"datePublished\":\"2026-09-03T15:46:32+00:00\",\"breadcrumb\":{\"@id\":\"https:\\\/\\\/oroverde.gob.ar\\\/portal\\\/ferny-kosiak-ofrecio-un-taller-de-escritura-abierto-y-presento-su-libro-juanele-mitico-en-oro-verde\\\/#breadcrumb\"},\"inLanguage\":\"es\",\"potentialAction\":[{\"@type\":\"ReadAction\",\"target\":[\"https:\\\/\\\/oroverde.gob.ar\\\/portal\\\/ferny-kosiak-ofrecio-un-taller-de-escritura-abierto-y-presento-su-libro-juanele-mitico-en-oro-verde\\\/\"]}]},{\"@type\":\"ImageObject\",\"inLanguage\":\"es\",\"@id\":\"https:\\\/\\\/oroverde.gob.ar\\\/portal\\\/ferny-kosiak-ofrecio-un-taller-de-escritura-abierto-y-presento-su-libro-juanele-mitico-en-oro-verde\\\/#primaryimage\",\"url\":\"https:\\\/\\\/oroverde.gob.ar\\\/portal\\\/wp-content\\\/uploads\\\/2026\\\/09\\\/DSC06364-scaled.jpg\",\"contentUrl\":\"https:\\\/\\\/oroverde.gob.ar\\\/portal\\\/wp-content\\\/uploads\\\/2026\\\/09\\\/DSC06364-scaled.jpg\",\"width\":2560,\"height\":1707},{\"@type\":\"BreadcrumbList\",\"@id\":\"https:\\\/\\\/oroverde.gob.ar\\\/portal\\\/ferny-kosiak-ofrecio-un-taller-de-escritura-abierto-y-presento-su-libro-juanele-mitico-en-oro-verde\\\/#breadcrumb\",\"itemListElement\":[{\"@type\":\"ListItem\",\"position\":1,\"name\":\"Portada\",\"item\":\"https:\\\/\\\/oroverde.gob.ar\\\/portal\\\/\"},{\"@type\":\"ListItem\",\"position\":2,\"name\":\"Ferny Kosiak ofreci\u00f3 un taller de escritura abierto y present\u00f3 su libro Juanele M\u00edtico en Oro Verde\"}]},{\"@type\":\"WebSite\",\"@id\":\"https:\\\/\\\/oroverde.gob.ar\\\/portal\\\/#website\",\"url\":\"https:\\\/\\\/oroverde.gob.ar\\\/portal\\\/\",\"name\":\"Municipio de Oro Verde\",\"description\":\"Web Oficial\",\"publisher\":{\"@id\":\"https:\\\/\\\/oroverde.gob.ar\\\/portal\\\/#organization\"},\"potentialAction\":[{\"@type\":\"SearchAction\",\"target\":{\"@type\":\"EntryPoint\",\"urlTemplate\":\"https:\\\/\\\/oroverde.gob.ar\\\/portal\\\/?s={search_term_string}\"},\"query-input\":{\"@type\":\"PropertyValueSpecification\",\"valueRequired\":true,\"valueName\":\"search_term_string\"}}],\"inLanguage\":\"es\"},{\"@type\":\"Organization\",\"@id\":\"https:\\\/\\\/oroverde.gob.ar\\\/portal\\\/#organization\",\"name\":\"Municipio de Oro Verde\",\"url\":\"https:\\\/\\\/oroverde.gob.ar\\\/portal\\\/\",\"logo\":{\"@type\":\"ImageObject\",\"inLanguage\":\"es\",\"@id\":\"https:\\\/\\\/oroverde.gob.ar\\\/portal\\\/#\\\/schema\\\/logo\\\/image\\\/\",\"url\":\"https:\\\/\\\/oroverde.gob.ar\\\/portal\\\/wp-content\\\/uploads\\\/2024\\\/06\\\/cropped-cropped-logo-1.png\",\"contentUrl\":\"https:\\\/\\\/oroverde.gob.ar\\\/portal\\\/wp-content\\\/uploads\\\/2024\\\/06\\\/cropped-cropped-logo-1.png\",\"width\":1776,\"height\":738,\"caption\":\"Municipio de Oro Verde\"},\"image\":{\"@id\":\"https:\\\/\\\/oroverde.gob.ar\\\/portal\\\/#\\\/schema\\\/logo\\\/image\\\/\"}},{\"@type\":\"Person\",\"@id\":\"https:\\\/\\\/oroverde.gob.ar\\\/portal\\\/#\\\/schema\\\/person\\\/b975e0cbcd43b7dcf9c64511ec84f10f\",\"name\":\"Soledad\",\"image\":{\"@type\":\"ImageObject\",\"inLanguage\":\"es\",\"@id\":\"https:\\\/\\\/secure.gravatar.com\\\/avatar\\\/b2f5b6cda565395f31dc94c95932b9b3fbe6275bad58a1579843d3d1607d4a66?s=96&d=mm&r=g\",\"url\":\"https:\\\/\\\/secure.gravatar.com\\\/avatar\\\/b2f5b6cda565395f31dc94c95932b9b3fbe6275bad58a1579843d3d1607d4a66?s=96&d=mm&r=g\",\"contentUrl\":\"https:\\\/\\\/secure.gravatar.com\\\/avatar\\\/b2f5b6cda565395f31dc94c95932b9b3fbe6275bad58a1579843d3d1607d4a66?s=96&d=mm&r=g\",\"caption\":\"Soledad\"},\"url\":\"https:\\\/\\\/oroverde.gob.ar\\\/portal\\\/author\\\/soledad\\\/\"}]}<\/script>\n<!-- \/ Yoast SEO plugin. -->","yoast_head_json":{"title":"Ferny Kosiak ofreci\u00f3 un taller de escritura abierto y present\u00f3 su libro Juanele M\u00edtico en Oro Verde - Municipio de Oro Verde","robots":{"index":"index","follow":"follow","max-snippet":"max-snippet:-1","max-image-preview":"max-image-preview:large","max-video-preview":"max-video-preview:-1"},"canonical":"https:\/\/oroverde.gob.ar\/portal\/ferny-kosiak-ofrecio-un-taller-de-escritura-abierto-y-presento-su-libro-juanele-mitico-en-oro-verde\/","og_locale":"es_ES","og_type":"article","og_title":"Ferny Kosiak ofreci\u00f3 un taller de escritura abierto y present\u00f3 su libro Juanele M\u00edtico en Oro Verde - Municipio de Oro Verde","og_description":"En el marco de los homenajes por el natalicio de Juan Laurentino Ortiz, este mi\u00e9rcoles el escritor y profesor Fernando Kosiak llev\u00f3 adelante el taller de escritura gratuito \u201c130 a\u00f1os de Juanele\u201d. Fue en el Museo Conrado Hasenauer de nuestra ciudad, donde trabaj\u00f3 &hellip;","og_url":"https:\/\/oroverde.gob.ar\/portal\/ferny-kosiak-ofrecio-un-taller-de-escritura-abierto-y-presento-su-libro-juanele-mitico-en-oro-verde\/","og_site_name":"Municipio de Oro Verde","article_published_time":"2026-09-03T15:46:32+00:00","og_image":[{"width":2560,"height":1707,"url":"https:\/\/oroverde.gob.ar\/portal\/wp-content\/uploads\/2026\/09\/DSC06364-scaled.jpg","type":"image\/jpeg"}],"author":"Soledad","twitter_card":"summary_large_image","twitter_misc":{"Escrito por":"Soledad","Tiempo de lectura":"1 minuto"},"schema":{"@context":"https:\/\/schema.org","@graph":[{"@type":"Article","@id":"https:\/\/oroverde.gob.ar\/portal\/ferny-kosiak-ofrecio-un-taller-de-escritura-abierto-y-presento-su-libro-juanele-mitico-en-oro-verde\/#article","isPartOf":{"@id":"https:\/\/oroverde.gob.ar\/portal\/ferny-kosiak-ofrecio-un-taller-de-escritura-abierto-y-presento-su-libro-juanele-mitico-en-oro-verde\/"},"author":{"name":"Soledad","@id":"https:\/\/oroverde.gob.ar\/portal\/#\/schema\/person\/b975e0cbcd43b7dcf9c64511ec84f10f"},"headline":"Ferny Kosiak ofreci\u00f3 un taller de escritura abierto y present\u00f3 su libro Juanele M\u00edtico en Oro Verde","datePublished":"2026-09-03T15:46:32+00:00","mainEntityOfPage":{"@id":"https:\/\/oroverde.gob.ar\/portal\/ferny-kosiak-ofrecio-un-taller-de-escritura-abierto-y-presento-su-libro-juanele-mitico-en-oro-verde\/"},"wordCount":188,"publisher":{"@id":"https:\/\/oroverde.gob.ar\/portal\/#organization"},"image":{"@id":"https:\/\/oroverde.gob.ar\/portal\/ferny-kosiak-ofrecio-un-taller-de-escritura-abierto-y-presento-su-libro-juanele-mitico-en-oro-verde\/#primaryimage"},"thumbnailUrl":"https:\/\/oroverde.gob.ar\/portal\/wp-content\/uploads\/2026\/09\/DSC06364-scaled.jpg","articleSection":["Cultura"],"inLanguage":"es"},{"@type":"WebPage","@id":"https:\/\/oroverde.gob.ar\/portal\/ferny-kosiak-ofrecio-un-taller-de-escritura-abierto-y-presento-su-libro-juanele-mitico-en-oro-verde\/","url":"https:\/\/oroverde.gob.ar\/portal\/ferny-kosiak-ofrecio-un-taller-de-escritura-abierto-y-presento-su-libro-juanele-mitico-en-oro-verde\/","name":"Ferny Kosiak ofreci\u00f3 un taller de escritura abierto y present\u00f3 su libro Juanele M\u00edtico en Oro Verde - Municipio de Oro Verde","isPartOf":{"@id":"https:\/\/oroverde.gob.ar\/portal\/#website"},"primaryImageOfPage":{"@id":"https:\/\/oroverde.gob.ar\/portal\/ferny-kosiak-ofrecio-un-taller-de-escritura-abierto-y-presento-su-libro-juanele-mitico-en-oro-verde\/#primaryimage"},"image":{"@id":"https:\/\/oroverde.gob.ar\/portal\/ferny-kosiak-ofrecio-un-taller-de-escritura-abierto-y-presento-su-libro-juanele-mitico-en-oro-verde\/#primaryimage"},"thumbnailUrl":"https:\/\/oroverde.gob.ar\/portal\/wp-content\/uploads\/2026\/09\/DSC06364-scaled.jpg","datePublished":"2026-09-03T15:46:32+00:00","breadcrumb":{"@id":"https:\/\/oroverde.gob.ar\/portal\/ferny-kosiak-ofrecio-un-taller-de-escritura-abierto-y-presento-su-libro-juanele-mitico-en-oro-verde\/#breadcrumb"},"inLanguage":"es","potentialAction":[{"@type":"ReadAction","target":["https:\/\/oroverde.gob.ar\/portal\/ferny-kosiak-ofrecio-un-taller-de-escritura-abierto-y-presento-su-libro-juanele-mitico-en-oro-verde\/"]}]},{"@type":"ImageObject","inLanguage":"es","@id":"https:\/\/oroverde.gob.ar\/portal\/ferny-kosiak-ofrecio-un-taller-de-escritura-abierto-y-presento-su-libro-juanele-mitico-en-oro-verde\/#primaryimage","url":"https:\/\/oroverde.gob.ar\/portal\/wp-content\/uploads\/2026\/09\/DSC06364-scaled.jpg","contentUrl":"https:\/\/oroverde.gob.ar\/portal\/wp-content\/uploads\/2026\/09\/DSC06364-scaled.jpg","width":2560,"height":1707},{"@type":"BreadcrumbList","@id":"https:\/\/oroverde.gob.ar\/portal\/ferny-kosiak-ofrecio-un-taller-de-escritura-abierto-y-presento-su-libro-juanele-mitico-en-oro-verde\/#breadcrumb","itemListElement":[{"@type":"ListItem","position":1,"name":"Portada","item":"https:\/\/oroverde.gob.ar\/portal\/"},{"@type":"ListItem","position":2,"name":"Ferny Kosiak ofreci\u00f3 un taller de escritura abierto y present\u00f3 su libro Juanele M\u00edtico en Oro Verde"}]},{"@type":"WebSite","@id":"https:\/\/oroverde.gob.ar\/portal\/#website","url":"https:\/\/oroverde.gob.ar\/portal\/","name":"Municipio de Oro Verde","description":"Web Oficial","publisher":{"@id":"https:\/\/oroverde.gob.ar\/portal\/#organization"},"potentialAction":[{"@type":"SearchAction","target":{"@type":"EntryPoint","urlTemplate":"https:\/\/oroverde.gob.ar\/portal\/?s={search_term_string}"},"query-input":{"@type":"PropertyValueSpecification","valueRequired":true,"valueName":"search_term_string"}}],"inLanguage":"es"},{"@type":"Organization","@id":"https:\/\/oroverde.gob.ar\/portal\/#organization","name":"Municipio de Oro Verde","url":"https:\/\/oroverde.gob.ar\/portal\/","logo":{"@type":"ImageObject","inLanguage":"es","@id":"https:\/\/oroverde.gob.ar\/portal\/#\/schema\/logo\/image\/","url":"https:\/\/oroverde.gob.ar\/portal\/wp-content\/uploads\/2024\/06\/cropped-cropped-logo-1.png","contentUrl":"https:\/\/oroverde.gob.ar\/portal\/wp-content\/uploads\/2024\/06\/cropped-cropped-logo-1.png","width":1776,"height":738,"caption":"Municipio de Oro Verde"},"image":{"@id":"https:\/\/oroverde.gob.ar\/portal\/#\/schema\/logo\/image\/"}},{"@type":"Person","@id":"https:\/\/oroverde.gob.ar\/portal\/#\/schema\/person\/b975e0cbcd43b7dcf9c64511ec84f10f","name":"Soledad","image":{"@type":"ImageObject","inLanguage":"es","@id":"https:\/\/secure.gravatar.com\/avatar\/b2f5b6cda565395f31dc94c95932b9b3fbe6275bad58a1579843d3d1607d4a66?s=96&d=mm&r=g","url":"https:\/\/secure.gravatar.com\/avatar\/b2f5b6cda565395f31dc94c95932b9b3fbe6275bad58a1579843d3d1607d4a66?s=96&d=mm&r=g","contentUrl":"https:\/\/secure.gravatar.com\/avatar\/b2f5b6cda565395f31dc94c95932b9b3fbe6275bad58a1579843d3d1607d4a66?s=96&d=mm&r=g","caption":"Soledad"},"url":"https:\/\/oroverde.gob.ar\/portal\/author\/soledad\/"}]}},"_links":{"self":[{"href":"https:\/\/oroverde.gob.ar\/portal\/wp-json\/wp\/v2\/posts\/9492","targetHints":{"allow":["GET"]}}],"collection":[{"href":"https:\/\/oroverde.gob.ar\/portal\/wp-json\/wp\/v2\/posts"}],"about":[{"href":"https:\/\/oroverde.gob.ar\/portal\/wp-json\/wp\/v2\/types\/post"}],"author":[{"embeddable":true,"href":"https:\/\/oroverde.gob.ar\/portal\/wp-json\/wp\/v2\/users\/3"}],"replies":[{"embeddable":true,"href":"https:\/\/oroverde.gob.ar\/portal\/wp-json\/wp\/v2\/comments?post=9492"}],"version-history":[{"count":1,"href":"https:\/\/oroverde.gob.ar\/portal\/wp-json\/wp\/v2\/posts\/9492\/revisions"}],"predecessor-version":[{"id":9494,"href":"https:\/\/oroverde.gob.ar\/portal\/wp-json\/wp\/v2\/posts\/9492\/revisions\/9494"}],"wp:featuredmedia":[{"embeddable":true,"href":"https:\/\/oroverde.gob.ar\/portal\/wp-json\/wp\/v2\/media\/9493"}],"wp:attachment":[{"href":"https:\/\/oroverde.gob.ar\/portal\/wp-json\/wp\/v2\/media?parent=9492"}],"wp:term":[{"taxonomy":"category","embeddable":true,"href":"https:\/\/oroverde.gob.ar\/portal\/wp-json\/wp\/v2\/categories?post=9492"},{"taxonomy":"post_tag","embeddable":true,"href":"https:\/\/oroverde.gob.ar\/portal\/wp-json\/wp\/v2\/tags?post=9492"}],"curies":[{"name":"wp","href":"https:\/\/api.w.org\/{rel}","templated":true}]}}