{"id":9507,"date":"2026-09-04T13:08:47","date_gmt":"2026-09-04T16:08:47","guid":{"rendered":"https:\/\/oroverde.gob.ar\/portal\/?p=9507"},"modified":"2026-09-04T13:08:47","modified_gmt":"2026-09-04T16:08:47","slug":"entrega-de-semillas-primavera-verano-y-taller-practico-de-siembra-y-trasplante","status":"publish","type":"post","link":"https:\/\/oroverde.gob.ar\/portal\/entrega-de-semillas-primavera-verano-y-taller-practico-de-siembra-y-trasplante\/","title":{"rendered":"Entrega de semillas primavera- verano y taller pr\u00e1ctico de siembra y trasplante"},"content":{"rendered":"<div class=\"xdj266r x14z9mp xat24cr x1lziwak x1vvkbs x126k92a\">\n<div dir=\"auto\">El municipio realizar\u00e1 una nueva entrega de semillas de esta temporada el s\u00e1bado 12 de septiembre de 16 a 18 hs. Ser\u00e1 en el Centro Integrador Comunitario (Av. Los Cha\u00f1ares 397 ). Traer DNI o servicio que acredite domicilio en la localidad.<\/div>\n<\/div>\n<div class=\"x14z9mp xat24cr x1lziwak x1vvkbs xtlvy1s x126k92a\">\n<div dir=\"auto\">En esta jornada el responsable del Programa de Huertas Agroecol\u00f3gicas Urbanas y Periurbanas de Oro Verde Guzm\u00e1n Banquero junto al junto al Ing. Agr. Juli\u00e1n Parodi integrante de Tierra Viva Agroecolog\u00eda brindar\u00e1n el taller a las 17 hs \u201cManos a la Huerta\u201d, con pr\u00e1cticas sobre de siembra y trasplante para que vecinos de nuestra localidad puedan iniciar o trabajar en sus huertas domiciliarias.<\/p>\n<div class=\"x1i10hfl xjbqb8w x1ejq31n x18oe1m7 x1sy0etr xstzfhl x972fbf x10w94by x1qhh985 x14e42zd x9f619 x1ypdohk xt0psk2 x3ct3a4 xdj266r x14z9mp xat24cr x1lziwak xexx8yu xyri2b x18d9i69 x1c1uobl x16tdsg8 x1hl2dhg xggy1nq x1a2a7pz xkrqix3 x1sur9pj xzsf02u x1s688f\" tabindex=\"0\" role=\"button\"><\/div>\n<\/div>\n<\/div>\n","protected":false},"excerpt":{"rendered":"<p>El municipio realizar\u00e1 una nueva entrega de semillas de esta temporada el s\u00e1bado 12 de septiembre de 16 a 18 hs. Ser\u00e1 en el Centro Integrador Comunitario (Av. Los Cha\u00f1ares 397 ). Traer DNI o servicio que acredite domicilio en la localidad. En &hellip;<\/p>\n","protected":false},"author":3,"featured_media":5761,"comment_status":"closed","ping_status":"closed","sticky":false,"template":"","format":"standard","meta":{"footnotes":"","_members_access_role":[],"_members_access_error":""},"categories":[1],"tags":[],"class_list":["post-9507","post","type-post","status-publish","format-standard","has-post-thumbnail","hentry","category-municipio"],"yoast_head":"<!-- This site is optimized with the Yoast SEO plugin v28.4 - https:\/\/yoast.com\/product\/yoast-seo-wordpress\/ -->\n<title>Entrega de semillas primavera- verano y taller pr\u00e1ctico de siembra y trasplante - Municipio de Oro Verde<\/title>\n<meta name=\"robots\" content=\"index, follow, max-snippet:-1, max-image-preview:large, max-video-preview:-1\" \/>\n<link rel=\"canonical\" href=\"https:\/\/oroverde.gob.ar\/portal\/entrega-de-semillas-primavera-verano-y-taller-practico-de-siembra-y-trasplante\/\" \/>\n<meta property=\"og:locale\" content=\"es_ES\" \/>\n<meta property=\"og:type\" content=\"article\" \/>\n<meta property=\"og:title\" content=\"Entrega de semillas primavera- verano y taller pr\u00e1ctico de siembra y trasplante - Municipio de Oro Verde\" \/>\n<meta property=\"og:description\" content=\"El municipio realizar\u00e1 una nueva entrega de semillas de esta temporada el s\u00e1bado 12 de septiembre de 16 a 18 hs. Ser\u00e1 en el Centro Integrador Comunitario (Av. Los Cha\u00f1ares 397 ). Traer DNI o servicio que acredite domicilio en la localidad. En &hellip;\" \/>\n<meta property=\"og:url\" content=\"https:\/\/oroverde.gob.ar\/portal\/entrega-de-semillas-primavera-verano-y-taller-practico-de-siembra-y-trasplante\/\" \/>\n<meta property=\"og:site_name\" content=\"Municipio de Oro Verde\" \/>\n<meta property=\"article:published_time\" content=\"2026-09-04T16:08:47+00:00\" \/>\n<meta property=\"og:image\" content=\"https:\/\/oroverde.gob.ar\/portal\/wp-content\/uploads\/2025\/04\/semillas-para-web.jpeg\" \/>\n\t<meta property=\"og:image:width\" content=\"1600\" \/>\n\t<meta property=\"og:image:height\" content=\"1067\" \/>\n\t<meta property=\"og:image:type\" content=\"image\/jpeg\" \/>\n<meta name=\"author\" content=\"Soledad\" \/>\n<meta name=\"twitter:card\" content=\"summary_large_image\" \/>\n<meta name=\"twitter:label1\" content=\"Escrito por\" \/>\n\t<meta name=\"twitter:data1\" content=\"Soledad\" \/>\n\t<meta name=\"twitter:label2\" content=\"Tiempo de lectura\" \/>\n\t<meta name=\"twitter:data2\" content=\"1 minuto\" \/>\n<script type=\"application\/ld+json\" class=\"yoast-schema-graph\">{\"@context\":\"https:\\\/\\\/schema.org\",\"@graph\":[{\"@type\":\"Article\",\"@id\":\"https:\\\/\\\/oroverde.gob.ar\\\/portal\\\/entrega-de-semillas-primavera-verano-y-taller-practico-de-siembra-y-trasplante\\\/#article\",\"isPartOf\":{\"@id\":\"https:\\\/\\\/oroverde.gob.ar\\\/portal\\\/entrega-de-semillas-primavera-verano-y-taller-practico-de-siembra-y-trasplante\\\/\"},\"author\":{\"name\":\"Soledad\",\"@id\":\"https:\\\/\\\/oroverde.gob.ar\\\/portal\\\/#\\\/schema\\\/person\\\/b975e0cbcd43b7dcf9c64511ec84f10f\"},\"headline\":\"Entrega de semillas primavera- verano y taller pr\u00e1ctico de siembra y trasplante\",\"datePublished\":\"2026-09-04T16:08:47+00:00\",\"mainEntityOfPage\":{\"@id\":\"https:\\\/\\\/oroverde.gob.ar\\\/portal\\\/entrega-de-semillas-primavera-verano-y-taller-practico-de-siembra-y-trasplante\\\/\"},\"wordCount\":120,\"publisher\":{\"@id\":\"https:\\\/\\\/oroverde.gob.ar\\\/portal\\\/#organization\"},\"image\":{\"@id\":\"https:\\\/\\\/oroverde.gob.ar\\\/portal\\\/entrega-de-semillas-primavera-verano-y-taller-practico-de-siembra-y-trasplante\\\/#primaryimage\"},\"thumbnailUrl\":\"https:\\\/\\\/oroverde.gob.ar\\\/portal\\\/wp-content\\\/uploads\\\/2025\\\/04\\\/semillas-para-web.jpeg\",\"articleSection\":[\"Municipio\"],\"inLanguage\":\"es\"},{\"@type\":\"WebPage\",\"@id\":\"https:\\\/\\\/oroverde.gob.ar\\\/portal\\\/entrega-de-semillas-primavera-verano-y-taller-practico-de-siembra-y-trasplante\\\/\",\"url\":\"https:\\\/\\\/oroverde.gob.ar\\\/portal\\\/entrega-de-semillas-primavera-verano-y-taller-practico-de-siembra-y-trasplante\\\/\",\"name\":\"Entrega de semillas primavera- verano y taller pr\u00e1ctico de siembra y trasplante - Municipio de Oro Verde\",\"isPartOf\":{\"@id\":\"https:\\\/\\\/oroverde.gob.ar\\\/portal\\\/#website\"},\"primaryImageOfPage\":{\"@id\":\"https:\\\/\\\/oroverde.gob.ar\\\/portal\\\/entrega-de-semillas-primavera-verano-y-taller-practico-de-siembra-y-trasplante\\\/#primaryimage\"},\"image\":{\"@id\":\"https:\\\/\\\/oroverde.gob.ar\\\/portal\\\/entrega-de-semillas-primavera-verano-y-taller-practico-de-siembra-y-trasplante\\\/#primaryimage\"},\"thumbnailUrl\":\"https:\\\/\\\/oroverde.gob.ar\\\/portal\\\/wp-content\\\/uploads\\\/2025\\\/04\\\/semillas-para-web.jpeg\",\"datePublished\":\"2026-09-04T16:08:47+00:00\",\"breadcrumb\":{\"@id\":\"https:\\\/\\\/oroverde.gob.ar\\\/portal\\\/entrega-de-semillas-primavera-verano-y-taller-practico-de-siembra-y-trasplante\\\/#breadcrumb\"},\"inLanguage\":\"es\",\"potentialAction\":[{\"@type\":\"ReadAction\",\"target\":[\"https:\\\/\\\/oroverde.gob.ar\\\/portal\\\/entrega-de-semillas-primavera-verano-y-taller-practico-de-siembra-y-trasplante\\\/\"]}]},{\"@type\":\"ImageObject\",\"inLanguage\":\"es\",\"@id\":\"https:\\\/\\\/oroverde.gob.ar\\\/portal\\\/entrega-de-semillas-primavera-verano-y-taller-practico-de-siembra-y-trasplante\\\/#primaryimage\",\"url\":\"https:\\\/\\\/oroverde.gob.ar\\\/portal\\\/wp-content\\\/uploads\\\/2025\\\/04\\\/semillas-para-web.jpeg\",\"contentUrl\":\"https:\\\/\\\/oroverde.gob.ar\\\/portal\\\/wp-content\\\/uploads\\\/2025\\\/04\\\/semillas-para-web.jpeg\",\"width\":1600,\"height\":1067},{\"@type\":\"BreadcrumbList\",\"@id\":\"https:\\\/\\\/oroverde.gob.ar\\\/portal\\\/entrega-de-semillas-primavera-verano-y-taller-practico-de-siembra-y-trasplante\\\/#breadcrumb\",\"itemListElement\":[{\"@type\":\"ListItem\",\"position\":1,\"name\":\"Portada\",\"item\":\"https:\\\/\\\/oroverde.gob.ar\\\/portal\\\/\"},{\"@type\":\"ListItem\",\"position\":2,\"name\":\"Entrega de semillas primavera- verano y taller pr\u00e1ctico de siembra y trasplante\"}]},{\"@type\":\"WebSite\",\"@id\":\"https:\\\/\\\/oroverde.gob.ar\\\/portal\\\/#website\",\"url\":\"https:\\\/\\\/oroverde.gob.ar\\\/portal\\\/\",\"name\":\"Municipio de Oro Verde\",\"description\":\"Web Oficial\",\"publisher\":{\"@id\":\"https:\\\/\\\/oroverde.gob.ar\\\/portal\\\/#organization\"},\"potentialAction\":[{\"@type\":\"SearchAction\",\"target\":{\"@type\":\"EntryPoint\",\"urlTemplate\":\"https:\\\/\\\/oroverde.gob.ar\\\/portal\\\/?s={search_term_string}\"},\"query-input\":{\"@type\":\"PropertyValueSpecification\",\"valueRequired\":true,\"valueName\":\"search_term_string\"}}],\"inLanguage\":\"es\"},{\"@type\":\"Organization\",\"@id\":\"https:\\\/\\\/oroverde.gob.ar\\\/portal\\\/#organization\",\"name\":\"Municipio de Oro Verde\",\"url\":\"https:\\\/\\\/oroverde.gob.ar\\\/portal\\\/\",\"logo\":{\"@type\":\"ImageObject\",\"inLanguage\":\"es\",\"@id\":\"https:\\\/\\\/oroverde.gob.ar\\\/portal\\\/#\\\/schema\\\/logo\\\/image\\\/\",\"url\":\"https:\\\/\\\/oroverde.gob.ar\\\/portal\\\/wp-content\\\/uploads\\\/2024\\\/06\\\/cropped-cropped-logo-1.png\",\"contentUrl\":\"https:\\\/\\\/oroverde.gob.ar\\\/portal\\\/wp-content\\\/uploads\\\/2024\\\/06\\\/cropped-cropped-logo-1.png\",\"width\":1776,\"height\":738,\"caption\":\"Municipio de Oro Verde\"},\"image\":{\"@id\":\"https:\\\/\\\/oroverde.gob.ar\\\/portal\\\/#\\\/schema\\\/logo\\\/image\\\/\"}},{\"@type\":\"Person\",\"@id\":\"https:\\\/\\\/oroverde.gob.ar\\\/portal\\\/#\\\/schema\\\/person\\\/b975e0cbcd43b7dcf9c64511ec84f10f\",\"name\":\"Soledad\",\"image\":{\"@type\":\"ImageObject\",\"inLanguage\":\"es\",\"@id\":\"https:\\\/\\\/secure.gravatar.com\\\/avatar\\\/b2f5b6cda565395f31dc94c95932b9b3fbe6275bad58a1579843d3d1607d4a66?s=96&d=mm&r=g\",\"url\":\"https:\\\/\\\/secure.gravatar.com\\\/avatar\\\/b2f5b6cda565395f31dc94c95932b9b3fbe6275bad58a1579843d3d1607d4a66?s=96&d=mm&r=g\",\"contentUrl\":\"https:\\\/\\\/secure.gravatar.com\\\/avatar\\\/b2f5b6cda565395f31dc94c95932b9b3fbe6275bad58a1579843d3d1607d4a66?s=96&d=mm&r=g\",\"caption\":\"Soledad\"},\"url\":\"https:\\\/\\\/oroverde.gob.ar\\\/portal\\\/author\\\/soledad\\\/\"}]}<\/script>\n<!-- \/ Yoast SEO plugin. -->","yoast_head_json":{"title":"Entrega de semillas primavera- verano y taller pr\u00e1ctico de siembra y trasplante - Municipio de Oro Verde","robots":{"index":"index","follow":"follow","max-snippet":"max-snippet:-1","max-image-preview":"max-image-preview:large","max-video-preview":"max-video-preview:-1"},"canonical":"https:\/\/oroverde.gob.ar\/portal\/entrega-de-semillas-primavera-verano-y-taller-practico-de-siembra-y-trasplante\/","og_locale":"es_ES","og_type":"article","og_title":"Entrega de semillas primavera- verano y taller pr\u00e1ctico de siembra y trasplante - Municipio de Oro Verde","og_description":"El municipio realizar\u00e1 una nueva entrega de semillas de esta temporada el s\u00e1bado 12 de septiembre de 16 a 18 hs. Ser\u00e1 en el Centro Integrador Comunitario (Av. Los Cha\u00f1ares 397 ). Traer DNI o servicio que acredite domicilio en la localidad. En &hellip;","og_url":"https:\/\/oroverde.gob.ar\/portal\/entrega-de-semillas-primavera-verano-y-taller-practico-de-siembra-y-trasplante\/","og_site_name":"Municipio de Oro Verde","article_published_time":"2026-09-04T16:08:47+00:00","og_image":[{"width":1600,"height":1067,"url":"https:\/\/oroverde.gob.ar\/portal\/wp-content\/uploads\/2025\/04\/semillas-para-web.jpeg","type":"image\/jpeg"}],"author":"Soledad","twitter_card":"summary_large_image","twitter_misc":{"Escrito por":"Soledad","Tiempo de lectura":"1 minuto"},"schema":{"@context":"https:\/\/schema.org","@graph":[{"@type":"Article","@id":"https:\/\/oroverde.gob.ar\/portal\/entrega-de-semillas-primavera-verano-y-taller-practico-de-siembra-y-trasplante\/#article","isPartOf":{"@id":"https:\/\/oroverde.gob.ar\/portal\/entrega-de-semillas-primavera-verano-y-taller-practico-de-siembra-y-trasplante\/"},"author":{"name":"Soledad","@id":"https:\/\/oroverde.gob.ar\/portal\/#\/schema\/person\/b975e0cbcd43b7dcf9c64511ec84f10f"},"headline":"Entrega de semillas primavera- verano y taller pr\u00e1ctico de siembra y trasplante","datePublished":"2026-09-04T16:08:47+00:00","mainEntityOfPage":{"@id":"https:\/\/oroverde.gob.ar\/portal\/entrega-de-semillas-primavera-verano-y-taller-practico-de-siembra-y-trasplante\/"},"wordCount":120,"publisher":{"@id":"https:\/\/oroverde.gob.ar\/portal\/#organization"},"image":{"@id":"https:\/\/oroverde.gob.ar\/portal\/entrega-de-semillas-primavera-verano-y-taller-practico-de-siembra-y-trasplante\/#primaryimage"},"thumbnailUrl":"https:\/\/oroverde.gob.ar\/portal\/wp-content\/uploads\/2025\/04\/semillas-para-web.jpeg","articleSection":["Municipio"],"inLanguage":"es"},{"@type":"WebPage","@id":"https:\/\/oroverde.gob.ar\/portal\/entrega-de-semillas-primavera-verano-y-taller-practico-de-siembra-y-trasplante\/","url":"https:\/\/oroverde.gob.ar\/portal\/entrega-de-semillas-primavera-verano-y-taller-practico-de-siembra-y-trasplante\/","name":"Entrega de semillas primavera- verano y taller pr\u00e1ctico de siembra y trasplante - Municipio de Oro Verde","isPartOf":{"@id":"https:\/\/oroverde.gob.ar\/portal\/#website"},"primaryImageOfPage":{"@id":"https:\/\/oroverde.gob.ar\/portal\/entrega-de-semillas-primavera-verano-y-taller-practico-de-siembra-y-trasplante\/#primaryimage"},"image":{"@id":"https:\/\/oroverde.gob.ar\/portal\/entrega-de-semillas-primavera-verano-y-taller-practico-de-siembra-y-trasplante\/#primaryimage"},"thumbnailUrl":"https:\/\/oroverde.gob.ar\/portal\/wp-content\/uploads\/2025\/04\/semillas-para-web.jpeg","datePublished":"2026-09-04T16:08:47+00:00","breadcrumb":{"@id":"https:\/\/oroverde.gob.ar\/portal\/entrega-de-semillas-primavera-verano-y-taller-practico-de-siembra-y-trasplante\/#breadcrumb"},"inLanguage":"es","potentialAction":[{"@type":"ReadAction","target":["https:\/\/oroverde.gob.ar\/portal\/entrega-de-semillas-primavera-verano-y-taller-practico-de-siembra-y-trasplante\/"]}]},{"@type":"ImageObject","inLanguage":"es","@id":"https:\/\/oroverde.gob.ar\/portal\/entrega-de-semillas-primavera-verano-y-taller-practico-de-siembra-y-trasplante\/#primaryimage","url":"https:\/\/oroverde.gob.ar\/portal\/wp-content\/uploads\/2025\/04\/semillas-para-web.jpeg","contentUrl":"https:\/\/oroverde.gob.ar\/portal\/wp-content\/uploads\/2025\/04\/semillas-para-web.jpeg","width":1600,"height":1067},{"@type":"BreadcrumbList","@id":"https:\/\/oroverde.gob.ar\/portal\/entrega-de-semillas-primavera-verano-y-taller-practico-de-siembra-y-trasplante\/#breadcrumb","itemListElement":[{"@type":"ListItem","position":1,"name":"Portada","item":"https:\/\/oroverde.gob.ar\/portal\/"},{"@type":"ListItem","position":2,"name":"Entrega de semillas primavera- verano y taller pr\u00e1ctico de siembra y trasplante"}]},{"@type":"WebSite","@id":"https:\/\/oroverde.gob.ar\/portal\/#website","url":"https:\/\/oroverde.gob.ar\/portal\/","name":"Municipio de Oro Verde","description":"Web Oficial","publisher":{"@id":"https:\/\/oroverde.gob.ar\/portal\/#organization"},"potentialAction":[{"@type":"SearchAction","target":{"@type":"EntryPoint","urlTemplate":"https:\/\/oroverde.gob.ar\/portal\/?s={search_term_string}"},"query-input":{"@type":"PropertyValueSpecification","valueRequired":true,"valueName":"search_term_string"}}],"inLanguage":"es"},{"@type":"Organization","@id":"https:\/\/oroverde.gob.ar\/portal\/#organization","name":"Municipio de Oro Verde","url":"https:\/\/oroverde.gob.ar\/portal\/","logo":{"@type":"ImageObject","inLanguage":"es","@id":"https:\/\/oroverde.gob.ar\/portal\/#\/schema\/logo\/image\/","url":"https:\/\/oroverde.gob.ar\/portal\/wp-content\/uploads\/2024\/06\/cropped-cropped-logo-1.png","contentUrl":"https:\/\/oroverde.gob.ar\/portal\/wp-content\/uploads\/2024\/06\/cropped-cropped-logo-1.png","width":1776,"height":738,"caption":"Municipio de Oro Verde"},"image":{"@id":"https:\/\/oroverde.gob.ar\/portal\/#\/schema\/logo\/image\/"}},{"@type":"Person","@id":"https:\/\/oroverde.gob.ar\/portal\/#\/schema\/person\/b975e0cbcd43b7dcf9c64511ec84f10f","name":"Soledad","image":{"@type":"ImageObject","inLanguage":"es","@id":"https:\/\/secure.gravatar.com\/avatar\/b2f5b6cda565395f31dc94c95932b9b3fbe6275bad58a1579843d3d1607d4a66?s=96&d=mm&r=g","url":"https:\/\/secure.gravatar.com\/avatar\/b2f5b6cda565395f31dc94c95932b9b3fbe6275bad58a1579843d3d1607d4a66?s=96&d=mm&r=g","contentUrl":"https:\/\/secure.gravatar.com\/avatar\/b2f5b6cda565395f31dc94c95932b9b3fbe6275bad58a1579843d3d1607d4a66?s=96&d=mm&r=g","caption":"Soledad"},"url":"https:\/\/oroverde.gob.ar\/portal\/author\/soledad\/"}]}},"_links":{"self":[{"href":"https:\/\/oroverde.gob.ar\/portal\/wp-json\/wp\/v2\/posts\/9507","targetHints":{"allow":["GET"]}}],"collection":[{"href":"https:\/\/oroverde.gob.ar\/portal\/wp-json\/wp\/v2\/posts"}],"about":[{"href":"https:\/\/oroverde.gob.ar\/portal\/wp-json\/wp\/v2\/types\/post"}],"author":[{"embeddable":true,"href":"https:\/\/oroverde.gob.ar\/portal\/wp-json\/wp\/v2\/users\/3"}],"replies":[{"embeddable":true,"href":"https:\/\/oroverde.gob.ar\/portal\/wp-json\/wp\/v2\/comments?post=9507"}],"version-history":[{"count":1,"href":"https:\/\/oroverde.gob.ar\/portal\/wp-json\/wp\/v2\/posts\/9507\/revisions"}],"predecessor-version":[{"id":9508,"href":"https:\/\/oroverde.gob.ar\/portal\/wp-json\/wp\/v2\/posts\/9507\/revisions\/9508"}],"wp:featuredmedia":[{"embeddable":true,"href":"https:\/\/oroverde.gob.ar\/portal\/wp-json\/wp\/v2\/media\/5761"}],"wp:attachment":[{"href":"https:\/\/oroverde.gob.ar\/portal\/wp-json\/wp\/v2\/media?parent=9507"}],"wp:term":[{"taxonomy":"category","embeddable":true,"href":"https:\/\/oroverde.gob.ar\/portal\/wp-json\/wp\/v2\/categories?post=9507"},{"taxonomy":"post_tag","embeddable":true,"href":"https:\/\/oroverde.gob.ar\/portal\/wp-json\/wp\/v2\/tags?post=9507"}],"curies":[{"name":"wp","href":"https:\/\/api.w.org\/{rel}","templated":true}]}}